{"id":87444,"date":"2025-12-27T13:37:09","date_gmt":"2025-12-27T13:37:09","guid":{"rendered":"https:\/\/www.europesays.com\/lv\/87444\/"},"modified":"2025-12-27T13:37:09","modified_gmt":"2025-12-27T13:37:09","slug":"irana-iebilst-pret-lgbtq-atbalstu-2026-gada-pasaules-kausa-spele-pret-egipti-lente-lv","status":"publish","type":"post","link":"https:\/\/www.europesays.com\/lv\/87444\/","title":{"rendered":"Ir\u0101na iebilst pret LGBTQ+ atbalstu 2026. gada Pasaules kausa sp\u0113l\u0113 pret \u0112\u0123ipti\u00a0\u2014\u00a0Lente.lv"},"content":{"rendered":"<p>S\u0101kas skand\u0101ls pirms 2026. gada Pasaules kausa<\/p>\n<p>Ir\u0101nas Futbola feder\u0101cija ir pazi\u0146ojusi par stingru nost\u0101ju pret jebk\u0101du LGBTQ+ kopienas atbalsta pau\u0161anu gaid\u0101maj\u0101 2026. gada Pasaules kausa fin\u0101lturn\u012br\u0101. Feder\u0101cijas prezidents Mehd\u012b Tad\u017es ir ap\u0146\u0113m\u012bbas pilns nepie\u013caut, ka Ir\u0101nas un \u0112\u0123iptes v\u012brie\u0161u futbola izla\u0161u sp\u0113l\u0113, kas paredz\u0113ta Sietl\u0101, tiktu izmantoti simboli vai notiktu pas\u0101kumi, kas demonstr\u0113tu atbalstu \u0161ai kopienai. K\u0101 inform\u0113 port\u0101ls jauns.lv, Tad\u017es uzsv\u0113ris, ka Ir\u0101na ir stingri pret \u0161\u0101d\u0101m aktivit\u0101t\u0113m, nod\u0113v\u0113jot t\u0101s par &#8220;nesapr\u0101t\u012bgu un nelo\u0123isku soli, kas signaliz\u0113 atbalstu noteiktai grupai&#8221; .<\/p>\n<p>\u0112\u0123ipte pievienojas iebildumiem<\/p>\n<p>Iebildumus pret pl\u0101noto &#8220;praida sp\u0113li&#8221; izteikusi ar\u012b \u0112\u0123iptes Futbola asoci\u0101cija (EFA). EFA nos\u016bt\u012bjusi ofici\u0101lu v\u0113stuli Starptautiskajai Futbola feder\u0101ciju asoci\u0101cijai (FIFA), pau\u017eot kategorisku noraid\u012bjumu jebk\u0101d\u0101m ar LGBTQ+ atbalstu saist\u012bt\u0101m aktivit\u0101t\u0113m sp\u0113les laik\u0101 . V\u0113stul\u0113 nor\u0101d\u012bts, ka \u0161\u0101di pas\u0101kumi ir tie\u0161\u0101 pretrun\u0101 ar &#8220;kultur\u0101laj\u0101m, reli\u0123iskaj\u0101m un soci\u0101laj\u0101m v\u0113rt\u012bb\u0101m&#8221;, kas valda ar\u0101bu un isl\u0101ma sabiedr\u012bb\u0101s, un ka sp\u0113lei j\u0101norit atmosf\u0113r\u0101, kas v\u0113rsta tikai uz sportu . EFA ar\u012b atsaukusies uz FIFA stat\u016btiem, kas uzsver neitralit\u0101ti politiskos un soci\u0101los jaut\u0101jumos.<\/p>\n<p>Sietlas organiz\u0113t\u0101ju nost\u0101ja<\/p>\n<p>Neskatoties uz Ir\u0101nas un \u0112\u0123iptes iebildumiem, Sietlas Pasaules kausa organiz\u0101cijas komiteja ir pazi\u0146ojusi, ka pl\u0101notie pas\u0101kumi, kas velt\u012bti LGBTQ+ kopienai, notiks k\u0101 paredz\u0113ts. Vi\u0146u loma ir sagatavot pils\u0113tu sp\u0113\u013cu uz\u0146em\u0161anai un nodro\u0161in\u0101t pieredzi \u0101rpus stadiona . Organizatori uzsver, ka pas\u0101kumi tika pl\u0101noti pirms izlozes un tie atspogu\u013co Sietlas kult\u016bru un v\u0113rt\u012bbas. Lai gan FIFA tie\u0161i neiesaist\u0101s \u0161o pas\u0101kumu organiz\u0113\u0161an\u0101, t\u0101 ir ap\u0146\u0113musies nodro\u0161in\u0101t, ka varav\u012bksnes karogi tiks at\u013cauti stadiona teritorij\u0101, atbilsto\u0161i politikai, kas \u013cauj izmantot &#8220;sporta un soci\u0101los simbolus&#8221; .<\/p>\n<p>Likumdo\u0161ana un sodi<\/p>\n<p>Situ\u0101cija ir \u012bpa\u0161i j\u016bt\u012bga, \u0146emot v\u0113r\u0101 likumdo\u0161anu ab\u0101s iesaist\u012btaj\u0101s valst\u012bs. Ir\u0101n\u0101 homoseksu\u0101las attiec\u012bbas ir neleg\u0101las un var tikt sod\u012btas ar n\u0101vi . \u0112\u0123ipt\u0113 homoseksualit\u0101te nav tie\u0161i aizliegta, ta\u010du LGBTQ+ personas bie\u017ei tiek sauktas pie atbild\u012bbas saska\u0146\u0101 ar likumiem par &#8220;sabiedrisk\u0101s tikum\u012bbas&#8221; p\u0101rk\u0101p\u0161anu . Ir\u0101nas Futbola feder\u0101cijas prezidents Mehd\u012b Tad\u017es ar\u012b nor\u0101d\u012bjis, ka sp\u0113les datums, 26. j\u016bnijs, sakr\u012bt ar isl\u0101mu svar\u012bgu sv\u0113tku &#8220;Muharram&#8221; laiku, kas v\u0113l vair\u0101k pastiprina Ir\u0101nas nev\u0113l\u0113\u0161anos piedal\u012bties &#8220;varav\u012bksnes kr\u0101su&#8221; pas\u0101kumos .<\/p>\n<p>FIFA un iepriek\u0161\u0113j\u0101 pieredze<\/p>\n<p>\u0160\u012b nav pirm\u0101 reize, kad FIFA saskaras ar l\u012bdz\u012bg\u0101m probl\u0113m\u0101m saist\u012bb\u0101 ar LGBTQ+ ties\u012bb\u0101m Pasaules kausa izc\u012b\u0146\u0101. 2022. gad\u0101 Katar\u0101 FIFA br\u012bdin\u0101ja par dzelteno kart\u012b\u0161u pie\u0161\u0137ir\u0161anu sp\u0113l\u0113t\u0101jiem, kuri valk\u0101tu &#8220;OneLove&#8221; aps\u0113jus LGBTQ+ atbalstam . \u0160\u012b nost\u0101ja izrais\u012bja kritiku par dubultstandartiem, sal\u012bdzinot ar to, k\u0101 tika piepras\u012bta &#8220;kult\u016bras respekt\u0113\u0161ana&#8221; Katar\u0101, savuk\u0101rt tagad tiek aicin\u0101ts &#8220;respekt\u0113t Sietlas kult\u016bru&#8221; . Tiek prognoz\u0113ts, ka 2026. gada Pasaules kauss, kas norisin\u0101sies ASV, Kan\u0101d\u0101 un Meksik\u0101, b\u016bs noz\u012bm\u012bgs notikums, lai veicin\u0101tu iek\u013caujo\u0161u v\u0113st\u012bjumu glob\u0101l\u0101 m\u0113rog\u0101 .<\/p>\n","protected":false},"excerpt":{"rendered":"S\u0101kas skand\u0101ls pirms 2026. gada Pasaules kausa Ir\u0101nas Futbola feder\u0101cija ir pazi\u0146ojusi par stingru nost\u0101ju pret jebk\u0101du LGBTQ+&hellip;\n","protected":false},"author":2,"featured_media":87445,"comment_status":"","ping_status":"","sticky":false,"template":"","format":"standard","meta":{"footnotes":""},"categories":[17],"tags":[11476,2684,2562,35,39,38,36,37,34,21797,40,22245,67],"class_list":{"0":"post-87444","1":"post","2":"type-post","3":"status-publish","4":"format-standard","5":"has-post-thumbnail","7":"category-sports","8":"tag-egipte","9":"tag-fifa","10":"tag-irana","11":"tag-latvia","12":"tag-latvian","13":"tag-latviesu","14":"tag-latviesu-valoda","15":"tag-latviesuvaloda","16":"tag-latvija","17":"tag-lgbtq","18":"tag-lv","19":"tag-pasaules-kauss-futbola-2026","20":"tag-sports"},"share_on_mastodon":{"url":"https:\/\/pubeurope.com\/@lv\/115791806060788218","error":""},"_links":{"self":[{"href":"https:\/\/www.europesays.com\/lv\/wp-json\/wp\/v2\/posts\/87444","targetHints":{"allow":["GET"]}}],"collection":[{"href":"https:\/\/www.europesays.com\/lv\/wp-json\/wp\/v2\/posts"}],"about":[{"href":"https:\/\/www.europesays.com\/lv\/wp-json\/wp\/v2\/types\/post"}],"author":[{"embeddable":true,"href":"https:\/\/www.europesays.com\/lv\/wp-json\/wp\/v2\/users\/2"}],"replies":[{"embeddable":true,"href":"https:\/\/www.europesays.com\/lv\/wp-json\/wp\/v2\/comments?post=87444"}],"version-history":[{"count":0,"href":"https:\/\/www.europesays.com\/lv\/wp-json\/wp\/v2\/posts\/87444\/revisions"}],"wp:featuredmedia":[{"embeddable":true,"href":"https:\/\/www.europesays.com\/lv\/wp-json\/wp\/v2\/media\/87445"}],"wp:attachment":[{"href":"https:\/\/www.europesays.com\/lv\/wp-json\/wp\/v2\/media?parent=87444"}],"wp:term":[{"taxonomy":"category","embeddable":true,"href":"https:\/\/www.europesays.com\/lv\/wp-json\/wp\/v2\/categories?post=87444"},{"taxonomy":"post_tag","embeddable":true,"href":"https:\/\/www.europesays.com\/lv\/wp-json\/wp\/v2\/tags?post=87444"}],"curies":[{"name":"wp","href":"https:\/\/api.w.org\/{rel}","templated":true}]}}