{"id":87456,"date":"2025-12-27T13:49:07","date_gmt":"2025-12-27T13:49:07","guid":{"rendered":"https:\/\/www.europesays.com\/lv\/87456\/"},"modified":"2025-12-27T13:49:07","modified_gmt":"2025-12-27T13:49:07","slug":"maroka-un-egipte-spozi-mirdz-fanu-zonas-rosas-lente-lv","status":"publish","type":"post","link":"https:\/\/www.europesays.com\/lv\/87456\/","title":{"rendered":"Maroka un \u0112\u0123ipte spo\u017ei mirdz, fanu zonas ros\u0101s\u00a0\u2014\u00a0Lente.lv"},"content":{"rendered":"<p>Futbola kaisl\u012bbas un ros\u012bga atmosf\u0113ra Marok\u0101<\/p>\n<p>2025. gada \u0100frikas N\u0101ciju kausa (AFCON) spraigums pieaug, un kaisl\u012bbu piln\u0101 atmosf\u0113ra dzen turn\u012bru uz priek\u0161u. A un B grupas vakar ats\u0101ka c\u012b\u0146as otr\u0101s k\u0101rtas pirmaj\u0101 dien\u0101, piedaloties ar\u012b m\u0101jiniecei Marokai. K\u0101 inform\u0113 telekan\u0101ls EuroNews, atmosf\u0113ra Karalisk\u0101s Air Maroc kult\u016bras aktiviz\u0101cijas pas\u0101kum\u0101 Rabatas fanu zon\u0101 lieliski atspogu\u013coja 2025. gada AFCON garu, apvienojot futbolu, kult\u016bru un l\u012bdzjut\u0113ju iesaisti Marokas galvaspils\u0113t\u0101. Fanu zona ar interakt\u012bv\u0101m sp\u0113l\u0113m un tie\u0161raid\u0113m k\u013cuvusi par ener\u0123ijas centru, atspogu\u013cojot pieaugo\u0161o a\u017eiot\u0101\u017eu ap turn\u012bru.<\/p>\n<p>Grupu sp\u0113\u013cu rezult\u0101ti un p\u0101rsteigumi<\/p>\n<p>Futbola laukum\u0101 A un B grupas ats\u0101ka sp\u0113les otr\u0101s k\u0101rtas otraj\u0101 dien\u0101, galvenajai uzman\u012bbai piev\u0113r\u0161oties m\u0101jiniecei Marokai. A grupas sp\u0113l\u0113 Rabata notika saspringts neiz\u0161\u0137irts starp Maroku un Mali, kur\u0101 VAR l\u0113mumi izr\u0101d\u012bj\u0101s iz\u0161\u0137iro\u0161i, ab\u0101m komand\u0101m realiz\u0113jot 11 metru sitienus. Mali v\u0113lais izr\u0101viens saglab\u0101 vi\u0146u cer\u012bbas uz izsl\u0113g\u0161anas sp\u0113l\u0113m, savuk\u0101rt Maroka joproj\u0101m ir lab\u0101 poz\u012bcij\u0101 pirms iz\u0161\u0137iro\u0161\u0101s grupas sp\u0113les pret Zambiju pirmdien. Iepriek\u0161 B grup\u0101 Agadiras pils\u0113t\u0101 notika iespaid\u012bga sp\u0113le. \u0112\u0123iptes zvaigzne Mohameds Salahs pirm\u0101 puslaika s\u0101kum\u0101 realiz\u0113ja 11 metru sitienu, ta\u010du v\u0113l\u0101k \u0113\u0123iptie\u0161i palika desmit v\u012bru sast\u0101v\u0101. Neskatoties uz Dienvid\u0101frikas past\u0101v\u012bgo spiedienu, \u0112\u0123ipte notur\u0113j\u0101s un izc\u012bn\u012bja minim\u0101lu 1:0 uzvaru, k\u013c\u016bstot par pirmo komandu, kas nodro\u0161in\u0101jusi vietu AFCON 2025 izsl\u0113g\u0161anas sp\u0113l\u0113s.<\/p>\n<p>Fanu zonas un pils\u0113tas pieredze<\/p>\n<p>\u0100rpus stadionu robe\u017e\u0101m AFCON 2025 turpina plaukt vis\u0101 Rabatas pils\u0113t\u0101. Fani bauda mini futbola sp\u0113les, interakt\u012bvas izaicin\u0101jumus un dz\u012bv\u0101s izklaides, kas godina gan sportu, gan Marokas kult\u016bru. S\u0101kot ar fanu zonu un beidzot ar Atlantijas Korni\u0161a promen\u0101di, pils\u0113tas modernie transporta savienojumi un publisk\u0101s telpas sp\u0113l\u0113 noz\u012bm\u012bgu lomu turn\u012bra pieredzes veido\u0161an\u0101.<\/p>\n","protected":false},"excerpt":{"rendered":"Futbola kaisl\u012bbas un ros\u012bga atmosf\u0113ra Marok\u0101 2025. gada \u0100frikas N\u0101ciju kausa (AFCON) spraigums pieaug, un kaisl\u012bbu piln\u0101 atmosf\u0113ra&hellip;\n","protected":false},"author":2,"featured_media":87457,"comment_status":"","ping_status":"","sticky":false,"template":"","format":"standard","meta":{"footnotes":""},"categories":[17],"tags":[20626,20628,22250,22251,35,39,38,36,37,34,40,22249,67],"class_list":{"0":"post-87456","1":"post","2":"type-post","3":"status-publish","4":"format-standard","5":"has-post-thumbnail","7":"category-sports","8":"tag-afcon-2025","9":"tag-afrikas-naciju-kauss","10":"tag-egiptes-izlase","11":"tag-fanzones","12":"tag-latvia","13":"tag-latvian","14":"tag-latviesu","15":"tag-latviesu-valoda","16":"tag-latviesuvaloda","17":"tag-latvija","18":"tag-lv","19":"tag-marokas-futbols","20":"tag-sports"},"share_on_mastodon":{"url":"https:\/\/pubeurope.com\/@lv\/115791853200910452","error":""},"_links":{"self":[{"href":"https:\/\/www.europesays.com\/lv\/wp-json\/wp\/v2\/posts\/87456","targetHints":{"allow":["GET"]}}],"collection":[{"href":"https:\/\/www.europesays.com\/lv\/wp-json\/wp\/v2\/posts"}],"about":[{"href":"https:\/\/www.europesays.com\/lv\/wp-json\/wp\/v2\/types\/post"}],"author":[{"embeddable":true,"href":"https:\/\/www.europesays.com\/lv\/wp-json\/wp\/v2\/users\/2"}],"replies":[{"embeddable":true,"href":"https:\/\/www.europesays.com\/lv\/wp-json\/wp\/v2\/comments?post=87456"}],"version-history":[{"count":0,"href":"https:\/\/www.europesays.com\/lv\/wp-json\/wp\/v2\/posts\/87456\/revisions"}],"wp:featuredmedia":[{"embeddable":true,"href":"https:\/\/www.europesays.com\/lv\/wp-json\/wp\/v2\/media\/87457"}],"wp:attachment":[{"href":"https:\/\/www.europesays.com\/lv\/wp-json\/wp\/v2\/media?parent=87456"}],"wp:term":[{"taxonomy":"category","embeddable":true,"href":"https:\/\/www.europesays.com\/lv\/wp-json\/wp\/v2\/categories?post=87456"},{"taxonomy":"post_tag","embeddable":true,"href":"https:\/\/www.europesays.com\/lv\/wp-json\/wp\/v2\/tags?post=87456"}],"curies":[{"name":"wp","href":"https:\/\/api.w.org\/{rel}","templated":true}]}}