{"id":87469,"date":"2025-12-27T14:03:07","date_gmt":"2025-12-27T14:03:07","guid":{"rendered":"https:\/\/www.europesays.com\/lv\/87469\/"},"modified":"2025-12-27T14:03:07","modified_gmt":"2025-12-27T14:03:07","slug":"turcija-aiztureti-vairak-neka-100-islama-valsts-dalibnieku-kas-planojusi-ziemassvetku-uzbrukumus-lente-lv","status":"publish","type":"post","link":"https:\/\/www.europesays.com\/lv\/87469\/","title":{"rendered":"Turcij\u0101 aiztur\u0113ti vair\u0101k nek\u0101 100 &#8220;Isl\u0101ma valsts&#8221; dal\u012bbnieku, kas pl\u0101noju\u0161i Ziemassv\u0113tku uzbrukumus\u00a0\u2014\u00a0Lente.lv"},"content":{"rendered":"<p>Dro\u0161\u012bbas oper\u0101cija Stambul\u0101 nov\u0113r\u0161 Ziemassv\u0113tku uzbrukumus<\/p>\n<p>Turcijas liel\u0101kaj\u0101 pils\u0113t\u0101 Stambul\u0101 notiku\u0161as pla\u0161a m\u0113roga policijas oper\u0101cijas, kuru rezult\u0101t\u0101 aiztur\u0113ti vair\u0101k nek\u0101 100 teroristisk\u0101 grup\u0113juma &#8220;Isl\u0101ma valsts&#8221; (ISIS) dal\u012bbnieki. K\u0101 inform\u0113 port\u0101ls NRA, aiztur\u0113tie tiek tur\u0113ti aizdom\u0101s par pl\u0101notiem uzbrukumiem sv\u0113tku laik\u0101, \u012bpa\u0161i pret nemusulma\u0146iem. Kopum\u0101 bija izdots r\u012bkojums par 137 aizdom\u0101s tur\u0113to personu apcietin\u0101\u0161anu, no kur\u0101m 115 tika aiztur\u0113tas. Oper\u0101cijas laik\u0101 tika konfisc\u0113ti ar\u012b vair\u0101ki \u0161aujamiero\u010di, mun\u012bcija un organizatoriskie dokumenti. V\u0113l tiek mekl\u0113ti 22 aizdom\u0101s tur\u0113tie.<\/p>\n<p>Izl\u016bkdati nor\u0101da uz pl\u0101notiem uzbrukumiem sv\u0113tku laik\u0101<\/p>\n<p>Saska\u0146\u0101 ar Stambulas galven\u0101s prokurat\u016bras pazi\u0146ojumu, policija sa\u0146\u0113musi inform\u0101ciju, ka &#8220;Isl\u0101ma valsts&#8221; bija aicin\u0101jusi uz darb\u012bb\u0101m un pl\u0101nojusi uzbrukumus valst\u012b, \u012bpa\u0161i v\u0113rstus pret nemusulma\u0146iem Ziemassv\u0113tku un Jaungada svin\u012bbu laik\u0101. \u0160\u012b inform\u0101cija liecina par grup\u0113juma gatav\u012bbu veikt terora aktus gan Turcij\u0101, gan potenci\u0101li ar\u012b citviet. Aiztur\u0113tie tiek uzskat\u012bti par saist\u012btiem ar &#8220;Isl\u0101ma valsts&#8221; operacion\u0101lajiem t\u012bkliem \u0101rpus valsts un ar konfliktu zon\u0101m.<\/p>\n<p>Pla\u0161\u0101ka konteksta inform\u0101cija par &#8220;Isl\u0101ma valsts&#8221; darb\u012bb\u0101m<\/p>\n<p>\u0160\u012b aiztur\u0113\u0161anas kampa\u0146a notiek laik\u0101, kad tiek nov\u0113rots pieaugo\u0161s spiediens uz &#8220;Isl\u0101ma valsti&#8221; re\u0123ion\u0101. Da\u017eas dienas pirms \u0161\u012bs oper\u0101cijas Turcijas izl\u016bkdienests veica slepenu oper\u0101ciju uz Afganist\u0101nas un Pakist\u0101nas robe\u017eas, kur aiztur\u0113ja Turcijas pilsoni, kas tiek uzskat\u012bts par augsta ranga &#8220;Isl\u0101ma valsts&#8221; dal\u012bbnieku. &#8220;Isl\u0101ma valsts&#8221;, kas savulaik kontrol\u0113ja iev\u0113rojamas teritorijas S\u012brij\u0101 un Ir\u0101k\u0101, turpina veikt uzbrukumus da\u017e\u0101d\u0101s pasaules valst\u012bs, neskatoties uz zaud\u0113taj\u0101m teritorij\u0101m. T\u0101s brutalit\u0101te un ekstremistisk\u0101 ideolo\u0123ija ir rad\u012bjusi ba\u017eas starptautiskajai sabiedr\u012bbai jau gadiem ilgi.<\/p>\n<p>Turcija \u2013 svar\u012bgs sp\u0113l\u0113t\u0101js terorisma apkaro\u0161an\u0101<\/p>\n<p>Turcija, kas ir NATO dal\u012bbvalsts un robe\u017eojas ar S\u012briju, kur &#8220;Isl\u0101ma valsts&#8221; atliekas joproj\u0101m ir akt\u012bvas, ir iesaist\u012bta vair\u0101k\u0101s pretterorisma oper\u0101cij\u0101s. Valsts regul\u0101ri veic pas\u0101kumus pret aizdom\u0101s tur\u0113tajiem &#8220;Isl\u0101ma valsts&#8221; dal\u012bbniekiem. Pag\u0101tn\u0113 &#8220;Isl\u0101ma valsts&#8221; ir sar\u012bkojusi vair\u0101kus asi\u0146ainus uzbrukumus Turcijas teritorij\u0101, tostarp uzbrukumus sv\u0113tku laik\u0101, kas padara \u0161\u012bs aiztur\u0113\u0161anas \u012bpa\u0161i noz\u012bm\u012bgas sabiedr\u012bbas dro\u0161\u012bbas nodro\u0161in\u0101\u0161an\u0101 pirms gaid\u0101majiem sv\u0113tkiem.<\/p>\n","protected":false},"excerpt":{"rendered":"Dro\u0161\u012bbas oper\u0101cija Stambul\u0101 nov\u0113r\u0161 Ziemassv\u0113tku uzbrukumus Turcijas liel\u0101kaj\u0101 pils\u0113t\u0101 Stambul\u0101 notiku\u0161as pla\u0161a m\u0113roga policijas oper\u0101cijas, kuru rezult\u0101t\u0101 aiztur\u0113ti&hellip;\n","protected":false},"author":2,"featured_media":87470,"comment_status":"","ping_status":"","sticky":false,"template":"","format":"standard","meta":{"footnotes":""},"categories":[14],"tags":[877,23,57,28,29,32,33,22,18712,30,31,35,39,38,36,37,34,40,20,26,27,4282,24,25,2380,54,55,56,9687,21,58],"class_list":{"0":"post-87469","1":"post","2":"type-post","3":"status-publish","4":"format-standard","5":"has-post-thumbnail","7":"category-zinas-no-arvalstim","8":"tag-aizturesana","9":"tag-aktualitates","10":"tag-arvalstim","11":"tag-breaking-news","12":"tag-breakingnews","13":"tag-featured-news","14":"tag-featurednews","15":"tag-headlines","16":"tag-islama-valsts","17":"tag-latest-news","18":"tag-latestnews","19":"tag-latvia","20":"tag-latvian","21":"tag-latviesu","22":"tag-latviesu-valoda","23":"tag-latviesuvaloda","24":"tag-latvija","25":"tag-lv","26":"tag-news","27":"tag-popularakas-zinas","28":"tag-popularakaszinas","29":"tag-terorisms","30":"tag-top-stories","31":"tag-topstories","32":"tag-turcija","33":"tag-world","34":"tag-world-news","35":"tag-worldnews","36":"tag-ziemassvetki","37":"tag-zinas","38":"tag-zinas-no-arvalstim"},"share_on_mastodon":{"url":"","error":"Validation failed: Text character limit of 500 exceeded"},"_links":{"self":[{"href":"https:\/\/www.europesays.com\/lv\/wp-json\/wp\/v2\/posts\/87469","targetHints":{"allow":["GET"]}}],"collection":[{"href":"https:\/\/www.europesays.com\/lv\/wp-json\/wp\/v2\/posts"}],"about":[{"href":"https:\/\/www.europesays.com\/lv\/wp-json\/wp\/v2\/types\/post"}],"author":[{"embeddable":true,"href":"https:\/\/www.europesays.com\/lv\/wp-json\/wp\/v2\/users\/2"}],"replies":[{"embeddable":true,"href":"https:\/\/www.europesays.com\/lv\/wp-json\/wp\/v2\/comments?post=87469"}],"version-history":[{"count":0,"href":"https:\/\/www.europesays.com\/lv\/wp-json\/wp\/v2\/posts\/87469\/revisions"}],"wp:featuredmedia":[{"embeddable":true,"href":"https:\/\/www.europesays.com\/lv\/wp-json\/wp\/v2\/media\/87470"}],"wp:attachment":[{"href":"https:\/\/www.europesays.com\/lv\/wp-json\/wp\/v2\/media?parent=87469"}],"wp:term":[{"taxonomy":"category","embeddable":true,"href":"https:\/\/www.europesays.com\/lv\/wp-json\/wp\/v2\/categories?post=87469"},{"taxonomy":"post_tag","embeddable":true,"href":"https:\/\/www.europesays.com\/lv\/wp-json\/wp\/v2\/tags?post=87469"}],"curies":[{"name":"wp","href":"https:\/\/api.w.org\/{rel}","templated":true}]}}