{"id":87471,"date":"2025-12-27T14:05:05","date_gmt":"2025-12-27T14:05:05","guid":{"rendered":"https:\/\/www.europesays.com\/lv\/87471\/"},"modified":"2025-12-27T14:05:05","modified_gmt":"2025-12-27T14:05:05","slug":"latvijas-u-20-hokejistu-pirma-pretiniece-kanada-rezultativa-maca-uzveic-cehiju","status":"publish","type":"post","link":"https:\/\/www.europesays.com\/lv\/87471\/","title":{"rendered":"Latvijas U-20 hokejistu pirm\u0101 pretiniece Kan\u0101da rezultat\u012bv\u0101 ma\u010d\u0101 uzveic \u010cehiju"},"content":{"rendered":"<p>Tikm\u0113r A apak\u0161grup\u0101 ASV ar 6:3 (3:1, 3:2, 0:0) p\u0101rsp\u0113ja V\u0101ciju.<\/p>\n<p>Amerik\u0101\u0146iem ar diviem g\u016btiem v\u0101rtiem un rezultat\u012bvu piesp\u0113li izc\u0113l\u0101s Vils Zellers, bet pa reizei pretiniekus p\u0101rsp\u0113ja Vils Horkofs, \u010ceiss R\u012bds, Makss Pl\u0101nts un Kols Eizermans.<\/p>\n<p>V\u0101cijas izlas\u0113 v\u0101rtus guva Timo Koze, Simons Zaidls un Lenijs Boss.<\/p>\n<p>Zviedrijas U-20 izlase A grupas ma\u010d\u0101 ar 3:2 (0:0, 2:1, 1:1) pieveica Slov\u0101kijas vienaud\u017eus.<\/p>\n<p>V\u0101rtus uzvar\u0113t\u0101jiem guva Antons Frondels, Viktors \u0112klunds un Ivars St\u0113nbergs, bet slov\u0101ku rind\u0101s prec\u012bzi bija Tom\u0101\u0161s Pobe\u017eals un Tobiass Tom\u012bks.<\/p>\n<p>Sestdien \u0161aj\u0101 grup\u0101 pirmo ma\u010du aizvad\u012bs ar\u012b \u0160veice.<\/p>\n<p>Tikm\u0113r B grupas pirmaj\u0101 sp\u0113l\u0113 somi ar 6:2 (3:1, 3:0, 0:1) pieveica D\u0101nijas jaunos hokejistus.<\/p>\n<p>Somijas izlas\u0113 ar diviem tr\u0101p\u012bgiem metieniem izc\u0113l\u0101s Rope Vesterinens, bet pa vieniem v\u0101rtiem guva Onni Kalto, Olivers Suvanto, \u0100toss Koivu un J\u016bna S\u0101relainens. D\u0101\u0146u rind\u0101s prec\u012bzi bija Viljams Bundgords un Antons Linde.<\/p>\n<p>\u010cetras lab\u0101k\u0101s katras grupas komandas iek\u013c\u016bs ceturtda\u013cfin\u0101l\u0101, bet piekt\u0101s vietas ieguv\u0113jas aizvad\u012bs sp\u0113li par vietas saglab\u0101\u0161anu sp\u0113c\u012bg\u0101kaj\u0101 div\u012bzij\u0101.<\/p>\n<p>Pag\u0101ju\u0161aj\u0101 gad\u0101 par \u010dempioniem otro gadu p\u0113c k\u0101rtas k\u013cuva ASV jaunie hokejisti, kuri fin\u0101l\u0101 ar 4:3 papildlaik\u0101 pieveica Somijas U-20 izlasi.<\/p>\n","protected":false},"excerpt":{"rendered":"Tikm\u0113r A apak\u0161grup\u0101 ASV ar 6:3 (3:1, 3:2, 0:0) p\u0101rsp\u0113ja V\u0101ciju. Amerik\u0101\u0146iem ar diviem g\u016btiem v\u0101rtiem un rezultat\u012bvu&hellip;\n","protected":false},"author":2,"featured_media":87472,"comment_status":"","ping_status":"","sticky":false,"template":"","format":"standard","meta":{"footnotes":""},"categories":[5],"tags":[23,28,29,32,33,22,836,394,721,30,31,35,39,38,36,37,34,11943,40,20,26,27,24,25,21],"class_list":{"0":"post-87471","1":"post","2":"type-post","3":"status-publish","4":"format-standard","5":"has-post-thumbnail","7":"category-aktualitates","8":"tag-aktualitates","9":"tag-breaking-news","10":"tag-breakingnews","11":"tag-featured-news","12":"tag-featurednews","13":"tag-headlines","14":"tag-hokeja-jaunumi","15":"tag-hokejs","16":"tag-hokejs-pasaule","17":"tag-latest-news","18":"tag-latestnews","19":"tag-latvia","20":"tag-latvian","21":"tag-latviesu","22":"tag-latviesu-valoda","23":"tag-latviesuvaloda","24":"tag-latvija","25":"tag-latvijas-u-20-hokeja-izlase","26":"tag-lv","27":"tag-news","28":"tag-popularakas-zinas","29":"tag-popularakaszinas","30":"tag-top-stories","31":"tag-topstories","32":"tag-zinas"},"share_on_mastodon":{"url":"https:\/\/pubeurope.com\/@lv\/115791916270317060","error":""},"_links":{"self":[{"href":"https:\/\/www.europesays.com\/lv\/wp-json\/wp\/v2\/posts\/87471","targetHints":{"allow":["GET"]}}],"collection":[{"href":"https:\/\/www.europesays.com\/lv\/wp-json\/wp\/v2\/posts"}],"about":[{"href":"https:\/\/www.europesays.com\/lv\/wp-json\/wp\/v2\/types\/post"}],"author":[{"embeddable":true,"href":"https:\/\/www.europesays.com\/lv\/wp-json\/wp\/v2\/users\/2"}],"replies":[{"embeddable":true,"href":"https:\/\/www.europesays.com\/lv\/wp-json\/wp\/v2\/comments?post=87471"}],"version-history":[{"count":0,"href":"https:\/\/www.europesays.com\/lv\/wp-json\/wp\/v2\/posts\/87471\/revisions"}],"wp:featuredmedia":[{"embeddable":true,"href":"https:\/\/www.europesays.com\/lv\/wp-json\/wp\/v2\/media\/87472"}],"wp:attachment":[{"href":"https:\/\/www.europesays.com\/lv\/wp-json\/wp\/v2\/media?parent=87471"}],"wp:term":[{"taxonomy":"category","embeddable":true,"href":"https:\/\/www.europesays.com\/lv\/wp-json\/wp\/v2\/categories?post=87471"},{"taxonomy":"post_tag","embeddable":true,"href":"https:\/\/www.europesays.com\/lv\/wp-json\/wp\/v2\/tags?post=87471"}],"curies":[{"name":"wp","href":"https:\/\/api.w.org\/{rel}","templated":true}]}}