{"id":87557,"date":"2025-12-27T16:22:24","date_gmt":"2025-12-27T16:22:24","guid":{"rendered":"https:\/\/www.europesays.com\/lv\/87557\/"},"modified":"2025-12-27T16:22:24","modified_gmt":"2025-12-27T16:22:24","slug":"vac-parakstus-par-lr4-apraides-saglabasanu-fm-frekvences","status":"publish","type":"post","link":"https:\/\/www.europesays.com\/lv\/87557\/","title":{"rendered":"V\u0101c parakstus par LR4 apraides saglab\u0101\u0161anu FM frekvenc\u0113s"},"content":{"rendered":"<p>Sabiedr\u012bbas iniciat\u012bvu port\u0101l\u0101 &#8220;<a rel=\"noopener nofollow\" target=\"_blank\" href=\"https:\/\/www.delfi.lv\/temas\/56423782\/manabalsslv-1\" tag-id=\"56423782\">Manabalss.lv<\/a>&#8221; 20. decembr\u012b s\u0101kta parakstu v\u0101k\u0161ana par <a rel=\"noopener nofollow\" target=\"_blank\" href=\"https:\/\/www.delfi.lv\/temas\/40409933\/latvijas-radio\" tag-id=\"40409933\">Latvijas Radio<\/a> 4 (LR4) programmu line\u0101r\u0101s apraides saglab\u0101\u0161anu FM frekvenc\u0113s ar\u012b p\u0113c 2025. gada, iebilstot pret Sabiedrisko elektronisko pla\u0161sazi\u0146as l\u012bdzek\u013cu padomes (SEPLP) l\u0113mumu no n\u0101kam\u0101 gada kan\u0101la apraidi FM \u0113ter\u0101 p\u0101rtraukt, saglab\u0101jot to tikai digit\u0101laj\u0101 vid\u0113.<\/p>\n<p>Iniciat\u012bvas iesnieg\u0161anai Saeim\u0101 un SEPLP nepiecie\u0161ami 10 000 parakstu. Ned\u0113\u013cas laik\u0101 iniciat\u012bvu atbalst\u012bju\u0161i aptuveni 1700 iedz\u012bvot\u0101ju. Iniciat\u012bvas p\u0101rst\u0101ve ir Svetlana Britu\u0161\u010denko.<\/p>\n<p>Iniciat\u012bvas aprakst\u0101 skaidrots, ka l\u0113mums atteikties no LR4 line\u0101r\u0101s apraides FM frekvenc\u0113s b\u016btiski ierobe\u017eos piek\u013cuvi sabiedriskajam medijam t\u016bksto\u0161iem Latvijas iedz\u012bvot\u0101ju, \u012bpa\u0161i senioriem, re\u0123ionu iedz\u012bvot\u0101jiem, cilv\u0113kiem bez stabilas interneta pieejas, k\u0101 ar\u012b maz\u0101kumtaut\u012bbu p\u0101rst\u0101vjiem.<\/p>\n<p>Nor\u0101d\u012bts, ka LR4 ir <a rel=\"noopener nofollow\" target=\"_blank\" href=\"https:\/\/www.delfi.lv\/temas\/44529972\/sabiedriskais-medijs\" tag-id=\"44529972\">sabiedriskais medijs<\/a> ar vair\u0101k nek\u0101 30 gadu pieredzi, profesion\u0101lu redakciju un stabilu klaus\u012bt\u0101ju loku, kur\u0101 ietilpst ar\u012b daudzi latvie\u0161i. Kan\u0101ls pied\u0101v\u0101 Latvijas aktualit\u0101\u0161u atspogu\u013cojumu cit\u0101 valod\u0101 un no at\u0161\u0137ir\u012bgas kult\u016bras pieredzes skatpunkta, t\u0101d\u0113j\u0101di papla\u0161inot sabiedrisko diskusiju un veicinot savstarp\u0113ju izpratni.<\/p>\n<p>Min\u0113ts ar\u012b, ka line\u0101r\u0101s apraides izbeig\u0161ana FM \u0113ter\u0101 mazin\u0101s sabiedrisk\u0101 medija sasniedzam\u012bbu un viedok\u013cu daudzveid\u012bbu Latvijas informat\u012bvaj\u0101 telp\u0101 un v\u0101jin\u0101s sabiedr\u012bbas salied\u0113t\u012bbu, nor\u0101dot, ka LR4 apraides izbeig\u0161ana ir &#8220;zaud\u0113jums Latvijas mediju un kult\u016bras mantojumam&#8221;.<\/p>\n<p>Iniciat\u012bv\u0101 aicin\u0101ts atjaunot LR4 line\u0101ro apraidi FM frekvenc\u0113s ar\u012b p\u0113c 2025. gada, vienlaikus turpinot un att\u012bstot kan\u0101la digit\u0101lo pieejam\u012bbu.<\/p>\n<p>Saeimai un SEPLP tiek l\u016bgts nodro\u0161in\u0101t nepiecie\u0161amo finans\u0113jumu un tehnisko kapacit\u0101ti apraides atjauno\u0161anai, atz\u012bt LR4 noz\u012bmi sabiedr\u012bbas integr\u0101cij\u0101 un p\u0101rskat\u012bt sabiedrisko mediju att\u012bst\u012bbas strat\u0113\u0123iju, nostiprinot principu par inform\u0101cijas pieejam\u012bbu da\u017e\u0101d\u0101s valod\u0101s un form\u0101tos.<\/p>\n<p>LR4 apraides saglab\u0101\u0161ana FM \u0113ter\u0101 veicin\u0101tu sabiedr\u012bbas salied\u0113t\u012bbu un uztic\u0113\u0161anos valstij, nodro\u0161in\u0101tu daudzveid\u012bg\u0101ku sabiedrisko saturu, mazin\u0101tu dezinform\u0101cijas riskus un garant\u0113tu vienl\u012bdz\u012bgu piek\u013cuvi inform\u0101cijai ar\u012b tiem iedz\u012bvot\u0101jiem, kuri ikdien\u0101 neizmanto internetu, p\u0101rliecin\u0101ta iniciat\u012bvas iesniedz\u0113ja.<\/p>\n<p>Jau v\u0113st\u012bts, ka LR4 apraides at\u013cauja b\u016bs sp\u0113k\u0101 l\u012bdz \u0161\u0101 gada 31. decembrim, liecina Nacion\u0101l\u0101s elektronisko pla\u0161sazi\u0146as l\u012bdzek\u013cu padomes (<a rel=\"noopener nofollow\" target=\"_blank\" href=\"https:\/\/www.delfi.lv\/temas\/40645307\/neplp\" tag-id=\"40645307\">NEPLP<\/a>) pazi\u0146ojums ofici\u0101laj\u0101 izdevum\u0101.<\/p>\n<p>NEPLP l\u0113mumu no 2026. gada 1. janv\u0101ra anul\u0113t LR4 apraides at\u013cauju pie\u0146\u0113musi p\u0113c Latvijas Sabiedrisk\u0101 medija (LSM) l\u016bguma \u0161\u0101 gada 3. decembr\u012b.<\/p>\n<p>Jau zi\u0146ots, ka SEPLP apstiprin\u0101jusi LSM valdes izstr\u0101d\u0101t\u0101s strat\u0113\u0123isk\u0101s priorit\u0101tes 2026.-2029. gadam, kuras cita starp\u0101 paredz, ka LR4 krievu valod\u0101 piedz\u012bvos struktur\u0101las p\u0101rmai\u0146as un eso\u0161aj\u0101 form\u0101t\u0101 jeb line\u0101raj\u0101 apraid\u0113 past\u0101v\u0113s l\u012bdz \u0161\u012b gada beig\u0101m.<\/p>\n<p>Jaun\u0101 vid\u0113ja termi\u0146a darb\u012bbas strat\u0113\u0123ija LSM j\u0101s\u0101k \u012bstenot no 2026. gada janv\u0101ra, t\u0101d\u0113\u013c, saska\u0146\u0101 ar SEPLP k\u0101 augst\u0101k\u0101s l\u0113m\u0113jinstit\u016bcijas apstiprin\u0101to laika grafiku, l\u012bdz 2025. gada beig\u0101m turpin\u0101sies intens\u012bvs darbs pie strat\u0113\u0123ijas detaliz\u0113tas izstr\u0101des un gala versijas apstiprin\u0101\u0161anas.<\/p>\n<p>LSM izstr\u0101d\u0101jis vid\u0113ja termi\u0146a darb\u012bbas strat\u0113\u0123isk\u0101s priorit\u0101tes 2026.-2029. gadam.<\/p>\n<p>Pag\u0101ju\u0161\u0101 gada apr\u012b\u013ca s\u0101kum\u0101 tika s\u0101kta Latvijas Radio un Latvijas Telev\u012bzijas apvieno\u0161ana, ab\u0101m valsts kapit\u0101lsabiedr\u012bb\u0101m sapl\u016bstot, lai nodibin\u0101tu LSM, kas darbu s\u0101ka 2025. gada 1. janv\u0101r\u012b.<\/p>\n<p>Lasiet ar\u012b<\/p>\n<p><a href=\"https:\/\/www.delfi.lv\/193\/politics\/120097346\/strukturalo-parmainu-del-darbs-uzteikts-36-lsm-darbiniekiem\" class=\"headline__image-link\" itemprop=\"url\" rel=\"nofollow noopener\" target=\"_blank\"><img decoding=\"async\" loading=\"lazy\" itemprop=\"image\" src=\"https:\/\/www.europesays.com\/lv\/wp-content\/uploads\/2025\/12\/83ce6661-1b52-49f8-a59a-4a8ab91aa1f9.jpg\" alt=\"Struktur\u0101lo p\u0101rmai\u0146u d\u0113\u013c darbs uzteikts 36 LSM darbiniekiem\" title=\"Struktur\u0101lo p\u0101rmai\u0146u d\u0113\u013c darbs uzteikts 36 LSM darbiniekiem\" class=\"headline__image img-fluid w-100\"\/><\/a><\/p>\n<p class=\"m-0\">Seko &#8220;Delfi&#8221; ar\u012b  <a target=\"_blank\" href=\"https:\/\/www.instagram.com\/delfi.lv\/\" rel=\"nofollow noopener\">Instagram<\/a>  un <a target=\"_blank\" href=\"https:\/\/www.youtube.com\/channel\/UCw5foWtcJvAbUm64rv7jwUQ\" rel=\"nofollow noopener\">YouTube<\/a>  profil\u0101 \u2013 pievienojies, lai uzzin\u0101tu svar\u012bg\u0101ko un interesant\u0101ko pirmais!<\/p>\n<p>Publik\u0101cijas saturs vai t\u0101s jebk\u0101da apjoma da\u013ca ir aizsarg\u0101ts autorties\u012bbu objekts Autorties\u012bbu likuma izpratn\u0113, un t\u0101 izmanto\u0161ana bez izdev\u0113ja at\u013caujas ir aizliegta. Vair\u0101k lasi  <a target=\"_blank\" href=\"https:\/\/www.delfi.lv\/noteikumi#autortiesibas\" rel=\"nofollow noopener\">\u0161eit<\/a><script async src=\"\/\/www.instagram.com\/embed.js\"><\/script><\/p>\n","protected":false},"excerpt":{"rendered":"Sabiedr\u012bbas iniciat\u012bvu port\u0101l\u0101 &#8220;Manabalss.lv&#8221; 20. decembr\u012b s\u0101kta parakstu v\u0101k\u0161ana par Latvijas Radio 4 (LR4) programmu line\u0101r\u0101s apraides saglab\u0101\u0161anu&hellip;\n","protected":false},"author":2,"featured_media":87558,"comment_status":"","ping_status":"","sticky":false,"template":"","format":"standard","meta":{"footnotes":""},"categories":[12],"tags":[23,28,29,32,33,22,30,31,35,39,38,36,37,34,8574,40,1517,12521,20,26,27,18181,24,25,21],"class_list":{"0":"post-87557","1":"post","2":"type-post","3":"status-publish","4":"format-standard","5":"has-post-thumbnail","7":"category-latvija","8":"tag-aktualitates","9":"tag-breaking-news","10":"tag-breakingnews","11":"tag-featured-news","12":"tag-featurednews","13":"tag-headlines","14":"tag-latest-news","15":"tag-latestnews","16":"tag-latvia","17":"tag-latvian","18":"tag-latviesu","19":"tag-latviesu-valoda","20":"tag-latviesuvaloda","21":"tag-latvija","22":"tag-latvijas-radio","23":"tag-lv","24":"tag-manabalss-lv","25":"tag-neplp","26":"tag-news","27":"tag-popularakas-zinas","28":"tag-popularakaszinas","29":"tag-sabiedriskais-medijs","30":"tag-top-stories","31":"tag-topstories","32":"tag-zinas"},"share_on_mastodon":{"url":"https:\/\/pubeurope.com\/@lv\/115792455071004428","error":""},"_links":{"self":[{"href":"https:\/\/www.europesays.com\/lv\/wp-json\/wp\/v2\/posts\/87557","targetHints":{"allow":["GET"]}}],"collection":[{"href":"https:\/\/www.europesays.com\/lv\/wp-json\/wp\/v2\/posts"}],"about":[{"href":"https:\/\/www.europesays.com\/lv\/wp-json\/wp\/v2\/types\/post"}],"author":[{"embeddable":true,"href":"https:\/\/www.europesays.com\/lv\/wp-json\/wp\/v2\/users\/2"}],"replies":[{"embeddable":true,"href":"https:\/\/www.europesays.com\/lv\/wp-json\/wp\/v2\/comments?post=87557"}],"version-history":[{"count":0,"href":"https:\/\/www.europesays.com\/lv\/wp-json\/wp\/v2\/posts\/87557\/revisions"}],"wp:featuredmedia":[{"embeddable":true,"href":"https:\/\/www.europesays.com\/lv\/wp-json\/wp\/v2\/media\/87558"}],"wp:attachment":[{"href":"https:\/\/www.europesays.com\/lv\/wp-json\/wp\/v2\/media?parent=87557"}],"wp:term":[{"taxonomy":"category","embeddable":true,"href":"https:\/\/www.europesays.com\/lv\/wp-json\/wp\/v2\/categories?post=87557"},{"taxonomy":"post_tag","embeddable":true,"href":"https:\/\/www.europesays.com\/lv\/wp-json\/wp\/v2\/tags?post=87557"}],"curies":[{"name":"wp","href":"https:\/\/api.w.org\/{rel}","templated":true}]}}