{"id":87640,"date":"2025-12-27T18:16:10","date_gmt":"2025-12-27T18:16:10","guid":{"rendered":"https:\/\/www.europesays.com\/lv\/87640\/"},"modified":"2025-12-27T18:16:10","modified_gmt":"2025-12-27T18:16:10","slug":"asv-vesture-pirmo-reizi-balta-nama-preses-sekretares-amatu-ienem-grutniece","status":"publish","type":"post","link":"https:\/\/www.europesays.com\/lv\/87640\/","title":{"rendered":"ASV v\u0113stur\u0113 pirmo reizi Balt\u0101 nama preses sekret\u0101res amatu ie\u0146em gr\u016btniece"},"content":{"rendered":"<p>Pirms 2024. gada prezidenta v\u0113l\u0113\u0161an\u0101m Levita bija Donalda Trampa kampa\u0146as preses sekret\u0101re, un lielu da\u013cu no kampa\u0146as perioda vi\u0146a pavad\u012bja gr\u016btniec\u012bbas laik\u0101, l\u012bdz j\u016blij\u0101 piedzima vi\u0146as d\u0113ls. Intervij\u0101 laikrakstam \u201cThe Washington Post\u201d Levita st\u0101st\u012bja, ka darb\u0101 atgriezusies jau tr\u012bs dienas p\u0113c dzemd\u012bb\u0101m, rea\u0123\u0113jot uz m\u0113\u0123in\u0101jumu atent\u0101t\u0101 nogalin\u0101t Trampu Batler\u0101, Pensilv\u0101nijas \u0161tat\u0101.<\/p>\n","protected":false},"excerpt":{"rendered":"Pirms 2024. gada prezidenta v\u0113l\u0113\u0161an\u0101m Levita bija Donalda Trampa kampa\u0146as preses sekret\u0101re, un lielu da\u013cu no kampa\u0146as perioda&hellip;\n","protected":false},"author":2,"featured_media":87641,"comment_status":"","ping_status":"","sticky":false,"template":"","format":"standard","meta":{"footnotes":""},"categories":[14],"tags":[23,57,28,29,32,33,22,30,31,35,39,38,36,37,34,40,20,26,27,24,25,54,55,56,21,58],"class_list":{"0":"post-87640","1":"post","2":"type-post","3":"status-publish","4":"format-standard","5":"has-post-thumbnail","7":"category-zinas-no-arvalstim","8":"tag-aktualitates","9":"tag-arvalstim","10":"tag-breaking-news","11":"tag-breakingnews","12":"tag-featured-news","13":"tag-featurednews","14":"tag-headlines","15":"tag-latest-news","16":"tag-latestnews","17":"tag-latvia","18":"tag-latvian","19":"tag-latviesu","20":"tag-latviesu-valoda","21":"tag-latviesuvaloda","22":"tag-latvija","23":"tag-lv","24":"tag-news","25":"tag-popularakas-zinas","26":"tag-popularakaszinas","27":"tag-top-stories","28":"tag-topstories","29":"tag-world","30":"tag-world-news","31":"tag-worldnews","32":"tag-zinas","33":"tag-zinas-no-arvalstim"},"share_on_mastodon":{"url":"https:\/\/pubeurope.com\/@lv\/115792903089264820","error":""},"_links":{"self":[{"href":"https:\/\/www.europesays.com\/lv\/wp-json\/wp\/v2\/posts\/87640","targetHints":{"allow":["GET"]}}],"collection":[{"href":"https:\/\/www.europesays.com\/lv\/wp-json\/wp\/v2\/posts"}],"about":[{"href":"https:\/\/www.europesays.com\/lv\/wp-json\/wp\/v2\/types\/post"}],"author":[{"embeddable":true,"href":"https:\/\/www.europesays.com\/lv\/wp-json\/wp\/v2\/users\/2"}],"replies":[{"embeddable":true,"href":"https:\/\/www.europesays.com\/lv\/wp-json\/wp\/v2\/comments?post=87640"}],"version-history":[{"count":0,"href":"https:\/\/www.europesays.com\/lv\/wp-json\/wp\/v2\/posts\/87640\/revisions"}],"wp:featuredmedia":[{"embeddable":true,"href":"https:\/\/www.europesays.com\/lv\/wp-json\/wp\/v2\/media\/87641"}],"wp:attachment":[{"href":"https:\/\/www.europesays.com\/lv\/wp-json\/wp\/v2\/media?parent=87640"}],"wp:term":[{"taxonomy":"category","embeddable":true,"href":"https:\/\/www.europesays.com\/lv\/wp-json\/wp\/v2\/categories?post=87640"},{"taxonomy":"post_tag","embeddable":true,"href":"https:\/\/www.europesays.com\/lv\/wp-json\/wp\/v2\/tags?post=87640"}],"curies":[{"name":"wp","href":"https:\/\/api.w.org\/{rel}","templated":true}]}}