{"id":87648,"date":"2025-12-27T18:36:10","date_gmt":"2025-12-27T18:36:10","guid":{"rendered":"https:\/\/www.europesays.com\/lv\/87648\/"},"modified":"2025-12-27T18:36:10","modified_gmt":"2025-12-27T18:36:10","slug":"karo-wood-triumfe-ventspils-pilsetas-cempionata-volejbola","status":"publish","type":"post","link":"https:\/\/www.europesays.com\/lv\/87648\/","title":{"rendered":"\u201cKaro Wood\u201d triumf\u0113 Ventspils pils\u0113tas \u010dempion\u0101t\u0101 volejbol\u0101"},"content":{"rendered":"<p>Sporta hall\u0113 \u201cP\u0101rventa\u201d nosl\u0113gu\u0161\u0101s Ventspils pils\u0113tas \u010dempion\u0101ta klasiskaj\u0101 volejbol\u0101 v\u012brie\u0161iem fin\u0101lsp\u0113les, kur\u0101s par \u010dempionu titulu p\u0101rliecino\u0161i c\u012bn\u012bj\u0101s \u010detras lab\u0101k\u0101s turn\u012bra komandas. Par 2025. gada Ventspils pils\u0113tas \u010dempioniem k\u013cuva komanda \u201cKaro Wood\u201d.<\/p>\n<p>Pirmaj\u0101 pusfin\u0101l\u0101 ZS \u201cV\u0101lodzes\u201d ar rezult\u0101tu 3:1 p\u0101rsp\u0113ja SK Pope\/Ventspils novads komandu, nodro\u0161inot vietu fin\u0101l\u0101. Otraj\u0101 pusfin\u0101l\u0101 \u201cKaro Wood\u201d demonstr\u0113ja p\u0101rliecino\u0161u sniegumu, ar 3:0 uzvarot \u201cKurekss\u201d vien\u012bbu.<\/p>\n<p>Bronzas sp\u0113l\u0113 sav\u0101 starp\u0101 tik\u0101s SK Pope\/Ventspils novads un \u201cKurekss\u201d. Ar rezult\u0101tu 3:1 uzvaru izc\u012bn\u012bja SK Pope\/Ventspils novads, ieg\u016bstot \u010dempion\u0101ta bronzas meda\u013cas.<\/p>\n<p>Zelta sp\u0113l\u0113 par \u010dempionu titulu tik\u0101s \u201cKaro Wood\u201d un ZS \u201cV\u0101lodzes\u201d. Fin\u0101lma\u010ds izv\u0113rt\u0101s \u013coti aizraujo\u0161s un l\u012bdzv\u0113rt\u012bgs. Pirmajos divos setos p\u0101r\u0101ki bija \u201cKaro Wood\u201d volejbolisti, tom\u0113r ZS \u201cV\u0101lodzes\u201d nepadev\u0101s un sp\u0113ja uzvar\u0113t tre\u0161o setu, atgrie\u017eot intrigu c\u012b\u0146\u0101 par titulu. \u012apa\u0161i saspringts bija ceturtais sets, kur\u0101 iz\u0161\u0137iro\u0161ajos br\u012b\u017eos p\u0101rliecino\u0161\u0101ki izr\u0101d\u012bj\u0101s \u201cKaro Wood\u201d volejbolisti, izc\u012bnot uzvaru set\u0101 un vis\u0101 sp\u0113l\u0113 ar rezult\u0101tu 3:1, k\u0101 ar\u012b Ventspils pils\u0113tas \u010dempionu titulu.<\/p>\n<p>Par lab\u0101kajiem sp\u0113l\u0113t\u0101jiem komand\u0101s tika atz\u012bti:<br \/>\u2022 \u201cKurekss\u201d \u2013 M\u0101rcis Up\u012btis<br \/>\u2022 SK Pope\/Ventspils novads \u2013 Arvis Ander\u0161mits<br \/>\u2022 ZS \u201cV\u0101lodzes\u201d \u2013 Andis Bert\u0101ns<br \/>\u2022 \u201cKaro Wood\u201d \u2013 Kristers \u0160ulcs<\/p>\n<p>Ventspils pils\u0113tas \u010dempion\u0101ts volejbol\u0101 tiek organiz\u0113ts, lai populariz\u0113tu amatieru volejbolu Ventspil\u012b, veicin\u0101tu sportisko meistar\u012bbu un vesel\u012bgu dz\u012bvesveidu, k\u0101 ar\u012b noskaidrotu pils\u0113tas sp\u0113c\u012bg\u0101k\u0101s komandas.<\/p>\n<p>Sacens\u012bbas organiz\u0113 volejbola klubs \u201cVentspils\u201d ar Ventspils valstspils\u0113tas pa\u0161vald\u012bbas atbalstu.<\/p>\n<p>            <img fetchpriority=\"high\" decoding=\"async\" src=\"https:\/\/www.europesays.com\/lv\/wp-content\/uploads\/2025\/12\/VHRS_OP_150126-1_WEB-1080x720.jpg\" width=\"1080\" height=\"720\" alt=\"\"\/><\/p>\n","protected":false},"excerpt":{"rendered":"Sporta hall\u0113 \u201cP\u0101rventa\u201d nosl\u0113gu\u0161\u0101s Ventspils pils\u0113tas \u010dempion\u0101ta klasiskaj\u0101 volejbol\u0101 v\u012brie\u0161iem fin\u0101lsp\u0113les, kur\u0101s par \u010dempionu titulu p\u0101rliecino\u0161i c\u012bn\u012bj\u0101s \u010detras&hellip;\n","protected":false},"author":2,"featured_media":87649,"comment_status":"","ping_status":"","sticky":false,"template":"","format":"standard","meta":{"footnotes":""},"categories":[5],"tags":[23,28,29,32,33,22,30,31,35,39,38,36,37,34,40,20,26,27,24,25,21],"class_list":{"0":"post-87648","1":"post","2":"type-post","3":"status-publish","4":"format-standard","5":"has-post-thumbnail","7":"category-aktualitates","8":"tag-aktualitates","9":"tag-breaking-news","10":"tag-breakingnews","11":"tag-featured-news","12":"tag-featurednews","13":"tag-headlines","14":"tag-latest-news","15":"tag-latestnews","16":"tag-latvia","17":"tag-latvian","18":"tag-latviesu","19":"tag-latviesu-valoda","20":"tag-latviesuvaloda","21":"tag-latvija","22":"tag-lv","23":"tag-news","24":"tag-popularakas-zinas","25":"tag-popularakaszinas","26":"tag-top-stories","27":"tag-topstories","28":"tag-zinas"},"share_on_mastodon":{"url":"https:\/\/pubeurope.com\/@lv\/115792981876577322","error":""},"_links":{"self":[{"href":"https:\/\/www.europesays.com\/lv\/wp-json\/wp\/v2\/posts\/87648","targetHints":{"allow":["GET"]}}],"collection":[{"href":"https:\/\/www.europesays.com\/lv\/wp-json\/wp\/v2\/posts"}],"about":[{"href":"https:\/\/www.europesays.com\/lv\/wp-json\/wp\/v2\/types\/post"}],"author":[{"embeddable":true,"href":"https:\/\/www.europesays.com\/lv\/wp-json\/wp\/v2\/users\/2"}],"replies":[{"embeddable":true,"href":"https:\/\/www.europesays.com\/lv\/wp-json\/wp\/v2\/comments?post=87648"}],"version-history":[{"count":0,"href":"https:\/\/www.europesays.com\/lv\/wp-json\/wp\/v2\/posts\/87648\/revisions"}],"wp:featuredmedia":[{"embeddable":true,"href":"https:\/\/www.europesays.com\/lv\/wp-json\/wp\/v2\/media\/87649"}],"wp:attachment":[{"href":"https:\/\/www.europesays.com\/lv\/wp-json\/wp\/v2\/media?parent=87648"}],"wp:term":[{"taxonomy":"category","embeddable":true,"href":"https:\/\/www.europesays.com\/lv\/wp-json\/wp\/v2\/categories?post=87648"},{"taxonomy":"post_tag","embeddable":true,"href":"https:\/\/www.europesays.com\/lv\/wp-json\/wp\/v2\/tags?post=87648"}],"curies":[{"name":"wp","href":"https:\/\/api.w.org\/{rel}","templated":true}]}}