{"id":87808,"date":"2025-12-27T22:42:26","date_gmt":"2025-12-27T22:42:26","guid":{"rendered":"https:\/\/www.europesays.com\/lv\/87808\/"},"modified":"2025-12-27T22:42:26","modified_gmt":"2025-12-27T22:42:26","slug":"krievija-baltkrievija-izvietojusi-lidz-360-000-karaviru-2026-gads-draudigs-lente-lv","status":"publish","type":"post","link":"https:\/\/www.europesays.com\/lv\/87808\/","title":{"rendered":"Krievija Baltkrievij\u0101 izvietojusi l\u012bdz 360 000 karav\u012bru; 2026. gads \u2013 \u201cdraud\u012bgs\u201d\u00a0\u2014\u00a0Lente.lv"},"content":{"rendered":"<p>NATO robe\u017eu tuvum\u0101 &#8211; ba\u017eas par simtiem t\u016bksto\u0161u karav\u012bru<\/p>\n<p>V\u0101cijas Krist\u012bgo demokr\u0101tu savien\u012bbas (CDU\/CSU) \u0101rpolitikas eksperts Roderihs K\u012bzeveters paudis nopietnas ba\u017eas par Krievijas milit\u0101ro kl\u0101tb\u016btni Baltkrievij\u0101, apgalvojot, ka tur izvietoti aptuveni 350 000 l\u012bdz 360 000 kaujas gatav\u012bb\u0101 eso\u0161u karav\u012bru, kas ir divi armijas korpusi. K\u0101 inform\u0113 port\u0101ls NRA, K\u012bzeveters nor\u0101da, ka \u0161is karasp\u0113ks tiek apm\u0101c\u012bts Vladimira Putina vad\u012bb\u0101 un da\u013ca no t\u0101 visp\u0101r netiek izmantota karadarb\u012bb\u0101 Ukrain\u0101. \u0160\u0101di apjomi rada b\u016btisku satraukumu Baltijas valst\u012bs, kur tiek uzsv\u0113rta nepiecie\u0161am\u012bba p\u0113c pastiprin\u0101tas uzman\u012bbas \u0161ai situ\u0101cijai.<\/p>\n<p>Gads, kas j\u0101p\u0101rdz\u012bvo: K\u012bzevetera prognozes<\/p>\n<p>Eksperts iez\u012bm\u0113jis 2026. un 2027. gadu k\u0101 \u012bpa\u0161i \u201cdraud\u012bgus\u201d periodus, uzsverot, ka, ja \u0161o laiku izdosies p\u0101rdz\u012bvot, tad kop\u0113j\u0101 dro\u0161\u012bbas situ\u0101cija var\u0113tu stabiliz\u0113ties. K\u012bzeveters izteicis skepsi par iesp\u0113ju, ka Krievijas prezidents var\u0113tu atgriezties pie pragmatisk\u0101ka v\u0113rt\u0113juma par kara lietder\u012bbu, neskatoties uz notieko\u0161aj\u0101m sarun\u0101m, piem\u0113ram, Berl\u012bn\u0113. Vi\u0146apr\u0101t, ir naivi tic\u0113t, ka Putins pazi\u0146os savai tautai, ka Rietumi ir \u201ckaujas gatav\u012bb\u0101\u201d un ka kar\u0161 nav bijis t\u0101 v\u0113rts.<\/p>\n<p>Latvijas un Lietuvas poz\u012bcija &#8211; skepse par apjomiem<\/p>\n<p>Lai gan K\u012bzeveters min tik lielus skait\u013cus, Latvijas aizsardz\u012bbas resors ir nor\u0101d\u012bjis, ka r\u012bc\u012bb\u0101 nav inform\u0101cijas, kas apstiprin\u0101tu simtiem t\u016bksto\u0161u Krievijas karav\u012bru kl\u0101tb\u016btni Baltkrievij\u0101. P\u0113c m\u0101c\u012bbu \u201cZapad 2025\u201d beig\u0101m Krievijas vien\u012bbas liel\u0101koties atst\u0101ja Baltkrievijas teritoriju, un masveida p\u0101rvieto\u0161an\u0101s kop\u0161 t\u0101 laika nav nov\u0113rota. T\u0101pat ar\u012b Lietuvas bru\u0146otie sp\u0113ki ir noraid\u012bju\u0161i apgalvojumus par \u0161\u0101du Krievijas karav\u012bru apjomu. Anal\u012bti\u0137i aicina medijus un sabiedr\u012bbu kritiski v\u0113rt\u0113t \u0161\u0101dus datus, kas var n\u0101kt no neofici\u0101liem avotiem, jo tik liela m\u0113roga sp\u0113ku p\u0101rvieto\u0161ana b\u016btu viegli paman\u0101ma m\u016bsdienu izl\u016bko\u0161anas sist\u0113m\u0101m.<\/p>\n<p>Ra\u0137e\u0161u izvieto\u0161ana &#8211; papildu spiediens Eiropai<\/p>\n<p>Papildus karav\u012bru kl\u0101tb\u016btnei, zi\u0146ojumi liecina, ka Krievija Baltkrievij\u0101 izvieto ar\u012b \u201cOre\u0161\u0146ik\u201d ra\u0137etes. Ukrainas \u0100r\u0113j\u0101s izl\u016bko\u0161anas dienesta vad\u012bt\u0101js O\u013cegs Iva\u0161\u010denko skaidro, ka \u0161is solis galvenok\u0101rt v\u0113rsts uz spiediena izdar\u012b\u0161anu uz Eiropas Savien\u012bbu un NATO, nevis uz Ukrainu. Tiek uzsv\u0113rts, ka \u0161\u0101ds solis iev\u0113rojami samazina ra\u0137etes lidojuma laiku l\u012bdz jebkuras Eiropas valsts galvaspils\u0113tai, sal\u012bdzinot ar palai\u0161anu no Krievijas teritorijas.<\/p>\n","protected":false},"excerpt":{"rendered":"NATO robe\u017eu tuvum\u0101 &#8211; ba\u017eas par simtiem t\u016bksto\u0161u karav\u012bru V\u0101cijas Krist\u012bgo demokr\u0101tu savien\u012bbas (CDU\/CSU) \u0101rpolitikas eksperts Roderihs K\u012bzeveters&hellip;\n","protected":false},"author":2,"featured_media":87809,"comment_status":"","ping_status":"","sticky":false,"template":"","format":"standard","meta":{"footnotes":""},"categories":[14],"tags":[12118,23,57,28,29,22339,32,33,22,22337,7310,30,31,35,39,38,36,37,34,40,20,26,27,22338,24,25,54,55,56,21,58],"class_list":{"0":"post-87808","1":"post","2":"type-post","3":"status-publish","4":"format-standard","5":"has-post-thumbnail","7":"category-zinas-no-arvalstim","8":"tag-2026-gads","9":"tag-aktualitates","10":"tag-arvalstim","11":"tag-breaking-news","12":"tag-breakingnews","13":"tag-drosibas-draudi-baltijai","14":"tag-featured-news","15":"tag-featurednews","16":"tag-headlines","17":"tag-krievija-baltkrievija","18":"tag-krievijas-karaspeks","19":"tag-latest-news","20":"tag-latestnews","21":"tag-latvia","22":"tag-latvian","23":"tag-latviesu","24":"tag-latviesu-valoda","25":"tag-latviesuvaloda","26":"tag-latvija","27":"tag-lv","28":"tag-news","29":"tag-popularakas-zinas","30":"tag-popularakaszinas","31":"tag-roderihs-kizeveters","32":"tag-top-stories","33":"tag-topstories","34":"tag-world","35":"tag-world-news","36":"tag-worldnews","37":"tag-zinas","38":"tag-zinas-no-arvalstim"},"share_on_mastodon":{"url":"","error":"Validation failed: Text character limit of 500 exceeded"},"_links":{"self":[{"href":"https:\/\/www.europesays.com\/lv\/wp-json\/wp\/v2\/posts\/87808","targetHints":{"allow":["GET"]}}],"collection":[{"href":"https:\/\/www.europesays.com\/lv\/wp-json\/wp\/v2\/posts"}],"about":[{"href":"https:\/\/www.europesays.com\/lv\/wp-json\/wp\/v2\/types\/post"}],"author":[{"embeddable":true,"href":"https:\/\/www.europesays.com\/lv\/wp-json\/wp\/v2\/users\/2"}],"replies":[{"embeddable":true,"href":"https:\/\/www.europesays.com\/lv\/wp-json\/wp\/v2\/comments?post=87808"}],"version-history":[{"count":0,"href":"https:\/\/www.europesays.com\/lv\/wp-json\/wp\/v2\/posts\/87808\/revisions"}],"wp:featuredmedia":[{"embeddable":true,"href":"https:\/\/www.europesays.com\/lv\/wp-json\/wp\/v2\/media\/87809"}],"wp:attachment":[{"href":"https:\/\/www.europesays.com\/lv\/wp-json\/wp\/v2\/media?parent=87808"}],"wp:term":[{"taxonomy":"category","embeddable":true,"href":"https:\/\/www.europesays.com\/lv\/wp-json\/wp\/v2\/categories?post=87808"},{"taxonomy":"post_tag","embeddable":true,"href":"https:\/\/www.europesays.com\/lv\/wp-json\/wp\/v2\/tags?post=87808"}],"curies":[{"name":"wp","href":"https:\/\/api.w.org\/{rel}","templated":true}]}}