{"id":87810,"date":"2025-12-27T23:20:07","date_gmt":"2025-12-27T23:20:07","guid":{"rendered":"https:\/\/www.europesays.com\/lv\/87810\/"},"modified":"2025-12-27T23:20:07","modified_gmt":"2025-12-27T23:20:07","slug":"muziba-aizsaukts-izcilais-sportists-politikis-un-uznemejs-normunds-zviedris-lente-lv","status":"publish","type":"post","link":"https:\/\/www.europesays.com\/lv\/87810\/","title":{"rendered":"M\u016b\u017e\u012bb\u0101 aizsaukts izcilais sportists, politi\u0137is un uz\u0146\u0113m\u0113js Normunds Zviedris\u00a0\u2014\u00a0Lente.lv"},"content":{"rendered":"<p>M\u016b\u017e\u012bb\u0101 aizsaukts Normunds Zviedris<\/p>\n<p>Latvijas rite\u0146brauk\u0161anas sabiedr\u012bbu ir skumji satricin\u0101jusi zi\u0146a par biju\u0161\u0101 Latvijas \u010dempiona MTB maraton\u0101 Normunda Zviedra aizie\u0161anu m\u016b\u017e\u012bb\u0101. \u0160o skaudro inform\u0101ciju soci\u0101laj\u0101 t\u012bkl\u0101 Facebook izplat\u012bja Latvijas Rite\u0146brauk\u0161anas feder\u0101cija.<\/p>\n<p>Sporta kluba un veikalu vad\u012bt\u0101js<\/p>\n<p>Normunds Zviedris savulaik akt\u012bvi darboj\u0101s sporta dz\u012bv\u0113, vadot sporta klubu \u201cZZK\u201d un ar\u012b attiec\u012bgo velo pre\u010du veikalu t\u012bklu. Vi\u0146a v\u0101rds asoci\u0113jas ar rite\u0146brauk\u0161anas att\u012bst\u012bbu Latvij\u0101.<\/p>\n<p>Zviedris bija ar\u012b Latvijas \u010dempions amatieru konkurenc\u0113 \u0161osejas rite\u0146brauk\u0161an\u0101, apliecinot savu sportisko meistar\u012bbu un aizraut\u012bbu pret \u0161o discipl\u012bnu. Vi\u0146\u0161 bija paz\u012bstams k\u0101 akt\u012bvs un ener\u0123isks rite\u0146brauk\u0161anas sporta atbalst\u012bt\u0101js, cen\u0161oties veicin\u0101t t\u0101 popularit\u0101ti un pieejam\u012bbu.<\/p>\n<p>Ieguld\u012bjums \u0100da\u017eu novada att\u012bst\u012bb\u0101<\/p>\n<p>Normunda Zviedra darb\u012bbas loks sniedz\u0101s ar\u012b \u0101rpus sporta aprind\u0101m. No 2014. gada 28. janv\u0101ra l\u012bdz 13. j\u016bnijam vi\u0146\u0161 ie\u0146\u0113ma \u0100da\u017eu novada domes priek\u0161s\u0113d\u0113t\u0101ja amatu, apliecinot savu gatav\u012bbu iesaist\u012bties viet\u0113j\u0101s pa\u0161vald\u012bbas vad\u012bb\u0101 un veicin\u0101t novada att\u012bst\u012bbu.<\/p>\n<p>T\u0101pat vi\u0146\u0161 bija akt\u012bvs biedrs biedr\u012bb\u0101 \u201c\u0100da\u017eu uz\u0146\u0113m\u0113ji\u201d, akt\u012bvi atbalstot da\u017e\u0101dus sporta pas\u0101kumus, sporta organiz\u0101cijas un veicinot jauno sportistu izaugsmi \u0100da\u017eu novad\u0101. Vi\u0146a ieguld\u012bjums viet\u0113j\u0101s kopienas un sporta vides stiprin\u0101\u0161an\u0101 bija iev\u0113rojams.<\/p>\n","protected":false},"excerpt":{"rendered":"M\u016b\u017e\u012bb\u0101 aizsaukts Normunds Zviedris Latvijas rite\u0146brauk\u0161anas sabiedr\u012bbu ir skumji satricin\u0101jusi zi\u0146a par biju\u0161\u0101 Latvijas \u010dempiona MTB maraton\u0101 Normunda&hellip;\n","protected":false},"author":2,"featured_media":87811,"comment_status":"","ping_status":"","sticky":false,"template":"","format":"standard","meta":{"footnotes":""},"categories":[5],"tags":[22039,23,28,29,32,33,22,30,31,35,39,38,36,37,34,40,20,22038,22341,26,27,462,22340,24,25,21],"class_list":{"0":"post-87810","1":"post","2":"type-post","3":"status-publish","4":"format-standard","5":"has-post-thumbnail","7":"category-aktualitates","8":"tag-adazu-novads","9":"tag-aktualitates","10":"tag-breaking-news","11":"tag-breakingnews","12":"tag-featured-news","13":"tag-featurednews","14":"tag-headlines","15":"tag-latest-news","16":"tag-latestnews","17":"tag-latvia","18":"tag-latvian","19":"tag-latviesu","20":"tag-latviesu-valoda","21":"tag-latviesuvaloda","22":"tag-latvija","23":"tag-lv","24":"tag-news","25":"tag-normunds-zviedris","26":"tag-politikis","27":"tag-popularakas-zinas","28":"tag-popularakaszinas","29":"tag-ritenbrauksana","30":"tag-sportists","31":"tag-top-stories","32":"tag-topstories","33":"tag-zinas"},"share_on_mastodon":{"url":"https:\/\/pubeurope.com\/@lv\/115794098470470770","error":""},"_links":{"self":[{"href":"https:\/\/www.europesays.com\/lv\/wp-json\/wp\/v2\/posts\/87810","targetHints":{"allow":["GET"]}}],"collection":[{"href":"https:\/\/www.europesays.com\/lv\/wp-json\/wp\/v2\/posts"}],"about":[{"href":"https:\/\/www.europesays.com\/lv\/wp-json\/wp\/v2\/types\/post"}],"author":[{"embeddable":true,"href":"https:\/\/www.europesays.com\/lv\/wp-json\/wp\/v2\/users\/2"}],"replies":[{"embeddable":true,"href":"https:\/\/www.europesays.com\/lv\/wp-json\/wp\/v2\/comments?post=87810"}],"version-history":[{"count":0,"href":"https:\/\/www.europesays.com\/lv\/wp-json\/wp\/v2\/posts\/87810\/revisions"}],"wp:featuredmedia":[{"embeddable":true,"href":"https:\/\/www.europesays.com\/lv\/wp-json\/wp\/v2\/media\/87811"}],"wp:attachment":[{"href":"https:\/\/www.europesays.com\/lv\/wp-json\/wp\/v2\/media?parent=87810"}],"wp:term":[{"taxonomy":"category","embeddable":true,"href":"https:\/\/www.europesays.com\/lv\/wp-json\/wp\/v2\/categories?post=87810"},{"taxonomy":"post_tag","embeddable":true,"href":"https:\/\/www.europesays.com\/lv\/wp-json\/wp\/v2\/tags?post=87810"}],"curies":[{"name":"wp","href":"https:\/\/api.w.org\/{rel}","templated":true}]}}