{"id":87826,"date":"2025-12-27T23:51:15","date_gmt":"2025-12-27T23:51:15","guid":{"rendered":"https:\/\/www.europesays.com\/lv\/87826\/"},"modified":"2025-12-27T23:51:15","modified_gmt":"2025-12-27T23:51:15","slug":"zeraram-depardje-77-ka-francu-kino-zvaigzne-kluva-par-putina-pielaideju-lente-lv","status":"publish","type":"post","link":"https:\/\/www.europesays.com\/lv\/87826\/","title":{"rendered":"\u017der\u0101ram Depardj\u0113 \u2013 77. K\u0101 fran\u010du kino zvaigzne k\u013cuva par Putina pielaid\u0113ju\u00a0\u2014\u00a0Lente.lv"},"content":{"rendered":"<p>No hulig\u0101na l\u012bdz kino zvaigznei<\/p>\n<p>27. decembr\u012b aprit 77 gadi kop\u0161 dzim\u0161anas dienas \u017der\u0101ram Depardj\u0113 \u2013 vienai no Eiropas kino vispaz\u012bstam\u0101kaj\u0101m un vienlaikus pretrun\u012bg\u0101kaj\u0101m person\u012bb\u0101m. Fokuss \u0161ai godam atskat\u0101s uz to, ar ko iepriec\u0113jis dzim\u0161anas dienas jubil\u0101rs un k\u0101d\u0113\u013c fran\u010du aktieris saist\u012bts ar Krieviju un Vladimiru Putinu.<\/p>\n<p><img loading=\"lazy\" decoding=\"async\" style=\"aspect-ratio:453\/600;\" src=\"https:\/\/www.europesays.com\/lv\/wp-content\/uploads\/2025\/12\/vw55si-99f9dfe008d0f6f79103e9b3e859f84d.png\" alt=\"\u0416\u0435\u0440\u0430\u0440 \u0414\u0435\u043f\u0430\u0440\u0434\u044c\u0435\" width=\"453\" height=\"600\"\/><\/p>\n<p>\u017der\u0101rs Ksavj\u0113 Marsejs Depardj\u0113 dzimis 1948. gada 27. decembr\u012b \u0160ator\u016b, Francij\u0101, nabadz\u012bg\u0101 str\u0101dnieku \u0123imen\u0113. B\u0113rn\u012bb\u0101 vi\u0146\u0161 gandr\u012bz nelas\u012bja un cieta no m\u0101c\u012b\u0161an\u0101s gr\u016bt\u012bb\u0101m. Jaun\u012bb\u0101 \u017der\u0101rs vair\u0101k atg\u0101din\u0101ja ielu hulig\u0101nu nek\u0101 topo\u0161o kinozvaigzni.<\/p>\n<p>16 gadu vecum\u0101 Depardj\u0113 p\u0101rc\u0113l\u0101s uz Par\u012bzi, kur s\u0101ka apmekl\u0113t te\u0101tra kursus. Tie\u0161i tur par\u0101d\u012bj\u0101s vi\u0146a sp\u0113c\u012bgais aktiera temperaments \u2013 neapstr\u0101d\u0101ts, emocion\u0101ls, \u013coti &#8220;\u0137ermenisks&#8221;, kas v\u0113l\u0101k k\u013cuva par vi\u0146a viz\u012btkarti.<\/p>\n<p>Karjeras uzplaukums un kulta lomas<\/p>\n<p>Depardj\u0113 k\u013cuva par zvaigzni 1970. gados un strauji k\u013cuva par fran\u010du kino &#8220;seju&#8221;. Vi\u0146a karjera ir bijusi izcili ra\u017e\u012bga \u2013 aktieris film\u0113jies vair\u0101k nek\u0101 200 lom\u0101s, k\u013c\u016bstot par vienu no v\u0113stur\u0113 produkt\u012bv\u0101kajiem aktieriem. Da\u017ek\u0101rt vi\u0146u d\u0113v\u0113ja par &#8220;p\u0113d\u0113jo lielo veco Eiropas aktieri&#8221;.<\/p>\n<p><img loading=\"lazy\" decoding=\"async\" style=\"aspect-ratio:740\/416;\" src=\"https:\/\/www.europesays.com\/lv\/wp-content\/uploads\/2025\/12\/ugnkj3-89a43c5f91bd378be81f488eb20e0638.png\" alt=\"\u0434\u0435\u043f\u0430\u0440\u0434\u044c\u0435\" width=\"740\" height=\"416\"\/><\/p>\n<p>Starp vi\u0146a vispaz\u012bstam\u0101kaj\u0101m film\u0101m ir:<\/p>\n<ul>\n<li>&#8220;Val\u0161ot\u0101ji&#8221; (1974)<\/li>\n<li>&#8220;P\u0113d\u0113jais metro&#8221; (1980) \u2013 kop\u0101 ar Katr\u012bnu Den\u0113vu<\/li>\n<li>&#8220;Policija&#8221; (1985)<\/li>\n<li>&#8220;Sirano de Ber\u017eeraks&#8221; (1990) \u2013 ieguva pasaules atzin\u012bbu, nomin\u0101cijas &#8220;Oskaram&#8221; un &#8220;Zelta globusam&#8221;<\/li>\n<li>&#8220;Za\u013c\u0101 karte&#8221; (1990)<\/li>\n<li>&#8220;1492: Parad\u012bzes iekaro\u0161ana&#8221; (1992)<\/li>\n<li>&#8220;Cilv\u0113ks dzelzs mask\u0101&#8221; (1998)<\/li>\n<li>&#8220;Asterikss un Obelikss&#8221; (1999)<\/li>\n<\/ul>\n<p>Skand\u0101li un reput\u0101cijas kritums<\/p>\n<p>Kop\u0161 2000. gadiem Depardj\u0113 v\u0101rds arvien bie\u017e\u0101k par\u0101d\u0101s saist\u012bb\u0101 ar alkohola lieto\u0161anu, agres\u012bvu uzved\u012bbu, seksistiskiem izteicieniem, tiesu darbiem un aps\u016bdz\u012bb\u0101m par vardarb\u012bbu. \u0160ie incidenti b\u016btiski grau\u017e vi\u0146a t\u0113lu Francij\u0101.<\/p>\n<p><img loading=\"lazy\" decoding=\"async\" src=\"https:\/\/www.europesays.com\/lv\/wp-content\/uploads\/2025\/12\/4puihm-1625eb9a49aeae0a16c87c056818205f.png\" alt=\"\u0416\u0435\u0440\u0430\u0440 \u0414\u0435\u043f\u0430\u0440\u0434\u044c\u0435\" width=\"431\" height=\"600\"\/><\/p>\n<p>K\u0101 Depardj\u0113 k\u013cuva par Putina atbalst\u012bt\u0101ju<\/p>\n<p>2012. gad\u0101 Depardj\u0113 publiski sastr\u012bd\u0113j\u0101s ar Francijas varas iest\u0101d\u0113m augsto nodok\u013cu d\u0113\u013c bag\u0101tajiem. Vi\u0146\u0161 pameta Franciju, izraisot sa\u0161utuma vilni.<\/p>\n<p>2013. gad\u0101 Krievijas prezidents Vladimirs Putins person\u012bgi pie\u0161\u0137\u012bra fran\u010du aktierim Krievijas pilson\u012bbu. Depardj\u0113 publiski pateic\u0101s Putinam un nod\u0113v\u0113ja vi\u0146u par &#8220;sp\u0113c\u012bgu l\u012bderi&#8221;.<\/p>\n<p>Aktieris ieguva dz\u012bvokli Krievij\u0101 un bie\u017ei vien tika man\u012bts pro-krieviskos pas\u0101kumos.<\/p>\n<p><img loading=\"lazy\" decoding=\"async\" style=\"aspect-ratio:600\/600;\" src=\"https:\/\/www.europesays.com\/lv\/wp-content\/uploads\/2025\/12\/chrivd-87333e8b654def14844b64a6e075c7c9.png\" alt=\"\u0416\u0435\u0440\u0430\u0440 \u0414\u0435\u043f\u0430\u0440\u0434\u044c\u0435 \u0438 \u041f\u0443\u0442\u0438\u043d\" width=\"600\" height=\"600\"\/>Attieksme pret karu<\/p>\n<p>Neskatoties uz draudz\u012bbu ar Krievijas l\u012bderi, 2022. gad\u0101 Depardj\u0113 nosod\u012bja Krievijas prezidenta r\u012bc\u012bbu attiec\u012bb\u0101 pret Ukrainu, raksta France 24. To, ko Putins dara Ukrain\u0101, Depardj\u0113 nod\u0113v\u0113ja par &#8220;trakumu&#8221;. Vienlaikus aktieris uzskata, ka visa atbild\u012bba par notieko\u0161o gulstas uz politi\u0137iem, bet parastajiem krieviem nevajadz\u0113tu ciest \u0161\u012b iemesla d\u0113\u013c.<\/p>\n<blockquote>\n<p>&#8220;Krievu tauta nav atbild\u012bga par savu l\u012bderu, piem\u0113ram, Vladimira Putina, nepr\u0101t\u012bgajiem, nepie\u0146emamajiem ekscesiem,&#8221; teicis aktieris.<\/p>\n<\/blockquote>\n<p>Dzim\u0161anas dienas jubil\u0101rs toreiz apsol\u012bja, ka visu sav\u0101kto naudu no trim koncertiem ziedos &#8220;ukrai\u0146u upuriem \u0161aj\u0101 tra\u0123iskaj\u0101 br\u0101l\u012bgu tautu kar\u0101&#8221;.<\/p>\n","protected":false},"excerpt":{"rendered":"No hulig\u0101na l\u012bdz kino zvaigznei 27. decembr\u012b aprit 77 gadi kop\u0161 dzim\u0161anas dienas \u017der\u0101ram Depardj\u0113 \u2013 vienai no&hellip;\n","protected":false},"author":2,"featured_media":87827,"comment_status":"","ping_status":"","sticky":false,"template":"","format":"standard","meta":{"footnotes":""},"categories":[19],"tags":[89,16142,90,22345,13553,35,39,38,36,37,34,40,235,22346],"class_list":{"0":"post-87826","1":"post","2":"type-post","3":"status-publish","4":"format-standard","5":"has-post-thumbnail","7":"category-izklaide","8":"tag-entertainment","9":"tag-francijas-kino","10":"tag-izklaide","11":"tag-kinoaktieris","12":"tag-krievijas-pilsoniba","13":"tag-latvia","14":"tag-latvian","15":"tag-latviesu","16":"tag-latviesu-valoda","17":"tag-latviesuvaloda","18":"tag-latvija","19":"tag-lv","20":"tag-vladimirs-putins","21":"tag-zerars-depardje"},"share_on_mastodon":{"url":"https:\/\/pubeurope.com\/@lv\/115794220639320580","error":""},"_links":{"self":[{"href":"https:\/\/www.europesays.com\/lv\/wp-json\/wp\/v2\/posts\/87826","targetHints":{"allow":["GET"]}}],"collection":[{"href":"https:\/\/www.europesays.com\/lv\/wp-json\/wp\/v2\/posts"}],"about":[{"href":"https:\/\/www.europesays.com\/lv\/wp-json\/wp\/v2\/types\/post"}],"author":[{"embeddable":true,"href":"https:\/\/www.europesays.com\/lv\/wp-json\/wp\/v2\/users\/2"}],"replies":[{"embeddable":true,"href":"https:\/\/www.europesays.com\/lv\/wp-json\/wp\/v2\/comments?post=87826"}],"version-history":[{"count":0,"href":"https:\/\/www.europesays.com\/lv\/wp-json\/wp\/v2\/posts\/87826\/revisions"}],"wp:featuredmedia":[{"embeddable":true,"href":"https:\/\/www.europesays.com\/lv\/wp-json\/wp\/v2\/media\/87827"}],"wp:attachment":[{"href":"https:\/\/www.europesays.com\/lv\/wp-json\/wp\/v2\/media?parent=87826"}],"wp:term":[{"taxonomy":"category","embeddable":true,"href":"https:\/\/www.europesays.com\/lv\/wp-json\/wp\/v2\/categories?post=87826"},{"taxonomy":"post_tag","embeddable":true,"href":"https:\/\/www.europesays.com\/lv\/wp-json\/wp\/v2\/tags?post=87826"}],"curies":[{"name":"wp","href":"https:\/\/api.w.org\/{rel}","templated":true}]}}