{"id":87853,"date":"2025-12-28T01:18:13","date_gmt":"2025-12-28T01:18:13","guid":{"rendered":"https:\/\/www.europesays.com\/lv\/87853\/"},"modified":"2025-12-28T01:18:13","modified_gmt":"2025-12-28T01:18:13","slug":"vetras-del-aptureta-pramju-satiksme-starp-hijuma-un-kontinentalo-igauniju-2","status":"publish","type":"post","link":"https:\/\/www.europesays.com\/lv\/87853\/","title":{"rendered":"V\u0113tras d\u0113\u013c aptur\u0113ta pr\u0101mju satiksme starp H\u012bjum\u0101 un kontinent\u0101lo Igauniju"},"content":{"rendered":"<p>Sestdien p\u0113d\u0113jais <a href=\"https:\/\/www.apollo.lv\/term\/684012\/pramis\" class=\"topicLink\" target=\"_blank\" rel=\"nofollow noopener\">pr\u0101mis<\/a> no Helterm\u0101, H\u012bjum\u0101 austrumos, izbrauca plkst. 14.30.<\/p>\n<p>Visi n\u0101kamie reisi mar\u0161rut\u0101 Rohukila-Helterm\u0101 v\u0113tras d\u0113\u013c ir atcelti l\u012bdz sv\u0113tdienas plkst. 10.<\/p>\n<p>&#8220;TS Laevad&#8221; sniegs papildu inform\u0101ciju par izbrauk\u0161anu no Rohukilas aptuveni plkst. 8.30 sv\u0113tdienas r\u012bt\u0101.<\/p>\n<p>Atcelto reisu bi\u013cetes b\u016bs der\u012bgas braucieniem visp\u0101r\u0113j\u0101 rind\u0101 l\u012bdz 48 stund\u0101m p\u0113c s\u0101kotn\u0113ji paredz\u0113t\u0101 izbrauk\u0161anas laika.<\/p>\n<p>Pr\u0101mji S\u0101msalas mar\u0161rut\u0101 starp kontinent\u0101lo Igauniju un Muhu salu pa\u0161laik kurs\u0113 p\u0113c grafika, ta\u010du uz\u0146\u0113mums iesaka pasa\u017eieriem sekot l\u012bdzi inform\u0101cijai par izbrauk\u0161anu abos mar\u0161rutos uz\u0146\u0113muma t\u012bmek\u013ca vietn\u0113 &#8220;praamid.ee&#8221; vai platform\u0101 &#8220;Facebook&#8221;.<\/p>\n<p>Ar\u012b pr\u0101mju satiksme starp S\u0101msalu un H\u012bjum\u0101 sestdienas p\u0113cpusdien\u0101 aptur\u0113ta, pav\u0113st\u012bja uz\u0146\u0113mums &#8220;Kihnu Veeteed&#8221;.<\/p>\n<p>Uz\u0146\u0113mums mudina sekot l\u012bdzi aktu\u0101lajai inform\u0101cijai par situ\u0101ciju sv\u0113tdien.<\/p>\n","protected":false},"excerpt":{"rendered":"Sestdien p\u0113d\u0113jais pr\u0101mis no Helterm\u0101, H\u012bjum\u0101 austrumos, izbrauca plkst. 14.30. Visi n\u0101kamie reisi mar\u0161rut\u0101 Rohukila-Helterm\u0101 v\u0113tras d\u0113\u013c ir&hellip;\n","protected":false},"author":2,"featured_media":87854,"comment_status":"","ping_status":"","sticky":false,"template":"","format":"standard","meta":{"footnotes":""},"categories":[14],"tags":[23,57,28,29,32,33,22,73,30,31,35,39,38,36,37,34,40,20,26,27,22353,22354,24,25,54,55,56,21,58],"class_list":{"0":"post-87853","1":"post","2":"type-post","3":"status-publish","4":"format-standard","5":"has-post-thumbnail","7":"category-zinas-no-arvalstim","8":"tag-aktualitates","9":"tag-arvalstim","10":"tag-breaking-news","11":"tag-breakingnews","12":"tag-featured-news","13":"tag-featurednews","14":"tag-headlines","15":"tag-igaunija","16":"tag-latest-news","17":"tag-latestnews","18":"tag-latvia","19":"tag-latvian","20":"tag-latviesu","21":"tag-latviesu-valoda","22":"tag-latviesuvaloda","23":"tag-latvija","24":"tag-lv","25":"tag-news","26":"tag-popularakas-zinas","27":"tag-popularakaszinas","28":"tag-pramis","29":"tag-sala","30":"tag-top-stories","31":"tag-topstories","32":"tag-world","33":"tag-world-news","34":"tag-worldnews","35":"tag-zinas","36":"tag-zinas-no-arvalstim"},"share_on_mastodon":{"url":"https:\/\/pubeurope.com\/@lv\/115794562473626675","error":""},"_links":{"self":[{"href":"https:\/\/www.europesays.com\/lv\/wp-json\/wp\/v2\/posts\/87853","targetHints":{"allow":["GET"]}}],"collection":[{"href":"https:\/\/www.europesays.com\/lv\/wp-json\/wp\/v2\/posts"}],"about":[{"href":"https:\/\/www.europesays.com\/lv\/wp-json\/wp\/v2\/types\/post"}],"author":[{"embeddable":true,"href":"https:\/\/www.europesays.com\/lv\/wp-json\/wp\/v2\/users\/2"}],"replies":[{"embeddable":true,"href":"https:\/\/www.europesays.com\/lv\/wp-json\/wp\/v2\/comments?post=87853"}],"version-history":[{"count":0,"href":"https:\/\/www.europesays.com\/lv\/wp-json\/wp\/v2\/posts\/87853\/revisions"}],"wp:featuredmedia":[{"embeddable":true,"href":"https:\/\/www.europesays.com\/lv\/wp-json\/wp\/v2\/media\/87854"}],"wp:attachment":[{"href":"https:\/\/www.europesays.com\/lv\/wp-json\/wp\/v2\/media?parent=87853"}],"wp:term":[{"taxonomy":"category","embeddable":true,"href":"https:\/\/www.europesays.com\/lv\/wp-json\/wp\/v2\/categories?post=87853"},{"taxonomy":"post_tag","embeddable":true,"href":"https:\/\/www.europesays.com\/lv\/wp-json\/wp\/v2\/tags?post=87853"}],"curies":[{"name":"wp","href":"https:\/\/api.w.org\/{rel}","templated":true}]}}