{"id":87859,"date":"2025-12-28T01:31:20","date_gmt":"2025-12-28T01:31:20","guid":{"rendered":"https:\/\/www.europesays.com\/lv\/87859\/"},"modified":"2025-12-28T01:31:20","modified_gmt":"2025-12-28T01:31:20","slug":"ziemassvetku-vakars-latvija-makonains-bez-ieverojamiem-nokrisniem-bet-ar-neprognozejamu-temperaturu-lente-lv","status":"publish","type":"post","link":"https:\/\/www.europesays.com\/lv\/87859\/","title":{"rendered":"Ziemassv\u0113tku vakars Latvij\u0101: m\u0101ko\u0146ains, bez iev\u0113rojamiem nokri\u0161\u0146iem, bet ar neprognoz\u0113jamu temperat\u016bru &#8211; Lente.lv"},"content":{"rendered":"<ol>\n<li><a href=\"https:\/\/news.google.com\/rss\/articles\/CBMi2gFBVV95cUxQOE5DWkpDSXJPYVY1bmtoMjZhU0JvM0F4V1ROd0l6Qmh3eEU0c3dPU2RpQXFEZUJGSEhsb1pJa01Ja3QxeTVGTEY3Q3BRbmxkbU1KblhhdjhEUlNGNEVLTW1VUzhuSTZlMzB3dXdTcmUzUXpaUURkaVI5b3NfOVpKT0IxRnQ4UEZLUWw3MkNGUHdQUGhDa1VEbkJzY0xCSWpFM2dfVENWbTlqMVR3VkxzeHZFX3NBbVNwYmg1aWhFTngzc2w3VER0d3lWWUVLei0zNklXazZYaHFtQQ?oc=5\" target=\"_blank\" rel=\"nofollow noopener\">Ziemassv\u0113tku vakars Latvij\u0101: m\u0101ko\u0146ains, bez iev\u0113rojamiem nokri\u0161\u0146iem, bet ar neprognoz\u0113jamu temperat\u016bru<\/a>&nbsp;&nbsp;Lente.lv<\/li>\n<li><a href=\"https:\/\/news.google.com\/rss\/articles\/CBMib0FVX3lxTE1uVlA3VmdRMnQyTW1lTW4xTVRsNHdzaUtvNUs4NTctWmxtdlhFWWNPcW5fUmhmSUhoTlZSUGx2RkQtMzRwbHgxSU5adXE4REdDdGVhbUVHeURyRGZZQjJKYkJrdXp6ZDBDOEdtdEF1cw?oc=5\" target=\"_blank\" rel=\"nofollow noopener\">Gadu mija n\u0101ks ar \u012bstu ziemu<\/a>&nbsp;&nbsp;NRA<\/li>\n<li><a href=\"https:\/\/news.google.com\/rss\/articles\/CBMimgFBVV95cUxORWpnVVJvaVhWb1NnSzNic1hVV1JVZ0U1enUxcm41R3FPWkc5dUM1eGNMTlF3YzFmaHBYVVV5T0hSdUJYc01KQmFCNzB4dEpsOUF0MjZkSHpDaXptenpqZS1KNTBrOUtFd1FzbUNuazUydXEzckh6YVp6SUxqQ3AtWEJfRVpoNkgzRFpWOE1pNWV0ZlpBbWhEVVd3?oc=5\" target=\"_blank\" rel=\"nofollow noopener\">Otrajos Ziemassv\u0113tkos uzsp\u012bd\u0113s saule<\/a>&nbsp;&nbsp;Delfi<\/li>\n<li><a href=\"https:\/\/news.google.com\/rss\/articles\/CBMisAFBVV95cUxQOEc3QlJDbWRDT2N5ZExkenlNWEIxM0FYQkYxLW5SeFZnUjFtLW9VNVlSQ2VjdHllYTAwU3A1MUd3d3lKSnVaV0lvWkVtam1XckxGbmN5elEwa0FDeUtVSG1sc1dqa1VTdzZUa2x6MnpWVFVrRnhkYzAwcURZRUo4RDI3M2VvSlBBX05WS1hGWUY1QXVXMG95eDJNZmNRSVUtVXBHTnFZU0lHdDZPNDA1dA?oc=5\" target=\"_blank\" rel=\"nofollow noopener\">Otrie Ziemassv\u0113tki gaid\u0101mi bez nokri\u0161\u0146iem \/ Raksts<\/a>&nbsp;&nbsp;LSM<\/li>\n<li><a href=\"https:\/\/news.google.com\/rss\/articles\/CBMihwFBVV95cUxPVVliVXVrWmpCLVlYY0hVcW5DdC1rN0xXTGxlc1I1dXl3d3FOSHJzRFp2cmU4UGlta2FQUjdiMGhOSzhHWnhlSkViS2Ywc0hadWw5NFBpYWNnaTIwRkJpZzVQeU1aZE9YLV9DaTl5YWZ3TW8yNEQ4QVJ4OVJZMnZCSFdJT1ZoWDA?oc=5\" target=\"_blank\" rel=\"nofollow noopener\">Gaid\u0101ma m\u0113ne\u0161a saulain\u0101k\u0101 un aukst\u0101k\u0101 diena<\/a>&nbsp;&nbsp;Jauns.lv<\/li>\n<\/ol>\n","protected":false},"excerpt":{"rendered":"Ziemassv\u0113tku vakars Latvij\u0101: m\u0101ko\u0146ains, bez iev\u0113rojamiem nokri\u0161\u0146iem, bet ar neprognoz\u0113jamu temperat\u016bru&nbsp;&nbsp;Lente.lv Gadu mija n\u0101ks ar \u012bstu ziemu&nbsp;&nbsp;NRA Otrajos&hellip;\n","protected":false},"author":2,"featured_media":87860,"comment_status":"","ping_status":"","sticky":false,"template":"","format":"standard","meta":{"footnotes":""},"categories":[12],"tags":[23,28,29,32,33,22,152,30,31,35,39,38,36,37,34,40,20,26,27,3377,154,24,25,9687,21],"class_list":{"0":"post-87859","1":"post","2":"type-post","3":"status-publish","4":"format-standard","5":"has-post-thumbnail","7":"category-latvija","8":"tag-aktualitates","9":"tag-breaking-news","10":"tag-breakingnews","11":"tag-featured-news","12":"tag-featurednews","13":"tag-headlines","14":"tag-laika-prognoze","15":"tag-latest-news","16":"tag-latestnews","17":"tag-latvia","18":"tag-latvian","19":"tag-latviesu","20":"tag-latviesu-valoda","21":"tag-latviesuvaloda","22":"tag-latvija","23":"tag-lv","24":"tag-news","25":"tag-popularakas-zinas","26":"tag-popularakaszinas","27":"tag-sinoptiki","28":"tag-temperatura","29":"tag-top-stories","30":"tag-topstories","31":"tag-ziemassvetki","32":"tag-zinas"},"share_on_mastodon":{"url":"https:\/\/pubeurope.com\/@lv\/115794613610008155","error":""},"_links":{"self":[{"href":"https:\/\/www.europesays.com\/lv\/wp-json\/wp\/v2\/posts\/87859","targetHints":{"allow":["GET"]}}],"collection":[{"href":"https:\/\/www.europesays.com\/lv\/wp-json\/wp\/v2\/posts"}],"about":[{"href":"https:\/\/www.europesays.com\/lv\/wp-json\/wp\/v2\/types\/post"}],"author":[{"embeddable":true,"href":"https:\/\/www.europesays.com\/lv\/wp-json\/wp\/v2\/users\/2"}],"replies":[{"embeddable":true,"href":"https:\/\/www.europesays.com\/lv\/wp-json\/wp\/v2\/comments?post=87859"}],"version-history":[{"count":0,"href":"https:\/\/www.europesays.com\/lv\/wp-json\/wp\/v2\/posts\/87859\/revisions"}],"wp:featuredmedia":[{"embeddable":true,"href":"https:\/\/www.europesays.com\/lv\/wp-json\/wp\/v2\/media\/87860"}],"wp:attachment":[{"href":"https:\/\/www.europesays.com\/lv\/wp-json\/wp\/v2\/media?parent=87859"}],"wp:term":[{"taxonomy":"category","embeddable":true,"href":"https:\/\/www.europesays.com\/lv\/wp-json\/wp\/v2\/categories?post=87859"},{"taxonomy":"post_tag","embeddable":true,"href":"https:\/\/www.europesays.com\/lv\/wp-json\/wp\/v2\/tags?post=87859"}],"curies":[{"name":"wp","href":"https:\/\/api.w.org\/{rel}","templated":true}]}}