{"id":87865,"date":"2025-12-28T01:40:15","date_gmt":"2025-12-28T01:40:15","guid":{"rendered":"https:\/\/www.europesays.com\/lv\/87865\/"},"modified":"2025-12-28T01:40:15","modified_gmt":"2025-12-28T01:40:15","slug":"esmu-laba-forma-tacu-si-gada-tour-de-ski-formats-man-nav-parocigs","status":"publish","type":"post","link":"https:\/\/www.europesays.com\/lv\/87865\/","title":{"rendered":"Esmu lab\u0101 form\u0101, ta\u010du \u0161\u012b gada &#8220;Tour de Ski&#8221; form\u0101ts man nav paroc\u012bgs"},"content":{"rendered":"<p>Pasaules kausa posmos \u0161osezon \u010detras reizes tr\u012bsdesmitniek\u0101 tikus\u012b Eiduka ar\u012b nor\u0101da, ka \u0161oreiz p\u0113c \u0160veices posma decembra vid\u016b uz m\u0101j\u0101m nav braukusi, bet palikusi tren\u0113ties It\u0101lij\u0101.<\/p>\n<p>&#8220;P\u0113c Pasaules kausa (PK) posma Davos\u0101 p\u0101rbraucu uz It\u0101liju, kur ar\u012b gatavojos visu \u0161o laiku &#8220;Tour de Ski&#8221;. T\u0101 k\u0101 Latvij\u0101 \u0161obr\u012bd nav labi apst\u0101k\u013ci saist\u012bb\u0101 ar sniegu, tad uz m\u0101j\u0101m \u0161oreiz pirms t\u016bres neaizbraucu,&#8221; atkl\u0101ja Latvijas sl\u0113pot\u0101ja. &#8220;L\u012bdz ar to ar\u012b maz\u0101k ce\u013co\u0161anas dienas, t\u0101p\u0113c pie\u0146\u0113m\u0101m l\u0113mumu, ka \u0161\u0101di ir lab\u0101k gatavo\u0161an\u0101s procesam t\u016brei.&#8221;<\/p>\n<p>Eiduka atz\u012bst, ka \u0161obr\u012bd j\u016btas labi un treni\u0146process norit\u0113jis k\u0101 pl\u0101nots. Ta\u010du saist\u012bb\u0101 ar t\u016bres \u0161\u012b gada konceptu vi\u0146a nav \u013coti priec\u012bga, bet ir ap\u0146\u0113m\u012bbas pilna c\u012bn\u012bties.<\/p>\n<p>&#8220;Nedom\u0101ju, ka \u0161ogad &#8220;Tour de Ski&#8221; form\u0101ts man b\u016btu pateic\u012bg\u0101kais, jo ir diezgan daudz posmu klasik\u0101, bet slidsol\u012b ir tikai sprints, piecu kilometru masu starts pa grup\u0101m un p\u0113d\u0113jais posmos pret kalnu, bet desmit kilometru interv\u0101la starts, 20 kilometru iedz\u012b\u0161ana un otrs sprints b\u016bs klasik\u0101,&#8221; par t\u016bri izsak\u0101s Eiduka. &#8220;L\u012bdz ar to iesp\u0113jas sevi pier\u0101d\u012bt ir maz\u0101kas, jo klasika joproj\u0101m ir mans v\u0101j\u0101kais punkts. Ta\u010du, neskatoties uz to, esmu &#8220;Tour de ski&#8221; gatava. Ie\u0161u katru dienu uz maksimumu, c\u012bn\u012b\u0161os un dar\u012b\u0161u visu, ko varu.&#8221;<\/p>\n<p>&#8220;Tour de Ski&#8221; It\u0101lijas pils\u0113t\u0101 Toblah\u0101 s\u0101ksies \u0161o sv\u0113tdien ar sprintu slidsol\u012b.<\/p>\n<p>Janv\u0101r\u012b notiks Pasaules kausa posmi V\u0101cijas tras\u0113 Oberhof\u0101 un \u0160veices ciemati\u0146\u0101 Goms\u0101, bet p\u0113c tam lab\u0101kie distan\u010du sl\u0113pot\u0101ji no 7. l\u012bdz 22. febru\u0101rim sacent\u012bsies Mil\u0101nas-Kort\u012bnas d&#8217;Ampeco olimpiskaj\u0101s sp\u0113l\u0113s.<\/p>\n<p>P\u0113c olimpiskaj\u0101m sp\u0113l\u0113m Pasaules kausa sacens\u012bbas notiks ar\u012b Zviedrijas tras\u0113 F\u0101lun\u0101, Norv\u0113\u0123ijas pils\u0113t\u0101s Drammen\u0101 un Oslo, k\u0101 ar\u012b ASV pils\u0113t\u0101 Leikplesid\u0101.<\/p>\n","protected":false},"excerpt":{"rendered":"Pasaules kausa posmos \u0161osezon \u010detras reizes tr\u012bsdesmitniek\u0101 tikus\u012b Eiduka ar\u012b nor\u0101da, ka \u0161oreiz p\u0113c \u0160veices posma decembra vid\u016b&hellip;\n","protected":false},"author":2,"featured_media":87866,"comment_status":"","ping_status":"","sticky":false,"template":"","format":"standard","meta":{"footnotes":""},"categories":[17],"tags":[35,39,38,36,37,34,40,8094,8095,67],"class_list":{"0":"post-87865","1":"post","2":"type-post","3":"status-publish","4":"format-standard","5":"has-post-thumbnail","7":"category-sports","8":"tag-latvia","9":"tag-latvian","10":"tag-latviesu","11":"tag-latviesu-valoda","12":"tag-latviesuvaloda","13":"tag-latvija","14":"tag-lv","15":"tag-patricija-eiduka","16":"tag-sleposana","17":"tag-sports"},"share_on_mastodon":{"url":"https:\/\/pubeurope.com\/@lv\/115794648979827191","error":""},"_links":{"self":[{"href":"https:\/\/www.europesays.com\/lv\/wp-json\/wp\/v2\/posts\/87865","targetHints":{"allow":["GET"]}}],"collection":[{"href":"https:\/\/www.europesays.com\/lv\/wp-json\/wp\/v2\/posts"}],"about":[{"href":"https:\/\/www.europesays.com\/lv\/wp-json\/wp\/v2\/types\/post"}],"author":[{"embeddable":true,"href":"https:\/\/www.europesays.com\/lv\/wp-json\/wp\/v2\/users\/2"}],"replies":[{"embeddable":true,"href":"https:\/\/www.europesays.com\/lv\/wp-json\/wp\/v2\/comments?post=87865"}],"version-history":[{"count":0,"href":"https:\/\/www.europesays.com\/lv\/wp-json\/wp\/v2\/posts\/87865\/revisions"}],"wp:featuredmedia":[{"embeddable":true,"href":"https:\/\/www.europesays.com\/lv\/wp-json\/wp\/v2\/media\/87866"}],"wp:attachment":[{"href":"https:\/\/www.europesays.com\/lv\/wp-json\/wp\/v2\/media?parent=87865"}],"wp:term":[{"taxonomy":"category","embeddable":true,"href":"https:\/\/www.europesays.com\/lv\/wp-json\/wp\/v2\/categories?post=87865"},{"taxonomy":"post_tag","embeddable":true,"href":"https:\/\/www.europesays.com\/lv\/wp-json\/wp\/v2\/tags?post=87865"}],"curies":[{"name":"wp","href":"https:\/\/api.w.org\/{rel}","templated":true}]}}