{"id":87867,"date":"2025-12-28T01:44:22","date_gmt":"2025-12-28T01:44:22","guid":{"rendered":"https:\/\/www.europesays.com\/lv\/87867\/"},"modified":"2025-12-28T01:44:22","modified_gmt":"2025-12-28T01:44:22","slug":"2026-gads-debesis-solas-but-iespaidigs-ari-latvija-bus-redzami-labi-pamanami-dabas-brinumi","status":"publish","type":"post","link":"https:\/\/www.europesays.com\/lv\/87867\/","title":{"rendered":"2026. gads debes\u012bs sol\u0101s b\u016bt iespaid\u012bgs! Ar\u012b Latvij\u0101 b\u016bs redzami labi paman\u0101mi dabas br\u012bnumi"},"content":{"rendered":"<p>    <img decoding=\"async\" src=\"https:\/\/www.europesays.com\/lv\/wp-content\/uploads\/2025\/12\/AFP_1CF913-800x473.jpg\" alt=\"&#10;M\u0113ness aptumsums, kas fiks\u0113ts 21. janv\u0101r\u012b Portug\u0101l\u0113.&#10;\"\/><\/p>\n<p>M\u0113ness aptumsums, kas fiks\u0113ts 21. janv\u0101r\u012b Portug\u0101l\u0113.<\/p>\n<p>Foto: AFP\/LETA\/Scanpix\n<\/p>\n<p>13:02, 26. decembris 2025<\/p>\n<p>N\u0101kam\u0101 gada august\u0101 Latvij\u0101 b\u016bs labi redzams viens da\u013c\u0113js Saules aptumsums un viens da\u013c\u0113js M\u0113ness aptumsums, inform\u0113ja Latvijas Astronomijas biedr\u012bba (LAB).<\/p>\n<p>        Las\u012bt\u0101kie<br \/>\n        <a data-imagesrc=\"{&quot;300&quot;:&quot;https:\\\/\\\/lastatic.ams3.cdn.digitaloceanspaces.com\\\/2025\\\/12\\\/FotoJet-75-300x200.jpg&quot;,&quot;1024&quot;:&quot;https:\\\/\\\/lastatic.ams3.cdn.digitaloceanspaces.com\\\/2025\\\/12\\\/FotoJet-75-1024x683.jpg&quot;,&quot;1536&quot;:&quot;https:\\\/\\\/lastatic.ams3.cdn.digitaloceanspaces.com\\\/2025\\\/12\\\/FotoJet-75-1536x1024.jpg&quot;,&quot;500&quot;:&quot;https:\\\/\\\/lastatic.ams3.cdn.digitaloceanspaces.com\\\/2025\\\/12\\\/FotoJet-75-500x333.jpg&quot;,&quot;800&quot;:&quot;https:\\\/\\\/lastatic.ams3.cdn.digitaloceanspaces.com\\\/2025\\\/12\\\/FotoJet-75-800x533.jpg&quot;,&quot;1800&quot;:&quot;https:\\\/\\\/lastatic.ams3.cdn.digitaloceanspaces.com\\\/2025\\\/12\\\/FotoJet-75.jpg&quot;}\" data-focuspoint=\"&quot;&quot;\" data-p=\"2478300\" href=\"https:\/\/www.la.lv\/foto-5-latviesu-merilinas-monro-sievietes-kuram-piemit-skaistuma-ikonas-sarms-dazas-pat-ir-bistami-lidzigas\" class=\"content-item lazy-load\" wp_automatic_readability=\"27\" rel=\"nofollow noopener\" target=\"_blank\"><\/p>\n<p>                                <img decoding=\"async\" src=\"\" alt=\"\" style=\"\" data-imageid=\"\"\/><\/p>\n<p>                                Kokteilis<\/p>\n<p>                                            FOTO. 5 latvie\u0161u Merilinas Monro: sievietes, kur\u0101m piem\u012bt skaistuma ikonas \u0161arms. Da\u017eas pat ir b\u012bstami l\u012bdz\u012bgas\n                            <\/p>\n<p><\/a><a data-imagesrc=\"{&quot;300&quot;:&quot;https:\\\/\\\/lastatic.ams3.cdn.digitaloceanspaces.com\\\/2024\\\/01\\\/06587707_high-300x214.jpg&quot;,&quot;1024&quot;:&quot;https:\\\/\\\/lastatic.ams3.cdn.digitaloceanspaces.com\\\/2024\\\/01\\\/06587707_high-1024x730.jpg&quot;,&quot;768&quot;:&quot;https:\\\/\\\/lastatic.ams3.cdn.digitaloceanspaces.com\\\/2024\\\/01\\\/06587707_high-768x548.jpg&quot;,&quot;1536&quot;:&quot;https:\\\/\\\/lastatic.ams3.cdn.digitaloceanspaces.com\\\/2024\\\/01\\\/06587707_high-1536x1095.jpg&quot;,&quot;2048&quot;:&quot;https:\\\/\\\/lastatic.ams3.cdn.digitaloceanspaces.com\\\/2024\\\/01\\\/06587707_high-2048x1460.jpg&quot;,&quot;200&quot;:&quot;https:\\\/\\\/lastatic.ams3.cdn.digitaloceanspaces.com\\\/2024\\\/01\\\/06587707_high-200x143.jpg&quot;,&quot;400&quot;:&quot;https:\\\/\\\/lastatic.ams3.cdn.digitaloceanspaces.com\\\/2024\\\/01\\\/06587707_high-400x285.jpg&quot;,&quot;500&quot;:&quot;https:\\\/\\\/lastatic.ams3.cdn.digitaloceanspaces.com\\\/2024\\\/01\\\/06587707_high-500x357.jpg&quot;,&quot;800&quot;:&quot;https:\\\/\\\/lastatic.ams3.cdn.digitaloceanspaces.com\\\/2024\\\/01\\\/06587707_high-800x570.jpg&quot;,&quot;1000&quot;:&quot;https:\\\/\\\/lastatic.ams3.cdn.digitaloceanspaces.com\\\/2024\\\/01\\\/06587707_high-1000x713.jpg&quot;,&quot;2560&quot;:&quot;https:\\\/\\\/lastatic.ams3.cdn.digitaloceanspaces.com\\\/2024\\\/01\\\/06587707_high-scaled.jpg&quot;}\" data-focuspoint=\"&quot;&quot;\" data-p=\"2485916\" href=\"https:\/\/www.la.lv\/ta-noteikti-klus-par-lielu-problemu-visa-pasaule-eksperti-bridina-par-loti-nepatikamas-adas-senites-infekcijas-izplatibu\" class=\"content-item lazy-load\" wp_automatic_readability=\"27\" rel=\"nofollow noopener\" target=\"_blank\"><\/p>\n<p>                                <img decoding=\"async\" src=\"\" alt=\"\" style=\"\" data-imageid=\"\"\/><\/p>\n<p>\n                                                \u201cT\u0101 noteikti k\u013c\u016bs par lielu probl\u0113mu vis\u0101 pasaul\u0113,\u201d eksperti br\u012bdina par \u013coti nepat\u012bkamas \u0101das s\u0113n\u012btes infekcijas izplat\u012bbu<\/p>\n<p><\/a><a data-imagesrc=\"{&quot;300&quot;:&quot;https:\\\/\\\/lastatic.ams3.cdn.digitaloceanspaces.com\\\/2020\\\/01\\\/shutterstock_409760461-300x200.jpg&quot;,&quot;768&quot;:&quot;https:\\\/\\\/lastatic.ams3.cdn.digitaloceanspaces.com\\\/2020\\\/01\\\/shutterstock_409760461-768x513.jpg&quot;,&quot;200&quot;:&quot;https:\\\/\\\/lastatic.ams3.cdn.digitaloceanspaces.com\\\/2020\\\/01\\\/shutterstock_409760461-200x134.jpg&quot;,&quot;400&quot;:&quot;https:\\\/\\\/lastatic.ams3.cdn.digitaloceanspaces.com\\\/2020\\\/01\\\/shutterstock_409760461-400x267.jpg&quot;,&quot;500&quot;:&quot;https:\\\/\\\/lastatic.ams3.cdn.digitaloceanspaces.com\\\/2020\\\/01\\\/shutterstock_409760461-500x334.jpg&quot;,&quot;800&quot;:&quot;https:\\\/\\\/lastatic.ams3.cdn.digitaloceanspaces.com\\\/2020\\\/01\\\/shutterstock_409760461.jpg&quot;}\" data-focuspoint=\"&quot;&quot;\" data-p=\"2300388\" href=\"https:\/\/www.la.lv\/6-partikas-produkti-no-kuriem-butu-ieteicams-izvairities-senioriem\" class=\"content-item lazy-load\" wp_automatic_readability=\"26.5\" rel=\"nofollow noopener\" target=\"_blank\"><\/p>\n<p>                                <img decoding=\"async\" src=\"\" alt=\"\" style=\"\" data-imageid=\"\"\/><\/p>\n<p>                                Veselam<\/p>\n<p>\n                                                6 p\u0101rtikas produkti, no kuriem b\u016btu ieteicams izvair\u012bties senioriem\n                            <\/p>\n<p><\/a><br \/>\n        <a class=\"read-more\" href=\"https:\/\/www.la.lv\/top\" rel=\"nofollow noopener\" target=\"_blank\">Las\u012bt citas zi\u0146as<\/a><\/p>\n<p>N\u0101kamgad da\u017e\u0101d\u0101s viet\u0101s pasaul\u0113 b\u016bs nov\u0113rojami divi Saules un divi M\u0113ness aptumsumi.<\/p>\n<p>12. august\u0101 Latvij\u0101 b\u016bs redzams da\u013c\u0113js Saules aptumsums \u2013 R\u012bg\u0101 tas s\u0101ksies plkst. 20.06 un nosl\u0113gsies ar Saules rietu ap plkst. 21.11. Aptumsuma maksimum\u0101 b\u016bs aizsegta vair\u0101k nek\u0101 80 procentu Saules diska, un piej\u016bras nov\u0113rot\u0101jiem b\u016bs iesp\u0113ja redz\u0113t rieto\u0161u Saules sirpi. Pilns Saules aptumsums taj\u0101 pa\u0161\u0101 dien\u0101 b\u016bs nov\u0113rojams Sp\u0101nij\u0101, kas b\u016bs pirmais pilnais Saules aptumsums kontinent\u0101laj\u0101 Eirop\u0101 kop\u0161 1999. gada.<\/p>\n<p>    CITI \u0160OBR\u012aD LASA<\/p>\n<p>Savuk\u0101rt 28. august\u0101 b\u016bs v\u0113rojams ar\u012b da\u013c\u0113js M\u0113ness aptumsums. Latvij\u0101 b\u016bs redzams t\u0101 s\u0101kums \u2013 R\u012bg\u0101 tas s\u0101ksies plkst. 5.34, bet plkst. 6.22 M\u0113ness riet\u0113s br\u012bd\u012b, kad aptum\u0161ota b\u016bs apm\u0113ram puse t\u0101 diska.<\/p>\n<blockquote><p>Astronomi prognoz\u0113, ka 2026. gads b\u016bs viens no iespaid\u012bg\u0101kajiem astronomisko notikumu zi\u0146\u0101 p\u0113d\u0113j\u0101 desmitgad\u0113. Latvijas debes\u012bs b\u016bs nov\u0113rojamas ar\u012b spo\u017eas plan\u0113tas, plan\u0113tu par\u0101de un meteoru lieti.<\/p><\/blockquote>\n<p>Febru\u0101r\u012b un marta s\u0101kum\u0101 vakaros debes\u012bs b\u016bs redzama t\u0101 d\u0113v\u0113t\u0101 plan\u0113tu par\u0101de, kad neliel\u0101 att\u0101lum\u0101 cita no citas rietumu pus\u0113 vienlaikus b\u016bs saskat\u0101mas \u010detras spo\u017e\u0101k\u0101s plan\u0113tas. Visa gada laik\u0101 b\u016bs iesp\u0113jams nov\u0113rot ar\u012b visas piecas spo\u017e\u0101k\u0101s Saules sist\u0113mas plan\u0113tas \u2013 Merkuru, Veneru, Marsu, Jupiteru un Saturnu.<\/p>\n<p>Visspo\u017e\u0101k\u0101 no t\u0101m \u2013 Venera \u2013 b\u016bs redzama vakaros no febru\u0101ra l\u012bdz augusta vidum, bet gada nogal\u0113, novembr\u012b un decembr\u012b, to var\u0113s v\u0113rot no r\u012btiem pirms saull\u0113kta. 9. j\u016bnij\u0101 p\u0113c saulrieta Venera atrad\u012bsies \u013coti tuvu Jupiteram, ab\u0101m plan\u0113t\u0101m veidojot spilgtu sp\u012bdek\u013cu p\u0101ri vakara debes\u012bs.<\/p>\n<p>Marss b\u016bs redzams r\u012btos j\u016bnij\u0101 un j\u016blij\u0101, vasaras beig\u0101s \u2013 nakts otraj\u0101 pus\u0113, bet no oktobra l\u012bdz gada beig\u0101m \u2013 visu nakti. Savuk\u0101rt 16. novembr\u012b Marss un Jupiters b\u016bs redzami \u013coti tuvu viens otram Lauvas zvaigzn\u0101j\u0101.<\/p>\n<p>Jupiters gada pirmaj\u0101 pus\u0113 b\u016bs redzams vakaros, ruden\u012b \u2013 r\u012btos un nakt\u012b, bet decembr\u012b to var\u0113s v\u0113rot visas nakts garum\u0101. Saturns b\u016bs redzams vakaros no janv\u0101ra l\u012bdz febru\u0101ra vidum, k\u0101 ar\u012b no novembra l\u012bdz gada beig\u0101m, savuk\u0101rt vasar\u0101 un ruden\u012b \u2013 ar\u012b nakts stund\u0101s.<\/p>\n<p>Saulei tuv\u0101k\u0101 plan\u0113ta Merkurs b\u016bs redzams vakaros febru\u0101ra otraj\u0101 pus\u0113, bet no r\u012bta to var\u0113s nov\u0113rot novembra otraj\u0101 pus\u0113.<\/p>\n<p>Gada laik\u0101 gaid\u0101mi ar\u012b vair\u0101ku meteoru pl\u016bsmu maksimumi \u2013 Kvadrant\u012bdas janv\u0101ra s\u0101kum\u0101, Perse\u012bdas augusta vid\u016b un Gemin\u012bdas decembra vid\u016b. Turkl\u0101t, lai ar\u012b 2026. gads b\u016bs p\u0113d\u0113jais pa\u0161reiz\u0113j\u0101 akt\u012bv\u0101 Saules cikla gads, joproj\u0101m past\u0101v laba iesp\u0113ja Latvij\u0101 nov\u0113rot zieme\u013cbl\u0101zmas, \u012bpa\u0161i ap astronomisk\u0101 pavasara un rudens s\u0101kumu.<\/p>\n<p>Astronomi nor\u0101da, ka apr\u012bl\u012b past\u0101v iesp\u0113ja ieraudz\u012bt ar\u012b kom\u0113tu \u201cC\/2025 R3\u201d, ta\u010du t\u0101s nov\u0113ro\u0161anai, visticam\u0101k, b\u016bs nepiecie\u0161ams binoklis.<\/p>\n<p>Vienlaikus speci\u0101listi atg\u0101dina, ka naksn\u012bg\u0101s debesis arvien vair\u0101k piepilda sakaru pavado\u0146i, kas var trauc\u0113t kvalitat\u012bvus astronomiskos nov\u0113rojumus.<\/p>\n<p>LAB apvieno astronomijas profesion\u0101\u013cus un interesentus, lai populariz\u0113tu astronomiju. Biedr\u012bbas biedri piedal\u0101s \u017eurn\u0101la \u201cZvaig\u017e\u0146ot\u0101 Debess\u201d veido\u0161an\u0101, vada debess nov\u0113rojumus Latvijas Universit\u0101tes Astronomiskaj\u0101 torn\u012b un organiz\u0113 regul\u0101ras informat\u012bvas san\u0101ksmes.<\/p>\n<p>T\u0113mas<\/p>\n<p>    SAIST\u012aTIE RAKSTI<\/p>\n","protected":false},"excerpt":{"rendered":"M\u0113ness aptumsums, kas fiks\u0113ts 21. janv\u0101r\u012b Portug\u0101l\u0113. Foto: AFP\/LETA\/Scanpix 13:02, 26. decembris 2025 N\u0101kam\u0101 gada august\u0101 Latvij\u0101 b\u016bs&hellip;\n","protected":false},"author":2,"featured_media":87868,"comment_status":"","ping_status":"","sticky":false,"template":"","format":"standard","meta":{"footnotes":""},"categories":[5],"tags":[23,28,29,32,33,22,30,31,35,39,38,36,37,34,40,20,26,27,24,25,21],"class_list":{"0":"post-87867","1":"post","2":"type-post","3":"status-publish","4":"format-standard","5":"has-post-thumbnail","7":"category-aktualitates","8":"tag-aktualitates","9":"tag-breaking-news","10":"tag-breakingnews","11":"tag-featured-news","12":"tag-featurednews","13":"tag-headlines","14":"tag-latest-news","15":"tag-latestnews","16":"tag-latvia","17":"tag-latvian","18":"tag-latviesu","19":"tag-latviesu-valoda","20":"tag-latviesuvaloda","21":"tag-latvija","22":"tag-lv","23":"tag-news","24":"tag-popularakas-zinas","25":"tag-popularakaszinas","26":"tag-top-stories","27":"tag-topstories","28":"tag-zinas"},"share_on_mastodon":{"url":"https:\/\/pubeurope.com\/@lv\/115794664855201432","error":""},"_links":{"self":[{"href":"https:\/\/www.europesays.com\/lv\/wp-json\/wp\/v2\/posts\/87867","targetHints":{"allow":["GET"]}}],"collection":[{"href":"https:\/\/www.europesays.com\/lv\/wp-json\/wp\/v2\/posts"}],"about":[{"href":"https:\/\/www.europesays.com\/lv\/wp-json\/wp\/v2\/types\/post"}],"author":[{"embeddable":true,"href":"https:\/\/www.europesays.com\/lv\/wp-json\/wp\/v2\/users\/2"}],"replies":[{"embeddable":true,"href":"https:\/\/www.europesays.com\/lv\/wp-json\/wp\/v2\/comments?post=87867"}],"version-history":[{"count":0,"href":"https:\/\/www.europesays.com\/lv\/wp-json\/wp\/v2\/posts\/87867\/revisions"}],"wp:featuredmedia":[{"embeddable":true,"href":"https:\/\/www.europesays.com\/lv\/wp-json\/wp\/v2\/media\/87868"}],"wp:attachment":[{"href":"https:\/\/www.europesays.com\/lv\/wp-json\/wp\/v2\/media?parent=87867"}],"wp:term":[{"taxonomy":"category","embeddable":true,"href":"https:\/\/www.europesays.com\/lv\/wp-json\/wp\/v2\/categories?post=87867"},{"taxonomy":"post_tag","embeddable":true,"href":"https:\/\/www.europesays.com\/lv\/wp-json\/wp\/v2\/tags?post=87867"}],"curies":[{"name":"wp","href":"https:\/\/api.w.org\/{rel}","templated":true}]}}