{"id":87869,"date":"2025-12-28T02:00:21","date_gmt":"2025-12-28T02:00:21","guid":{"rendered":"https:\/\/www.europesays.com\/lv\/87869\/"},"modified":"2025-12-28T02:00:21","modified_gmt":"2025-12-28T02:00:21","slug":"vai-baltkrievija-izvietoti-360-000-krievu-karaviri","status":"publish","type":"post","link":"https:\/\/www.europesays.com\/lv\/87869\/","title":{"rendered":"Vai Baltkrievij\u0101 izvietoti 360 000 krievu karav\u012bri?"},"content":{"rendered":"<p>Pla\u0161u rezonansi starptautiskajos medijos aizvad\u012btaj\u0101 ned\u0113\u013c\u0101 izrais\u012bja V\u0101cijas Bundest\u0101ga deput\u0101ta (Krist\u012bgo demokr\u0101tu savien\u012bba (CDU)) un biju\u0161\u0101 bru\u0146oto sp\u0113ku pulkve\u017ea Roderiha K\u012bzevetera izteikumi par it k\u0101 Baltkrievij\u0101 izvietotiem 360 000 Krievijas karav\u012bru. K\u012bzeveters pazi\u0146oja, ka Krievija ir izvietojusi divus armijas korpusus Baltkrievijas teritorij\u0101 un tas potenci\u0101li var\u0113tu rad\u012bt tie\u0161u apdraud\u0113jumu NATO austrumu flangam. Tom\u0113r ne publiski pieejam\u0101 inform\u0101cija, ne aizsardz\u012bbas strukt\u016bru un amatpersonu koment\u0101ri \u0161os apgalvojumus neapstiprina.<\/p>\n<p>Bundest\u0101ga deput\u0101ts V\u0101cijas telev\u012bzijas kan\u0101la<a rel=\"noopener nofollow\" target=\"_blank\" href=\"https:\/\/www.n-tv.de\/politik\/Kiesewetter-warnt-2026-und-2027-werden-kritisch-id30149007.html\" data-rel-date-range=\"[]\"> &#8220;n-tv.de&#8221; r\u012bkotaj\u0101 diskusij\u0101<\/a> 15. decembr\u012b pauda, ka Krievija p\u0113d\u0113jo divu gadu laik\u0101 b\u016btiski pastiprin\u0101jusi milit\u0101ro kl\u0101tb\u016btni Baltkrievij\u0101. P\u0113c vi\u0146a teikt\u0101, Krievija uztur divus armijas korpusus Baltkrievij\u0101, kas noz\u012bm\u0113jot 350 000 l\u012bdz 360 000 kaujas gatav\u012bb\u0101 eso\u0161u karav\u012bru. K\u012bzeveters nor\u0101d\u012bja, ka &#8220;tas ir satrauco\u0161i, \u012bpa\u0161i Baltijas valst\u012bs.&#8221; <\/p>\n<p>\u0160aj\u0101 diskusij\u0101 v\u0101cu politi\u0137is ar\u012b sac\u012bja, ka Krievijas prezidents Vladimirs Putins no milit\u0101r\u0101s perspekt\u012bvas Ukrain\u0101 karo &#8220;ne p\u0101r\u0101k veiksm\u012bgi&#8221;, bet ar\u012b atz\u012bm\u0113ja, ka tiekot apm\u0101c\u012bti &#8220;simtiem t\u016bksto\u0161u karav\u012bru&#8221;, kuri netiek izvietoti Ukrain\u0101.<\/p>\n<p>T\u0101pat K\u012bzeveters br\u012bdin\u0101ja, ka n\u0101kamie divi gadi Eiropai b\u016bs kritiski svar\u012bgi. <\/p>\n<p>Vi\u0146a teikto p\u0101rpublic\u0113jusi virkne starptautisku mediju, k\u0101 ar\u012b soci\u0101lo t\u012bklu lietot\u0101ju, kuri paudu\u0161i ba\u017eas par las\u012bto un bailes par Krievijas gatavo\u0161anos iebrukumam NATO valst\u012bs. <\/p>\n<p><img decoding=\"async\" itemprop=\"image\" src=\"https:\/\/www.europesays.com\/lv\/wp-content\/uploads\/2025\/12\/d1747e28-5d60-48a9-a348-cabe8e261c97.jpg\" title=\"Faktu p\u0101rbaude: Vai Baltkrievij\u0101 izvietoti 360 000 krievu karav\u012bri?\" alt=\"Faktu p\u0101rbaude: Vai Baltkrievij\u0101 izvietoti 360 000 krievu karav\u012bri?\" class=\"img-fluid w-100\" data-v-a1a92103=\"\"\/>Foto: DELFI<\/p>\n<p>J\u0101nor\u0101da, ka K\u012bzeveters teiktais nav ofici\u0101ls V\u0101cijas dro\u0161\u012bbas iest\u0101\u017eu v\u0113rt\u0113jums. L\u012bdz \u0161im neviena V\u0101cijas instit\u016bcija, ne ar\u012b k\u0101da cita augsta V\u0101cijas amatpersona publiski nav apstiprin\u0101jusi \u0161o apgalvojumu par Baltkrievij\u0101 izvietotiem 350 000 \u2013 360 000 Krievijas karav\u012bru. Ar\u012b NATO publiskajos pazi\u0146ojumos \u0161\u0101ds skaitlis nav min\u0113ts.<\/p>\n<p>Turkl\u0101t jau dr\u012bz p\u0113c \u0161\u012bs v\u0113sts izplat\u012b\u0161an\u0101s jau Eiropas m\u0113rog\u0101 pa\u0161a K\u012bzevetera birojs to preciz\u0113ja. Interneta medijam &#8220;Ukrinform.net&#8221; K\u012bzevetera Bundest\u0101ga birojs skaidroja, ka ir notikusi k\u013c\u016bda apr\u0113\u0137inos. Proti, run\u0101jot par izvietotajiem korpusiem, K\u012bzeveters izmantojis NATO m\u0113rogu, ta\u010du Krievijas armijas korpusi esot krietni maz\u0101ki. Attiec\u012bgi, p\u0113c K\u012bzevetera biroja paust\u0101, faktiskais skaits, visticam\u0101k, esot no 100 000 l\u012bdz 150 000 krievu karav\u012bru Baltkrievij\u0101.<\/p>\n<p>Lietuva un Latvija noliedz <\/p>\n<p>Lietuvas Bru\u0146otie sp\u0113ki un Aizsardz\u012bbas ministrija \u0101tri rea\u0123\u0113ja uz izskan\u0113ju\u0161o inform\u0101ciju un izplat\u012bja publisku pazi\u0146ojumu soci\u0101lajos t\u012bklos, nor\u0101dot, ka t\u0101 neatbilst paties\u012bbai.<\/p>\n<p>&#8220;Internet\u0101 izplat\u0101s \u0101rvalstu pla\u0161sazi\u0146as l\u012bdzek\u013cu public\u0113ta inform\u0101cija par iesp\u0113jamu vair\u0101k nek\u0101 300 000 Krievijas konvencion\u0101lo sp\u0113ku karav\u012bru izvieto\u0161anu Baltkrievij\u0101, kas jebkur\u0101 br\u012bd\u012b ir gatavi uzbrukt NATO. \u012as\u0101k sakot, Baltkrievij\u0101 nekas pat att\u0101li l\u012bdz\u012bgs nav, Krievijas sp\u0113jas ir nostiprin\u0101tas Ukrain\u0101, Krievijas sp\u0113jas nav izvietotas uz m\u016bsu un kaimi\u0146valstu NATO robe\u017e\u0101m, un attiec\u012bgi nevar run\u0101t par nodomu izmantot \u0161\u0101das neeso\u0161as sp\u0113jas. Sensacion\u0101la dezinform\u0101cija izplat\u0101s \u0101tri, t\u0101p\u0113c b\u016btu labi to neveicin\u0101t,&#8221; pazi\u0146ojum\u0101 nor\u0101d\u012bja Lietuvas Bru\u0146otie sp\u0113ki.<\/p>\n<p>Saska\u0146\u0101 ar Lietuvas Aizsardz\u012bbas ministrijas Otr\u0101 operat\u012bvo dienestu departamenta datiem Krievijai pa\u0161laik Baltkrievij\u0101 ir izvietoti vair\u0101ki t\u016bksto\u0161i karav\u012bru, ta\u010du t\u0101s esot nemanevr\u0113jamas vien\u012bbas.<\/p>\n<p>Savuk\u0101rt Latvijas Aizsardz\u012bbas ministrij\u0101 port\u0101lam &#8220;Delfi&#8221; uzsv\u0113ra, ka &#8220;nav izl\u016bkinform\u0101cijas, kas liecin\u0101tu par simtiem t\u016bksto\u0161u krievijas karav\u012bru kl\u0101tb\u016btni Baltkrievij\u0101.&#8221; Ministrij\u0101 skaidroja, ka p\u0113c m\u0101c\u012bb\u0101m &#8220;Zapad 2025&#8221; taj\u0101s iesaist\u012bt\u0101s Krievijas vien\u012bbas pameta Baltkrievijas teritoriju un masveid\u012bga karav\u012bru p\u0101rvieto\u0161ana kop\u0161 t\u0101m nav nov\u0113rota.<\/p>\n<p>T\u0101pat ministrij\u0101 apliecin\u0101ja, ka Nacion\u0101lie bru\u0146otie sp\u0113ki seko l\u012bdzi jebkur\u0101m milit\u0101raj\u0101m p\u0101rmai\u0146\u0101m un ar izl\u016bkinform\u0101ciju apmain\u0101s ar sabiedrotajiem. &#8220;Aicin\u0101m sekot l\u012bdzi aktualit\u0101t\u0113m aizsardz\u012bbas nozares zi\u0146u platform\u0101s \u2013 m\u0101jas lap\u0101s un soci\u0101lajos t\u012bklos, kur sabiedr\u012bba regul\u0101ri tiek inform\u0113ta par dro\u0161\u012bbas situ\u0101ciju un aktualit\u0101t\u0113m,&#8221; aicin\u0101ja ministrij\u0101.<\/p>\n<p>L\u012bdz\u012bgi ar\u012b Nacion\u0101lie bru\u0146otie sp\u0113ki &#8220;Delfi&#8221; pauda, ka neesot paz\u012bmju, kas liecin\u0101tu par palielin\u0101tu Krievijas karav\u012bru skaita kl\u0101tb\u016btni Baltkrievij\u0101 \u0101rpus ierast\u0101, k\u0101 ar\u012b uzsv\u0113ra, ka &#8220;simtus vai pat desmitus t\u016bksto\u0161u karav\u012bru nav iesp\u0113jams p\u0101rvietot un izmitin\u0101t neman\u0101mi.&#8221;<\/p>\n<p>Cik Krievijas karav\u012bru ir Baltkrievij\u0101?<\/p>\n<p>Pret\u0113ji K\u012bzevetera teiktajam diskusij\u0101 &#8220;n-tv.de&#8221;, gan ar\u012b p\u0113c tam preciz\u0113taj\u0101m apl\u0113s\u0113m par Krievijas kontingenta skaitlisko apm\u0113ru Baltkrievij\u0101 publiski pieejam\u0101 inform\u0101cija un ekspertu v\u0113rt\u0113jums liecina par iev\u0113rojami maz\u0101kiem apjomiem. Tiesa, min\u0113to skait\u013cu amplit\u016bda ir diezgan pla\u0161a.<\/p>\n<p>Piem\u0113ram, Lietuvas Aizsardz\u012bbas atbalsta fonda vad\u012bt\u0101js, rezerves pulkvedis <a rel=\"noopener nofollow\" target=\"_blank\" href=\"https:\/\/tvpworld.com\/90606690\/expert-rejects-reports-of-360000-russian-troops-in-belarus\" data-rel-date-range=\"[]\">Vaidots Mali\u0146onis port\u0101lam &#8220;TVP World&#8221; sac\u012bja<\/a>, ka K\u012bzevetera paustais par 350 000 \u2013 360 000 Krievijas karav\u012briem Baltkrievij\u0101 ir &#8220;nere\u0101li un maldino\u0161i&#8221;. P\u0113c vi\u0146a apl\u0113s\u0113m Baltkrievij\u0101 \u0161obr\u012bd esot vien da\u017ei t\u016bksto\u0161i karav\u012bru, kuri nodarbojas nevis ar kaujas oper\u0101cij\u0101m, liel\u0101koties ar lo\u0123istikas un atbalsta funkcij\u0101m. <\/p>\n<p>Savuk\u0101rt Ukrainas milit\u0101rais eksperts, atva\u013cin\u0101tais pulkvedis Romans Svitans Ukrain\u0101 b\u0101z\u0113tajam port\u0101lam <a rel=\"noopener nofollow\" target=\"_blank\" href=\"https:\/\/112.ua\/en\/ekspert-nazvav-skilki-rosijskih-vijsk-realno-perebuvae-v-bilorusi-123115\" data-rel-date-range=\"[]\">112.ua l\u0113sis<\/a>, ka parasti armijas milit\u0101raj\u0101 korpus\u0101 ir apm\u0113ram 15 000 karav\u012bru, l\u012bdz ar to runa var\u0113tu b\u016bt par 30 000 Krievijas karav\u012bru, nevis simtiem t\u016bksto\u0161u. <\/p>\n<p>Bet Baltkrievijas Dzelzce\u013c\u0146ieku savien\u012bba<a rel=\"noopener nofollow\" target=\"_blank\" href=\"https:\/\/euroradio.fm\/ru\/nemeckiy-politik-skazal-chto-v-belarusi-uzhe-360-000-rossiyskikh-soldat-pravda\" data-rel-date-range=\"[]\"> radiostacijai &#8220;Euroradio&#8221; koment\u0113jusi<\/a>, ka dzelzce\u013ca darbinieki b\u016btu paman\u012bju\u0161i 360 000 karav\u012bru p\u0101rvieto\u0161anu. P\u0113c savien\u012bbas paust\u0101, Baltkrievij\u0101 \u0161obr\u012bd esot ne vair\u0101k k\u0101 1200 Krievijas karav\u012bru. <\/p>\n<p>L\u012bdz\u012bgi ar\u012b citi milit\u0101rie anal\u012bti\u0137i nor\u0101d\u012bju\u0161i, ka tik liela karasp\u0113ka izvieto\u0161ana b\u016btu \u013coti gr\u016bti nosl\u0113pjama, jo tam nepiecie\u0161ams liels lo\u0123istikas atbalsts. Attiec\u012bgi \u0161\u0101das aktivit\u0101tes b\u016btu paman\u0101mas gan satel\u012btatt\u0113los, gan NATO izl\u016bko\u0161anas datos, ta\u010du par neko t\u0101du vismaz publiski nav zi\u0146ots. <\/p>\n<p class=\"m-0\">Seko &#8220;Delfi&#8221; ar\u012b  <a target=\"_blank\" href=\"https:\/\/www.instagram.com\/delfi.lv\/\" rel=\"nofollow noopener\">Instagram<\/a>  un <a target=\"_blank\" href=\"https:\/\/www.youtube.com\/channel\/UCw5foWtcJvAbUm64rv7jwUQ\" rel=\"nofollow noopener\">YouTube<\/a>  profil\u0101 \u2013 pievienojies, lai uzzin\u0101tu svar\u012bg\u0101ko un interesant\u0101ko pirmais!<\/p>\n<p>Publik\u0101cijas saturs vai t\u0101s jebk\u0101da apjoma da\u013ca ir aizsarg\u0101ts autorties\u012bbu objekts Autorties\u012bbu likuma izpratn\u0113, un t\u0101 izmanto\u0161ana bez izdev\u0113ja at\u013caujas ir aizliegta. Vair\u0101k lasi  <a target=\"_blank\" href=\"https:\/\/www.delfi.lv\/noteikumi#autortiesibas\" rel=\"nofollow noopener\">\u0161eit<\/a><script async src=\"\/\/www.instagram.com\/embed.js\"><\/script><\/p>\n","protected":false},"excerpt":{"rendered":"Pla\u0161u rezonansi starptautiskajos medijos aizvad\u012btaj\u0101 ned\u0113\u013c\u0101 izrais\u012bja V\u0101cijas Bundest\u0101ga deput\u0101ta (Krist\u012bgo demokr\u0101tu savien\u012bba (CDU)) un biju\u0161\u0101 bru\u0146oto sp\u0113ku&hellip;\n","protected":false},"author":2,"featured_media":87870,"comment_status":"","ping_status":"","sticky":false,"template":"","format":"standard","meta":{"footnotes":""},"categories":[14],"tags":[23,57,22361,622,2416,28,29,32,33,22,234,30,31,35,39,38,36,37,34,40,20,26,27,24,25,54,55,56,21,58],"class_list":{"0":"post-87869","1":"post","2":"type-post","3":"status-publish","4":"format-standard","5":"has-post-thumbnail","7":"category-zinas-no-arvalstim","8":"tag-aktualitates","9":"tag-arvalstim","10":"tag-atmaskots-lv","11":"tag-austrumu-flangs","12":"tag-baltkrievija","13":"tag-breaking-news","14":"tag-breakingnews","15":"tag-featured-news","16":"tag-featurednews","17":"tag-headlines","18":"tag-krievija","19":"tag-latest-news","20":"tag-latestnews","21":"tag-latvia","22":"tag-latvian","23":"tag-latviesu","24":"tag-latviesu-valoda","25":"tag-latviesuvaloda","26":"tag-latvija","27":"tag-lv","28":"tag-news","29":"tag-popularakas-zinas","30":"tag-popularakaszinas","31":"tag-top-stories","32":"tag-topstories","33":"tag-world","34":"tag-world-news","35":"tag-worldnews","36":"tag-zinas","37":"tag-zinas-no-arvalstim"},"share_on_mastodon":{"url":"https:\/\/pubeurope.com\/@lv\/115794727689067491","error":""},"_links":{"self":[{"href":"https:\/\/www.europesays.com\/lv\/wp-json\/wp\/v2\/posts\/87869","targetHints":{"allow":["GET"]}}],"collection":[{"href":"https:\/\/www.europesays.com\/lv\/wp-json\/wp\/v2\/posts"}],"about":[{"href":"https:\/\/www.europesays.com\/lv\/wp-json\/wp\/v2\/types\/post"}],"author":[{"embeddable":true,"href":"https:\/\/www.europesays.com\/lv\/wp-json\/wp\/v2\/users\/2"}],"replies":[{"embeddable":true,"href":"https:\/\/www.europesays.com\/lv\/wp-json\/wp\/v2\/comments?post=87869"}],"version-history":[{"count":0,"href":"https:\/\/www.europesays.com\/lv\/wp-json\/wp\/v2\/posts\/87869\/revisions"}],"wp:featuredmedia":[{"embeddable":true,"href":"https:\/\/www.europesays.com\/lv\/wp-json\/wp\/v2\/media\/87870"}],"wp:attachment":[{"href":"https:\/\/www.europesays.com\/lv\/wp-json\/wp\/v2\/media?parent=87869"}],"wp:term":[{"taxonomy":"category","embeddable":true,"href":"https:\/\/www.europesays.com\/lv\/wp-json\/wp\/v2\/categories?post=87869"},{"taxonomy":"post_tag","embeddable":true,"href":"https:\/\/www.europesays.com\/lv\/wp-json\/wp\/v2\/tags?post=87869"}],"curies":[{"name":"wp","href":"https:\/\/api.w.org\/{rel}","templated":true}]}}