{"id":87872,"date":"2025-12-28T02:18:17","date_gmt":"2025-12-28T02:18:17","guid":{"rendered":"https:\/\/www.europesays.com\/lv\/87872\/"},"modified":"2025-12-28T02:18:17","modified_gmt":"2025-12-28T02:18:17","slug":"zaporizja-gajis-boja-krievu-brivpratigo-korpusa-vaditajs-deniss-kapustins-3","status":"publish","type":"post","link":"https:\/\/www.europesays.com\/lv\/87872\/","title":{"rendered":"Zapori\u017ej\u0101 g\u0101jis boj\u0101 &#8220;Krievu Br\u012bvpr\u0101t\u012bgo korpusa&#8221; vad\u012bt\u0101js Deniss Kapustins"},"content":{"rendered":"<p>&#8220;Krievu Br\u012bvpr\u0101t\u012bgo korpuss&#8221; (RDK), kas c\u012bn\u0101s Ukrainas pus\u0113,\u00a0ir pazi\u0146ojis par sava komandiera Denisa Kapustina n\u0101vi, kas paz\u012bstams ar izsaukuma sign\u0101lu &#8220;WhiteRex&#8221;. Saska\u0146\u0101 ar RDK inform\u0101ciju, vi\u0146\u0161 g\u0101jis boj\u0101 nakts laik\u0101 Zapori\u017ejas sektor\u0101 kaujas misijas laik\u0101. S\u0101kotn\u0113jais iemesls tiek uzskat\u012bts par FPV drona triecienu. S\u012bk\u0101ku inform\u0101cija par incidentu tiek sol\u012bts sniegt v\u0113l\u0101k, un pa\u0161laik tiek skaidroti apst\u0101k\u013ci. Korpusa pazi\u0146ojum\u0101 uzsv\u0113rts, ka Kapustins g\u0101jis boj\u0101 k\u0101 \u012bsts komandieris frontes l\u012bnij\u0101s, un &#8220;krievijas br\u012bvpr\u0101t\u012bgo korpuss&#8221; jau ir sol\u012bjis atriebt vi\u0146a n\u0101vi. Kaujinieki uzsv\u0113ra, ka vi\u0146a mantojums turpin\u0101sies.<\/p>\n","protected":false},"excerpt":{"rendered":"&#8220;Krievu Br\u012bvpr\u0101t\u012bgo korpuss&#8221; (RDK), kas c\u012bn\u0101s Ukrainas pus\u0113,\u00a0ir pazi\u0146ojis par sava komandiera Denisa Kapustina n\u0101vi, kas paz\u012bstams ar&hellip;\n","protected":false},"author":2,"featured_media":87253,"comment_status":"","ping_status":"","sticky":false,"template":"","format":"standard","meta":{"footnotes":""},"categories":[14],"tags":[23,57,28,29,32,33,22,30,31,35,39,38,36,37,34,40,20,26,27,24,25,54,55,56,21,58],"class_list":{"0":"post-87872","1":"post","2":"type-post","3":"status-publish","4":"format-standard","5":"has-post-thumbnail","7":"category-zinas-no-arvalstim","8":"tag-aktualitates","9":"tag-arvalstim","10":"tag-breaking-news","11":"tag-breakingnews","12":"tag-featured-news","13":"tag-featurednews","14":"tag-headlines","15":"tag-latest-news","16":"tag-latestnews","17":"tag-latvia","18":"tag-latvian","19":"tag-latviesu","20":"tag-latviesu-valoda","21":"tag-latviesuvaloda","22":"tag-latvija","23":"tag-lv","24":"tag-news","25":"tag-popularakas-zinas","26":"tag-popularakaszinas","27":"tag-top-stories","28":"tag-topstories","29":"tag-world","30":"tag-world-news","31":"tag-worldnews","32":"tag-zinas","33":"tag-zinas-no-arvalstim"},"share_on_mastodon":{"url":"https:\/\/pubeurope.com\/@lv\/115794798439613003","error":""},"_links":{"self":[{"href":"https:\/\/www.europesays.com\/lv\/wp-json\/wp\/v2\/posts\/87872","targetHints":{"allow":["GET"]}}],"collection":[{"href":"https:\/\/www.europesays.com\/lv\/wp-json\/wp\/v2\/posts"}],"about":[{"href":"https:\/\/www.europesays.com\/lv\/wp-json\/wp\/v2\/types\/post"}],"author":[{"embeddable":true,"href":"https:\/\/www.europesays.com\/lv\/wp-json\/wp\/v2\/users\/2"}],"replies":[{"embeddable":true,"href":"https:\/\/www.europesays.com\/lv\/wp-json\/wp\/v2\/comments?post=87872"}],"version-history":[{"count":0,"href":"https:\/\/www.europesays.com\/lv\/wp-json\/wp\/v2\/posts\/87872\/revisions"}],"wp:featuredmedia":[{"embeddable":true,"href":"https:\/\/www.europesays.com\/lv\/wp-json\/wp\/v2\/media\/87253"}],"wp:attachment":[{"href":"https:\/\/www.europesays.com\/lv\/wp-json\/wp\/v2\/media?parent=87872"}],"wp:term":[{"taxonomy":"category","embeddable":true,"href":"https:\/\/www.europesays.com\/lv\/wp-json\/wp\/v2\/categories?post=87872"},{"taxonomy":"post_tag","embeddable":true,"href":"https:\/\/www.europesays.com\/lv\/wp-json\/wp\/v2\/tags?post=87872"}],"curies":[{"name":"wp","href":"https:\/\/api.w.org\/{rel}","templated":true}]}}