{"id":87887,"date":"2025-12-28T03:31:15","date_gmt":"2025-12-28T03:31:15","guid":{"rendered":"https:\/\/www.europesays.com\/lv\/87887\/"},"modified":"2025-12-28T03:31:15","modified_gmt":"2025-12-28T03:31:15","slug":"pieprasijums-pec-dargakiem-produktiem-samazinas-pateretaji-izvelas-akcijas-un-letakus-zimolus-lente-lv","status":"publish","type":"post","link":"https:\/\/www.europesays.com\/lv\/87887\/","title":{"rendered":"Piepras\u012bjums p\u0113c d\u0101rg\u0101kiem produktiem samazin\u0101s, pat\u0113r\u0113t\u0101ji izv\u0113las akcijas un l\u0113t\u0101kus z\u012bmolus\u00a0\u2014\u00a0Lente.lv"},"content":{"rendered":"<p>Stabiliz\u0101cija p\u0101rtikas nozar\u0113 p\u0113c infl\u0101cijas vi\u013c\u0146a<\/p>\n<p>Latvijas P\u0101rtikas uz\u0146\u0113mumu feder\u0101cija (LPUF) prognoz\u0113, ka \u0161is gads ir v\u0113rt\u0113jams k\u0101 stabiliz\u0101cijas periods p\u0101rtikas ra\u017eo\u0161anas nozar\u0113 p\u0113c iepriek\u0161\u0113jo gadu intens\u012bv\u0101 infl\u0101cijas cikla. K\u0101 inform\u0113 port\u0101ls jauns.lv, LPUF padomes priek\u0161s\u0113d\u0113t\u0101ja In\u0101ra \u0160ure nor\u0101da, ka tirgus ir nomierin\u0101jies, jo vairs nav nov\u0113rojamas tik lielas un neprognoz\u0113jamas sv\u0101rst\u012bbas izejvielu, ener\u0123ijas un lo\u0123istikas izmaks\u0101s, k\u0101 tas bija rakstur\u012bgi 2022. un 2023. gad\u0101. Tom\u0113r darbasp\u0113ka izmaksu pieaugums un kvalific\u0113ta darbasp\u0113ka tr\u016bkums joproj\u0101m saglab\u0101jas k\u0101 b\u016btiski izaicin\u0101jumi nozar\u0113.<\/p>\n<p>Pat\u0113r\u0113t\u0101ju uzved\u012bba main\u0101s<\/p>\n<p>\u0160obr\u012bd Latvijas pat\u0113r\u0113t\u0101ji k\u013cuvu\u0161i iev\u0113rojami piesardz\u012bg\u0101ki savos pirkumu l\u0113mumos. Vi\u0146i bie\u017e\u0101k izv\u0113las produktus akcij\u0101s, dod priek\u0161roku l\u0113t\u0101kiem z\u012bmoliem un maz\u0101kiem iepakojumiem. \u0160\u012b tendence liecina, ka piepras\u012bjums p\u0113c d\u0101rg\u0101kiem un vid\u0113j\u0101 cenu segmenta p\u0101rtikas produktiem da\u013c\u0101 kategoriju ir sarucis vai pat stagn\u0113.<\/p>\n<p>Ra\u017eot\u0101ju izaicin\u0101jumi un n\u0101kotnes virzieni<\/p>\n<p>Lai gan pieg\u0101des \u0137\u0113des un transporta izmaksas ir stabiliz\u0113ju\u0161\u0101s, darbasp\u0113ka izmaksu k\u0101pums turpina rad\u012bt spiedienu uz viet\u0113jiem uz\u0146\u0113mumiem. Ra\u017eot\u0101ji saskaras ar kvalific\u0113ta darbasp\u0113ka tr\u016bkumu, kas ir aktu\u0101la probl\u0113ma vis\u0101 ra\u017eo\u0161anas sektor\u0101. Lai saglab\u0101tu konkur\u0113tsp\u0113ju, p\u0101rtikas ra\u017eot\u0101ji arvien vair\u0101k invest\u0113 energoefektivit\u0101t\u0113, digitaliz\u0101cij\u0101 un automatiz\u0101cij\u0101, k\u0101 ar\u012b str\u0101d\u0101 pie oglek\u013ca dioks\u012bda nospieduma samazin\u0101\u0161anas. Tom\u0113r nodok\u013cu politikas nestabilit\u0101te un augst\u0101 finans\u0113juma cena rada neskaidr\u012bbas un sare\u017e\u0123\u012b uz\u0146\u0113mumu ilgtermi\u0146a pl\u0101no\u0161anu un moderniz\u0101cijas projektu \u012bsteno\u0161anu.<\/p>\n<p>Infl\u0101cijas dinamika un prognozes<\/p>\n<p>Lai gan infl\u0101cijas pieauguma tempi ir pal\u0113nin\u0101ju\u0161ies, t\u0101 joproj\u0101m ir augst\u0101ka nek\u0101 vid\u0113ji eirozon\u0101. Latvijas Banka prognoz\u0113, ka infl\u0101cija 2025. gad\u0101 var\u0113tu sasniegt 3,9%, ko galvenok\u0101rt uztur algas pieaugums un notur\u012bgi augst\u0101s p\u0101rtikas cenas. Lai gan atsevi\u0161\u0137u p\u0101rtikas produktu cen\u0101s nov\u0113rojamas sv\u0101rst\u012bbas, piem\u0113ram, j\u016blij\u0101 cenas samazin\u0101j\u0101s svaig\u0101m ziv\u012bm, \u0161okol\u0101dei un biezpienam, tom\u0113r kopum\u0101 p\u0101rtikas cenu k\u0101pums joproj\u0101m ir noz\u012bm\u012bgs infl\u0101cijas virz\u012bt\u0101jsp\u0113ks. Eksperti nor\u0101da, ka tuv\u0101kajos m\u0113ne\u0161os cenu pieaugums var\u0113tu b\u016bt j\u016btams, ko veicina iek\u0161\u0113jie faktori, tom\u0113r glob\u0101l\u0101s tendences, kas virz\u0101s uz leju, \u013cauj prognoz\u0113t, ka iev\u0113rojami augst\u0101ki infl\u0101cijas r\u0101d\u012bt\u0101ji vairs nav gaid\u0101mi.<\/p>\n<p>Ilgtermi\u0146a tendences un pat\u0113r\u0113t\u0101ju izv\u0113les<\/p>\n<p>Pat\u0113r\u0113t\u0101ju tendences liecina par pieaugo\u0161u interesi par produktu izcelsmi un ilgtsp\u0113ju. Pirc\u0113ji ir gatavi t\u0113r\u0113t vair\u0101k par ilgtsp\u0113j\u012bgiem produktiem, pat \u0146emot v\u0113r\u0101 dz\u012bves d\u0101rdz\u012bbas pieaugumu. Tas mudina ra\u017eot\u0101jus piev\u0113rst uzman\u012bbu pieg\u0101des \u0137\u0113\u017eu caursp\u012bd\u012bgumam, izmantojot videi draudz\u012bgu iepakojumu un sadarbojoties ar viet\u0113jiem pieg\u0101d\u0101t\u0101jiem. Lai gan kop\u0113jais p\u0101rtikas nozares pieaugums tiek prognoz\u0113ts neliels, aptuveni 1-3%, liel\u0101koties to nodro\u0161in\u0101s eksporta tirgi, savuk\u0101rt viet\u0113j\u0101 tirgus izaugsme b\u016bs \u013coti pietic\u012bga.<\/p>\n","protected":false},"excerpt":{"rendered":"Stabiliz\u0101cija p\u0101rtikas nozar\u0113 p\u0113c infl\u0101cijas vi\u013c\u0146a Latvijas P\u0101rtikas uz\u0146\u0113mumu feder\u0101cija (LPUF) prognoz\u0113, ka \u0161is gads ir v\u0113rt\u0113jams k\u0101&hellip;\n","protected":false},"author":2,"featured_media":87888,"comment_status":"","ping_status":"","sticky":false,"template":"","format":"standard","meta":{"footnotes":""},"categories":[12],"tags":[23,28,29,32,33,22,22371,43,30,31,35,39,38,36,37,34,22370,40,20,44,22369,26,27,24,25,21],"class_list":{"0":"post-87887","1":"post","2":"type-post","3":"status-publish","4":"format-standard","5":"has-post-thumbnail","7":"category-latvija","8":"tag-aktualitates","9":"tag-breaking-news","10":"tag-breakingnews","11":"tag-featured-news","12":"tag-featurednews","13":"tag-headlines","14":"tag-inara-sure","15":"tag-inflacija-latvija","16":"tag-latest-news","17":"tag-latestnews","18":"tag-latvia","19":"tag-latvian","20":"tag-latviesu","21":"tag-latviesu-valoda","22":"tag-latviesuvaloda","23":"tag-latvija","24":"tag-latvijas-partikas-razotaji","25":"tag-lv","26":"tag-news","27":"tag-partikas-cenas","28":"tag-pateretaju-tendences","29":"tag-popularakas-zinas","30":"tag-popularakaszinas","31":"tag-top-stories","32":"tag-topstories","33":"tag-zinas"},"share_on_mastodon":{"url":"https:\/\/pubeurope.com\/@lv\/115795085399554638","error":""},"_links":{"self":[{"href":"https:\/\/www.europesays.com\/lv\/wp-json\/wp\/v2\/posts\/87887","targetHints":{"allow":["GET"]}}],"collection":[{"href":"https:\/\/www.europesays.com\/lv\/wp-json\/wp\/v2\/posts"}],"about":[{"href":"https:\/\/www.europesays.com\/lv\/wp-json\/wp\/v2\/types\/post"}],"author":[{"embeddable":true,"href":"https:\/\/www.europesays.com\/lv\/wp-json\/wp\/v2\/users\/2"}],"replies":[{"embeddable":true,"href":"https:\/\/www.europesays.com\/lv\/wp-json\/wp\/v2\/comments?post=87887"}],"version-history":[{"count":0,"href":"https:\/\/www.europesays.com\/lv\/wp-json\/wp\/v2\/posts\/87887\/revisions"}],"wp:featuredmedia":[{"embeddable":true,"href":"https:\/\/www.europesays.com\/lv\/wp-json\/wp\/v2\/media\/87888"}],"wp:attachment":[{"href":"https:\/\/www.europesays.com\/lv\/wp-json\/wp\/v2\/media?parent=87887"}],"wp:term":[{"taxonomy":"category","embeddable":true,"href":"https:\/\/www.europesays.com\/lv\/wp-json\/wp\/v2\/categories?post=87887"},{"taxonomy":"post_tag","embeddable":true,"href":"https:\/\/www.europesays.com\/lv\/wp-json\/wp\/v2\/tags?post=87887"}],"curies":[{"name":"wp","href":"https:\/\/api.w.org\/{rel}","templated":true}]}}