{"id":87893,"date":"2025-12-28T03:56:08","date_gmt":"2025-12-28T03:56:08","guid":{"rendered":"https:\/\/www.europesays.com\/lv\/87893\/"},"modified":"2025-12-28T03:56:08","modified_gmt":"2025-12-28T03:56:08","slug":"makslinieces-dianas-dimzas-dimmes-maju-izposta-ugunsgreks","status":"publish","type":"post","link":"https:\/\/www.europesays.com\/lv\/87893\/","title":{"rendered":"M\u0101kslinieces Di\u0101nas Dimzas-Dimmes m\u0101ju izposta ugunsgr\u0113ks"},"content":{"rendered":"<p class=\"descr\">Liela nelaime notikusi m\u0101ksliniecei Di\u0101nai Dimzai-Dimmei, kuras m\u0101ju izpost\u012bjis ugunsgr\u0113ks.<\/p>\n<blockquote><p>K\u0101 soci\u0101laj\u0101 t\u012bkl\u0101 Facebook v\u0113sta \u017da\u0146a Lipkes muzeja direktore Lolita Tomsone, m\u0101kslinieces m\u0101j\u0101s bija g\u0101zes <a href=\"https:\/\/nra.lv\/birka\/ugunsgreks\/\" target=\"_blank\" rel=\"noopener nofollow\">ugunsgr\u0113ks<\/a>.<\/p><\/blockquote>\n<p>&#8220;Ir laiks vienam labam darbam, jo posta lietas notiek ar\u012b Ziemassv\u0113tkos.<\/p>\n<p>Mums j\u0101pal\u012bdz m\u0101ksliniecei Dianai Dimzai Dimmei, kuras m\u0101j\u0101s tikko bija \u0101rpr\u0101t\u012bgs g\u0101zes ugunsgr\u0113ks.<\/p>\n<p>Vi\u0146a ir dz\u012bva, izskr\u0113ja no m\u0101jas vien\u0101 naktskrekl\u0101, bet ar apdegu\u0161u roku. M\u0101j\u0101s nav ne \u016bdens, ne elektr\u012bbas, kuru tagad kaimi\u0146\u0161 pusl\u012bdz m\u0113\u0123ina satais\u012bt, bet vajag meistaru p\u0101r\u0113jiem darbiem. Ziem\u0101 bez siltuma ir gr\u016bti. J\u0113zum pietika ar sil\u012bti un k\u016bti\u0146u un visu pasauli, bet cilv\u0113kam vajag m\u0101jas!<\/p>\n<p>Di\u0101na visu dienu t\u012br\u012bjusi milzu sodr\u0113ju un dub\u013cu k\u0101rtu, uguns post\u012bjumus, kaut p\u0113c oper\u0101cijas neko nedr\u012bkst ne celt, ne nest.<\/p>\n<p>Di\u0101na l\u016bdz patur\u0113t vi\u0146u j\u016bsu l\u016bg\u0161an\u0101s, bet b\u016btu labi ar\u012b saziedot naudu,&#8221; teikts ierakst\u0101.<\/p>\n<p>\t\t\t\t\t\tinfo<\/p>\n<p>Uzzini pirmais<br \/>kas interesants noticis Latvij\u0101 un pasaul\u0113,<br \/>pievienojoties mums <a href=\"https:\/\/t.me\/neatkariga\" rel=\"nofollow\">Telegram<\/a> vai <a href=\"https:\/\/whatsapp.com\/channel\/0029VaMLFUH5K3zLU5s4wm3y\" rel=\"nofollow noopener\" target=\"_blank\">Whatsapp<\/a> kan\u0101l\u0101<\/p>\n","protected":false},"excerpt":{"rendered":"Liela nelaime notikusi m\u0101ksliniecei Di\u0101nai Dimzai-Dimmei, kuras m\u0101ju izpost\u012bjis ugunsgr\u0113ks. K\u0101 soci\u0101laj\u0101 t\u012bkl\u0101 Facebook v\u0113sta \u017da\u0146a Lipkes muzeja&hellip;\n","protected":false},"author":2,"featured_media":87894,"comment_status":"","ping_status":"","sticky":false,"template":"","format":"standard","meta":{"footnotes":""},"categories":[5],"tags":[23,28,29,32,33,22,30,31,35,39,38,36,37,34,40,20,26,27,24,25,21],"class_list":{"0":"post-87893","1":"post","2":"type-post","3":"status-publish","4":"format-standard","5":"has-post-thumbnail","7":"category-aktualitates","8":"tag-aktualitates","9":"tag-breaking-news","10":"tag-breakingnews","11":"tag-featured-news","12":"tag-featurednews","13":"tag-headlines","14":"tag-latest-news","15":"tag-latestnews","16":"tag-latvia","17":"tag-latvian","18":"tag-latviesu","19":"tag-latviesu-valoda","20":"tag-latviesuvaloda","21":"tag-latvija","22":"tag-lv","23":"tag-news","24":"tag-popularakas-zinas","25":"tag-popularakaszinas","26":"tag-top-stories","27":"tag-topstories","28":"tag-zinas"},"share_on_mastodon":{"url":"https:\/\/pubeurope.com\/@lv\/115795183715168036","error":""},"_links":{"self":[{"href":"https:\/\/www.europesays.com\/lv\/wp-json\/wp\/v2\/posts\/87893","targetHints":{"allow":["GET"]}}],"collection":[{"href":"https:\/\/www.europesays.com\/lv\/wp-json\/wp\/v2\/posts"}],"about":[{"href":"https:\/\/www.europesays.com\/lv\/wp-json\/wp\/v2\/types\/post"}],"author":[{"embeddable":true,"href":"https:\/\/www.europesays.com\/lv\/wp-json\/wp\/v2\/users\/2"}],"replies":[{"embeddable":true,"href":"https:\/\/www.europesays.com\/lv\/wp-json\/wp\/v2\/comments?post=87893"}],"version-history":[{"count":0,"href":"https:\/\/www.europesays.com\/lv\/wp-json\/wp\/v2\/posts\/87893\/revisions"}],"wp:featuredmedia":[{"embeddable":true,"href":"https:\/\/www.europesays.com\/lv\/wp-json\/wp\/v2\/media\/87894"}],"wp:attachment":[{"href":"https:\/\/www.europesays.com\/lv\/wp-json\/wp\/v2\/media?parent=87893"}],"wp:term":[{"taxonomy":"category","embeddable":true,"href":"https:\/\/www.europesays.com\/lv\/wp-json\/wp\/v2\/categories?post=87893"},{"taxonomy":"post_tag","embeddable":true,"href":"https:\/\/www.europesays.com\/lv\/wp-json\/wp\/v2\/tags?post=87893"}],"curies":[{"name":"wp","href":"https:\/\/api.w.org\/{rel}","templated":true}]}}