{"id":87908,"date":"2025-12-28T04:55:15","date_gmt":"2025-12-28T04:55:15","guid":{"rendered":"https:\/\/www.europesays.com\/lv\/87908\/"},"modified":"2025-12-28T04:55:15","modified_gmt":"2025-12-28T04:55:15","slug":"darba-inspekcija-piemero-sodu-rigas-satiksmei-par-virsstundu-darba-parkapumiem-lente-lv","status":"publish","type":"post","link":"https:\/\/www.europesays.com\/lv\/87908\/","title":{"rendered":"Darba inspekcija piem\u0113ro sodu &#8220;R\u012bgas satiksmei&#8221; par virsstundu darba p\u0101rk\u0101pumiem\u00a0\u2014\u00a0Lente.lv"},"content":{"rendered":"<p>Darba inspekcija piem\u0113ro sodu \u00abR\u012bgas satiksmei\u00bb par virsstundu darba p\u0101rk\u0101pumiem<\/p>\n<p>Valsts darba inspekcija (VDI) ir piem\u0113rojusi administrat\u012bvo sodu SIA &#8220;R\u012bgas satiksme&#8221; par Darba likuma normu p\u0101rk\u0101pumiem, kas saist\u012bti ar virsstundu darbu. P\u0101rbaud\u0113 tika konstat\u0113ts, ka uz\u0146\u0113muma darbinieki tiku\u0161i nodarbin\u0101ti ilg\u0101k, nek\u0101 to pie\u013cauj likums, gan summ\u0113t\u0101 darba laika uzskait\u0113, gan p\u0101rsniedzot noteikto virsstundu apjomu. K\u0101 inform\u0113 Latvijas Sabiedriskie Mediji, \u0161is l\u0113mums ir rezult\u0101ts vair\u0101kus m\u0113ne\u0161us ilgai izmekl\u0113\u0161anai, kas tika uzs\u0101kta p\u0113c biju\u0161\u0101 &#8220;R\u012bgas satiksmes&#8221; darbinieka iesniegt\u0101 trauksmes c\u0113l\u0113ja zi\u0146ojuma.<\/p>\n<p>Izmekl\u0113\u0161anas gaita un konstat\u0113tie p\u0101rk\u0101pumi<\/p>\n<p>Izmekl\u0113\u0161ana tika s\u0101kta \u0161\u012b gada j\u016bnij\u0101, kad inspekcija sa\u0146\u0113ma zi\u0146ojumu par iesp\u0113jam\u0101m nelikum\u012bg\u0101m virsstund\u0101m \u0161oferiem. Zi\u0146ojum\u0101, ko publiskoja TV3 raid\u012bjums &#8220;Nek\u0101 person\u012bga&#8221;, biju\u0161ais darbinieks nor\u0101d\u012bja, ka &#8220;R\u012bgas satiksmes&#8221; \u0161oferi p\u0101rstr\u0101d\u0101 likum\u0101 noteikto virsstundu skaitu. K\u0101 viens no galvenajiem iemesliem tika min\u0113ts darbinieku tr\u016bkums, k\u0101 d\u0113\u013c, lai nodro\u0161in\u0101tu sabiedrisk\u0101 transporta pakalpojumu nep\u0101rtraukt\u012bbu, n\u0101cies piepras\u012bt papildu darbu no eso\u0161ajiem darbiniekiem.<\/p>\n<p>Darba likums stingri regul\u0113 transportl\u012bdzek\u013cu vad\u012bt\u0101ju nodarbin\u0101t\u012bbu. Tas nosaka, ka aizliegts nodarbin\u0101t darbinieku ilg\u0101k par 24 stund\u0101m p\u0113c k\u0101rtas un ne vair\u0101k k\u0101 56 stundas ned\u0113\u013c\u0101. T\u0101pat likums paredz, ka virsstundu darbs nedr\u012bkst p\u0101rsniegt vid\u0113ji asto\u0146as stundas septi\u0146u dienu period\u0101, apr\u0113\u0137inot to p\u0101rskata period\u0101, kas nep\u0101rsniedz \u010detrus m\u0113ne\u0161us. Trauksmes c\u0113l\u0113ja zi\u0146ojum\u0101 tika pausts, ka vair\u0101k nek\u0101 550 darbiniekiem ir biju\u0161as virsstundas, un vair\u0101k nek\u0101 100 darbinieki, p\u0113c vi\u0146a zi\u0146\u0101m, esot p\u0101rk\u0101pu\u0161i maksim\u0101li at\u013cauto darba laiku p\u0101rskata period\u0101.<\/p>\n<p>\u0160oferu tr\u016bkums un uz\u0146\u0113muma poz\u012bcija<\/p>\n<p>Uz\u0146\u0113mum\u0101 &#8220;R\u012bgas satiksme&#8221; atz\u012bst, ka patlaban tr\u016bkst aptuveni 150 transportl\u012bdzek\u013cu vad\u012bt\u0101ju. Uz\u0146\u0113muma valdes priek\u0161s\u0113d\u0113t\u0101ja iepriek\u0161 skaidroja, ka bez virsstund\u0101m sabiedrisk\u0101 transporta pakalpojumu eso\u0161aj\u0101 apjom\u0101 nevar\u0113tu nodro\u0161in\u0101t. Vi\u0146a ar\u012b nor\u0101d\u012bja, ka uz\u0146\u0113mums jau ilgsto\u0161i publiski aktualiz\u0113 nepiecie\u0161am\u012bbu p\u0101rskat\u012bt Darba likuma normas, kuras, vi\u0146upr\u0101t, vairs neatbilst m\u016bsdienu darba tirgus situ\u0101cijai.<\/p>\n<p>Saska\u0146\u0101 ar sniegto inform\u0101ciju, &#8220;R\u012bgas satiksme&#8221; apsver iesp\u0113ju izv\u0113rt\u0113t p\u0101rs\u016bdz\u0113\u0161anas pamatus, tom\u0113r nor\u0101da, ka p\u0101rs\u016bdz\u012bba ir maz ticama.<\/p>\n<p>Sekas un riski<\/p>\n<p>\u0160\u0101di darba laika p\u0101rk\u0101pumi var rad\u012bt nopietnus riskus gan darbinieku vesel\u012bbai un dro\u0161\u012bbai, gan sabiedrisk\u0101 transporta dro\u0161\u012bbai kopum\u0101. Nogurums un p\u0101rp\u016ble var samazin\u0101t autovad\u012bt\u0101ju koncentr\u0113\u0161an\u0101s sp\u0113jas un palielin\u0101t negad\u012bjumu iesp\u0113jam\u012bbu uz ce\u013ciem. Valsts darba inspekcijas piem\u0113rotais sods ir st\u0101jies sp\u0113k\u0101.<\/p>\n<p>Iepriek\u0161\u0113jie gad\u012bjumi<\/p>\n<p>Saska\u0146\u0101 ar publiski pieejamo inform\u0101ciju, &#8220;R\u012bgas satiksme&#8221; jau iepriek\u0161 ir sask\u0101rusies ar jaut\u0101jumiem par virsstundu darbu, un ir biju\u0161i gad\u012bjumi, kad uz\u0146\u0113mums ir bijis iesaist\u012bts str\u012bdos ar darbiniekiem un Valsts darba inspekciju par darba laika uzskaiti un virsstundu kompens\u0101cij\u0101m.<\/p>\n","protected":false},"excerpt":{"rendered":"Darba inspekcija piem\u0113ro sodu \u00abR\u012bgas satiksmei\u00bb par virsstundu darba p\u0101rk\u0101pumiem Valsts darba inspekcija (VDI) ir piem\u0113rojusi administrat\u012bvo sodu&hellip;\n","protected":false},"author":2,"featured_media":87909,"comment_status":"","ping_status":"","sticky":false,"template":"","format":"standard","meta":{"footnotes":""},"categories":[12],"tags":[4212,23,28,29,15598,32,33,22,30,31,35,39,38,36,37,34,40,20,26,27,1612,24,25,10967,18366,21],"class_list":{"0":"post-87908","1":"post","2":"type-post","3":"status-publish","4":"format-standard","5":"has-post-thumbnail","7":"category-latvija","8":"tag-administrativais-sods","9":"tag-aktualitates","10":"tag-breaking-news","11":"tag-breakingnews","12":"tag-darba-likums","13":"tag-featured-news","14":"tag-featurednews","15":"tag-headlines","16":"tag-latest-news","17":"tag-latestnews","18":"tag-latvia","19":"tag-latvian","20":"tag-latviesu","21":"tag-latviesu-valoda","22":"tag-latviesuvaloda","23":"tag-latvija","24":"tag-lv","25":"tag-news","26":"tag-popularakas-zinas","27":"tag-popularakaszinas","28":"tag-rigas-satiksme","29":"tag-top-stories","30":"tag-topstories","31":"tag-valsts-darba-inspekcija","32":"tag-virsstundu-darbs","33":"tag-zinas"},"share_on_mastodon":{"url":"https:\/\/pubeurope.com\/@lv\/115795415757322462","error":""},"_links":{"self":[{"href":"https:\/\/www.europesays.com\/lv\/wp-json\/wp\/v2\/posts\/87908","targetHints":{"allow":["GET"]}}],"collection":[{"href":"https:\/\/www.europesays.com\/lv\/wp-json\/wp\/v2\/posts"}],"about":[{"href":"https:\/\/www.europesays.com\/lv\/wp-json\/wp\/v2\/types\/post"}],"author":[{"embeddable":true,"href":"https:\/\/www.europesays.com\/lv\/wp-json\/wp\/v2\/users\/2"}],"replies":[{"embeddable":true,"href":"https:\/\/www.europesays.com\/lv\/wp-json\/wp\/v2\/comments?post=87908"}],"version-history":[{"count":0,"href":"https:\/\/www.europesays.com\/lv\/wp-json\/wp\/v2\/posts\/87908\/revisions"}],"wp:featuredmedia":[{"embeddable":true,"href":"https:\/\/www.europesays.com\/lv\/wp-json\/wp\/v2\/media\/87909"}],"wp:attachment":[{"href":"https:\/\/www.europesays.com\/lv\/wp-json\/wp\/v2\/media?parent=87908"}],"wp:term":[{"taxonomy":"category","embeddable":true,"href":"https:\/\/www.europesays.com\/lv\/wp-json\/wp\/v2\/categories?post=87908"},{"taxonomy":"post_tag","embeddable":true,"href":"https:\/\/www.europesays.com\/lv\/wp-json\/wp\/v2\/tags?post=87908"}],"curies":[{"name":"wp","href":"https:\/\/api.w.org\/{rel}","templated":true}]}}