{"id":87911,"date":"2025-12-28T05:14:07","date_gmt":"2025-12-28T05:14:07","guid":{"rendered":"https:\/\/www.europesays.com\/lv\/87911\/"},"modified":"2025-12-28T05:14:07","modified_gmt":"2025-12-28T05:14:07","slug":"par-cik-vareja-iegadaties-majokli","status":"publish","type":"post","link":"https:\/\/www.europesays.com\/lv\/87911\/","title":{"rendered":"par cik var\u0113ja ieg\u0101d\u0101ties m\u0101jokli"},"content":{"rendered":"<p>Interesanti, ka dz\u012bvoklis tik un t\u0101 nepieder\u0113ja pa\u0161am cilv\u0113kam \u2014 vi\u0146\u0161 k\u013cuva par t\u0101 m\u016b\u017ea \u012brnieku, vi\u0146am nebija likum\u012bgu ties\u012bbu \u012bpa\u0161umu d\u0101vin\u0101t vai p\u0101rdot, un vien\u012bgais, kas nebija aizliegts, bija apmai\u0146a. P\u0113c cilv\u0113ka n\u0101ves \u0161\u0101du m\u0101jokli var\u0113ja mantot \u0123imenes locek\u013ci, bet, ja tas nenotika, dz\u012bvoklis atgriez\u0101s valstij. Par pilnties\u012bgiem m\u0101jok\u013ca \u012bpa\u0161niekiem cilv\u0113ki var\u0113ja k\u013c\u016bt tikai p\u0113c 1991. gada, kad PSRS beidza past\u0101v\u0113t \u2014 tad dz\u012bvokli var\u0113ja privatiz\u0113t un p\u0113c tam p\u0101rdot vai uzd\u0101vin\u0101t citai personai.<\/p>\n","protected":false},"excerpt":{"rendered":"Interesanti, ka dz\u012bvoklis tik un t\u0101 nepieder\u0113ja pa\u0161am cilv\u0113kam \u2014 vi\u0146\u0161 k\u013cuva par t\u0101 m\u016b\u017ea \u012brnieku, vi\u0146am nebija&hellip;\n","protected":false},"author":2,"featured_media":87912,"comment_status":"","ping_status":"","sticky":false,"template":"","format":"standard","meta":{"footnotes":""},"categories":[5],"tags":[23,28,29,32,33,22,30,31,35,39,38,36,37,34,40,20,26,27,24,25,21],"class_list":{"0":"post-87911","1":"post","2":"type-post","3":"status-publish","4":"format-standard","5":"has-post-thumbnail","7":"category-aktualitates","8":"tag-aktualitates","9":"tag-breaking-news","10":"tag-breakingnews","11":"tag-featured-news","12":"tag-featurednews","13":"tag-headlines","14":"tag-latest-news","15":"tag-latestnews","16":"tag-latvia","17":"tag-latvian","18":"tag-latviesu","19":"tag-latviesu-valoda","20":"tag-latviesuvaloda","21":"tag-latvija","22":"tag-lv","23":"tag-news","24":"tag-popularakas-zinas","25":"tag-popularakaszinas","26":"tag-top-stories","27":"tag-topstories","28":"tag-zinas"},"share_on_mastodon":{"url":"https:\/\/pubeurope.com\/@lv\/115795490458683638","error":""},"_links":{"self":[{"href":"https:\/\/www.europesays.com\/lv\/wp-json\/wp\/v2\/posts\/87911","targetHints":{"allow":["GET"]}}],"collection":[{"href":"https:\/\/www.europesays.com\/lv\/wp-json\/wp\/v2\/posts"}],"about":[{"href":"https:\/\/www.europesays.com\/lv\/wp-json\/wp\/v2\/types\/post"}],"author":[{"embeddable":true,"href":"https:\/\/www.europesays.com\/lv\/wp-json\/wp\/v2\/users\/2"}],"replies":[{"embeddable":true,"href":"https:\/\/www.europesays.com\/lv\/wp-json\/wp\/v2\/comments?post=87911"}],"version-history":[{"count":0,"href":"https:\/\/www.europesays.com\/lv\/wp-json\/wp\/v2\/posts\/87911\/revisions"}],"wp:featuredmedia":[{"embeddable":true,"href":"https:\/\/www.europesays.com\/lv\/wp-json\/wp\/v2\/media\/87912"}],"wp:attachment":[{"href":"https:\/\/www.europesays.com\/lv\/wp-json\/wp\/v2\/media?parent=87911"}],"wp:term":[{"taxonomy":"category","embeddable":true,"href":"https:\/\/www.europesays.com\/lv\/wp-json\/wp\/v2\/categories?post=87911"},{"taxonomy":"post_tag","embeddable":true,"href":"https:\/\/www.europesays.com\/lv\/wp-json\/wp\/v2\/tags?post=87911"}],"curies":[{"name":"wp","href":"https:\/\/api.w.org\/{rel}","templated":true}]}}