{"id":87913,"date":"2025-12-28T05:19:11","date_gmt":"2025-12-28T05:19:11","guid":{"rendered":"https:\/\/www.europesays.com\/lv\/87913\/"},"modified":"2025-12-28T05:19:11","modified_gmt":"2025-12-28T05:19:11","slug":"latvija-ieklauj-14-krievijas-kamaninu-braucejus-nevelamo-personu-saraksta-pirms-siguldas-pasaules-kausa-posma-lente-lv","status":"publish","type":"post","link":"https:\/\/www.europesays.com\/lv\/87913\/","title":{"rendered":"Latvija iek\u013cauj 14 Krievijas kamani\u0146u brauc\u0113jus nev\u0113lamo personu sarakst\u0101 pirms Siguldas Pasaules kausa posma\u00a0\u2014\u00a0Lente.lv"},"content":{"rendered":"<p>\u0100rlietu ministrija pie\u0146em l\u0113mumu<\/p>\n<p>Latvijas \u0101rlietu ministre Baiba Bra\u017ee (JV) ir pie\u0146\u0113musi l\u0113mumu iek\u013caut 14 Krievijas sportistus Latvijai nev\u0113lamo personu sarakst\u0101, kas liedzas vi\u0146iem iece\u013cot valst\u012b. \u0160is l\u0113mums, kas st\u0101jas sp\u0113k\u0101 uz nenoteiktu laiku, ir balst\u012bts uz Imigr\u0101cijas likuma 61. panta otro da\u013cu, kas \u0101rlietu ministram \u013cauj noteikt personas par \u201cpersona non grata\u201d, ja tas nepiecie\u0161ams valsts dro\u0161\u012bbai vai interes\u0113m. <\/p>\n<p>Konteksts: gaid\u0101mais Pasaules kausa posms Siguld\u0101<\/p>\n<p>L\u0113mums pie\u0146emts tie\u0161i pirms starptautisk\u0101m ziemas sporta sacens\u012bb\u0101m, kas paredz\u0113tas Siguld\u0101 janv\u0101ra s\u0101kum\u0101 \u2013 Pasaules kausa posms kamani\u0146u sport\u0101. \u0160\u012bm sacens\u012bb\u0101m ir liela noz\u012bme, jo sportisti taj\u0101s c\u012bn\u0101s par punktiem Mil\u0101nas-Kort\u012bnas Ziemas olimpisko sp\u0113\u013cu kvalifik\u0101cij\u0101. Lai gan Starptautisk\u0101 Kamani\u0146u sporta feder\u0101cija (FIL) s\u0101kotn\u0113ji bija at\u013c\u0101vusi Krievijas sportistiem piedal\u012bties sacens\u012bb\u0101s k\u0101 neitr\u0101liem dal\u012bbniekiem, Latvijas puse pieturas pie saviem nacion\u0101lajiem normat\u012bviem. <\/p>\n<p>Latvijas nost\u0101ja un argument\u0101cija<\/p>\n<p>\u0100rlietu ministrija ir skaidrojusi, ka \u0161\u0101di so\u013ci tiek sperti, rea\u0123\u0113jot uz personu publisku atbalstu agresorvalsts politikai vai t\u0101s veiktajai karadarb\u012bbai. Ministre Bra\u017ee publiski uzsv\u0113rusi, ka \u201cagresorvalsts sportisti nav gaid\u012bti Latvijas teritorij\u0101\u201d. <\/p>\n<p>Sekas un skat\u012bjums uz sacens\u012bbu norisi<\/p>\n<p>Lai gan Krievijas sportisti bija izteiku\u0161i v\u0113lmi start\u0113t Siguldas posm\u0101, Latvijas Kamani\u0146u sporta feder\u0101cija (LKSF) nor\u0101d\u012bjusi, ka Latvijas likumdo\u0161ana ne\u013cauj izsniegt iel\u016bgumus Krievijas sportistiem. \u0160obr\u012bd nav skaidrs, k\u0101 \u0161is l\u0113mums var\u0113tu ietekm\u0113t Pasaules kausa posma norisi Siguld\u0101, ta\u010du sacens\u012bbu r\u012bkot\u0101ji gatavojas uz\u0146emt dal\u012bbniekus, iz\u0146emot Krievijas atl\u0113tus. <\/p>\n","protected":false},"excerpt":{"rendered":"\u0100rlietu ministrija pie\u0146em l\u0113mumu Latvijas \u0101rlietu ministre Baiba Bra\u017ee (JV) ir pie\u0146\u0113musi l\u0113mumu iek\u013caut 14 Krievijas sportistus Latvijai&hellip;\n","protected":false},"author":2,"featured_media":87914,"comment_status":"","ping_status":"","sticky":false,"template":"","format":"standard","meta":{"footnotes":""},"categories":[12],"tags":[23,447,28,29,32,33,22,10482,3083,30,31,35,39,38,36,37,34,40,20,26,27,615,24,25,21],"class_list":{"0":"post-87913","1":"post","2":"type-post","3":"status-publish","4":"format-standard","5":"has-post-thumbnail","7":"category-latvija","8":"tag-aktualitates","9":"tag-baiba-braze","10":"tag-breaking-news","11":"tag-breakingnews","12":"tag-featured-news","13":"tag-featurednews","14":"tag-headlines","15":"tag-kamaninu-sports","16":"tag-krievijas-sportisti","17":"tag-latest-news","18":"tag-latestnews","19":"tag-latvia","20":"tag-latvian","21":"tag-latviesu","22":"tag-latviesu-valoda","23":"tag-latviesuvaloda","24":"tag-latvija","25":"tag-lv","26":"tag-news","27":"tag-popularakas-zinas","28":"tag-popularakaszinas","29":"tag-sigulda","30":"tag-top-stories","31":"tag-topstories","32":"tag-zinas"},"share_on_mastodon":{"url":"https:\/\/pubeurope.com\/@lv\/115795510145829589","error":""},"_links":{"self":[{"href":"https:\/\/www.europesays.com\/lv\/wp-json\/wp\/v2\/posts\/87913","targetHints":{"allow":["GET"]}}],"collection":[{"href":"https:\/\/www.europesays.com\/lv\/wp-json\/wp\/v2\/posts"}],"about":[{"href":"https:\/\/www.europesays.com\/lv\/wp-json\/wp\/v2\/types\/post"}],"author":[{"embeddable":true,"href":"https:\/\/www.europesays.com\/lv\/wp-json\/wp\/v2\/users\/2"}],"replies":[{"embeddable":true,"href":"https:\/\/www.europesays.com\/lv\/wp-json\/wp\/v2\/comments?post=87913"}],"version-history":[{"count":0,"href":"https:\/\/www.europesays.com\/lv\/wp-json\/wp\/v2\/posts\/87913\/revisions"}],"wp:featuredmedia":[{"embeddable":true,"href":"https:\/\/www.europesays.com\/lv\/wp-json\/wp\/v2\/media\/87914"}],"wp:attachment":[{"href":"https:\/\/www.europesays.com\/lv\/wp-json\/wp\/v2\/media?parent=87913"}],"wp:term":[{"taxonomy":"category","embeddable":true,"href":"https:\/\/www.europesays.com\/lv\/wp-json\/wp\/v2\/categories?post=87913"},{"taxonomy":"post_tag","embeddable":true,"href":"https:\/\/www.europesays.com\/lv\/wp-json\/wp\/v2\/tags?post=87913"}],"curies":[{"name":"wp","href":"https:\/\/api.w.org\/{rel}","templated":true}]}}