{"id":87915,"date":"2025-12-28T05:20:19","date_gmt":"2025-12-28T05:20:19","guid":{"rendered":"https:\/\/www.europesays.com\/lv\/87915\/"},"modified":"2025-12-28T05:20:19","modified_gmt":"2025-12-28T05:20:19","slug":"krievija-veikusi-masivu-triecienu-kijivai-un-kijivas-apgabalam-diena","status":"publish","type":"post","link":"https:\/\/www.europesays.com\/lv\/87915\/","title":{"rendered":"Krievija veikusi mas\u012bvu triecienu Kijivai un Kijivas apgabalam \/ Diena"},"content":{"rendered":"<p>Triecien\u0101 Kijivas apgabal\u0101 Bila Cerkvas rajon\u0101 nogalin\u0101ta 1978. gad\u0101 dzimusi sieviete, pav\u0113st\u012bja apgabala kara administr\u0101cijas vad\u012bt\u0101js Mikola Kala\u0161niks.<\/p>\n<p>&#13;<br \/>\n&#13;<\/p>\n<blockquote><p>&#13;<\/p>\n<p>Viens v\u012brietis ievainots, bet pieciem cilv\u0113kiem Vi\u0161horodas rajon\u0101 bijusi ak\u016bta stresa reakcija, nor\u0101d\u012bja apgabala vad\u012bt\u0101js.<\/p>\n<p>&#13;\n<\/p><\/blockquote>\n<p>&#13;<br \/>\n&#13;<\/p>\n<p>Triecien\u0101 Kijiv\u0101 cietu\u0161i 19 cilv\u0113ki, pav\u0113st\u012bja m\u0113rs Vit\u0101lijs Kli\u010dko.<\/p>\n<p>&#13;<br \/>\n&#13;<\/p>\n<p>11 cilv\u0113ki hospitaliz\u0113ti, p\u0101r\u0113jiem snigta pal\u012bdz\u012bba uz vietas.<\/p>\n<p>&#13;<br \/>\n&#13;<\/p>\n<p>Triecien\u0101 Kijiv\u0101 cietu\u0161as vair\u0101kas daudzst\u0101vu dz\u012bvojam\u0101s \u0113kas.<\/p>\n<p>&#13;<br \/>\n&#13;<\/p>\n<p>Kijivas Darnicas rajon\u0101 drons tr\u0101p\u012bjis 24 st\u0101vu namam. Da\u013c\u0113ji sagrauti 24. un tehniskais st\u0101vs, pav\u0113st\u012bja Kli\u010dko.<\/p>\n<p>&#13;<br \/>\n&#13;<\/p>\n<p>\u0160aj\u0101 rajon\u0101 p\u0113c atl\u016bzu nog\u0101\u0161an\u0101s aizdegu\u0161ies automobi\u013ci.<\/p>\n<p>&#13;<br \/>\n&#13;<\/p>\n<blockquote><p>&#13;<\/p>\n<p>D\u0146epras rajon\u0101 18 st\u0101vu \u0113kai tr\u0101p\u012bts tre\u0161\u0101 st\u0101va l\u012bmen\u012b.<\/p>\n<p>&#13;\n<\/p><\/blockquote>\n<p>&#13;<br \/>\n&#13;<\/p>\n<p>Desnas rajon\u0101 pirm\u0101 st\u0101va l\u012bmen\u012b cietis devi\u0146st\u0101vu nams, bet \u0160ev\u010denko rajon\u0101 izrais\u012bjies ugunsgr\u0113ks desmitst\u0101vu \u0113k\u0101, pauda Kli\u010dko.<\/p>\n<p>&#13;<\/p>\n","protected":false},"excerpt":{"rendered":"Triecien\u0101 Kijivas apgabal\u0101 Bila Cerkvas rajon\u0101 nogalin\u0101ta 1978. gad\u0101 dzimusi sieviete, pav\u0113st\u012bja apgabala kara administr\u0101cijas vad\u012bt\u0101js Mikola Kala\u0161niks.&hellip;\n","protected":false},"author":2,"featured_media":87916,"comment_status":"","ping_status":"","sticky":false,"template":"","format":"standard","meta":{"footnotes":""},"categories":[5],"tags":[23,28,29,32,33,22,30,31,35,39,38,36,37,34,40,20,26,27,24,25,21],"class_list":{"0":"post-87915","1":"post","2":"type-post","3":"status-publish","4":"format-standard","5":"has-post-thumbnail","7":"category-aktualitates","8":"tag-aktualitates","9":"tag-breaking-news","10":"tag-breakingnews","11":"tag-featured-news","12":"tag-featurednews","13":"tag-headlines","14":"tag-latest-news","15":"tag-latestnews","16":"tag-latvia","17":"tag-latvian","18":"tag-latviesu","19":"tag-latviesu-valoda","20":"tag-latviesuvaloda","21":"tag-latvija","22":"tag-lv","23":"tag-news","24":"tag-popularakas-zinas","25":"tag-popularakaszinas","26":"tag-top-stories","27":"tag-topstories","28":"tag-zinas"},"share_on_mastodon":{"url":"https:\/\/pubeurope.com\/@lv\/115795514058767177","error":""},"_links":{"self":[{"href":"https:\/\/www.europesays.com\/lv\/wp-json\/wp\/v2\/posts\/87915","targetHints":{"allow":["GET"]}}],"collection":[{"href":"https:\/\/www.europesays.com\/lv\/wp-json\/wp\/v2\/posts"}],"about":[{"href":"https:\/\/www.europesays.com\/lv\/wp-json\/wp\/v2\/types\/post"}],"author":[{"embeddable":true,"href":"https:\/\/www.europesays.com\/lv\/wp-json\/wp\/v2\/users\/2"}],"replies":[{"embeddable":true,"href":"https:\/\/www.europesays.com\/lv\/wp-json\/wp\/v2\/comments?post=87915"}],"version-history":[{"count":0,"href":"https:\/\/www.europesays.com\/lv\/wp-json\/wp\/v2\/posts\/87915\/revisions"}],"wp:featuredmedia":[{"embeddable":true,"href":"https:\/\/www.europesays.com\/lv\/wp-json\/wp\/v2\/media\/87916"}],"wp:attachment":[{"href":"https:\/\/www.europesays.com\/lv\/wp-json\/wp\/v2\/media?parent=87915"}],"wp:term":[{"taxonomy":"category","embeddable":true,"href":"https:\/\/www.europesays.com\/lv\/wp-json\/wp\/v2\/categories?post=87915"},{"taxonomy":"post_tag","embeddable":true,"href":"https:\/\/www.europesays.com\/lv\/wp-json\/wp\/v2\/tags?post=87915"}],"curies":[{"name":"wp","href":"https:\/\/api.w.org\/{rel}","templated":true}]}}