{"id":87938,"date":"2025-12-28T06:14:25","date_gmt":"2025-12-28T06:14:25","guid":{"rendered":"https:\/\/www.europesays.com\/lv\/87938\/"},"modified":"2025-12-28T06:14:25","modified_gmt":"2025-12-28T06:14:25","slug":"nedrikst-iesligt-sevis-zelosana-jamekle-mazie-prieki-raksts","status":"publish","type":"post","link":"https:\/\/www.europesays.com\/lv\/87938\/","title":{"rendered":"Nedr\u012bkst iesl\u012bgt sevis \u017e\u0113lo\u0161an\u0101 \u2013 j\u0101mekl\u0113 mazie prieki \/ Raksts"},"content":{"rendered":"<p>Ziemassv\u0113tki tradicion\u0101li ir k\u013cuvu\u0161i par labo darbu laiku. Ar\u012b daudzb\u0113rnu \u0123imene Kaptei\u0146i\u00a0no Balvu novada Rug\u0101jiem par sp\u012bti tam, ka pa\u0161iem nekl\u0101jas viegli, pal\u012bdz citiem.\u00a0<\/p>\n<p>Daudzb\u0113rnu mamma Iveta: Nedr\u012bkst iesl\u012bgt sevis \u017e\u0113lo\u0161an\u0101 \u2013 j\u0101mekl\u0113 mazie prieki<\/p>\n<p>&#8220;Mani sauc Iveta Kapteine un dz\u012bvoju es Balvu novada Rug\u0101jos. Esmu septi\u0146u b\u0113rnu mamma. Pieci b\u0113rni man jau lieli, divi nepilngad\u012bgi. Viens no b\u0113rniem man ir \u012bpa\u0161ais b\u0113rns ar Dauna sindromu. Meita m\u0101c\u0101s 9. klas\u0113 un puika 5. klas\u0113,&#8221;\u00a0par savu \u0123imeni \u012bsum\u0101 st\u0101sta Iveta, kura kop\u0101 ar v\u012bru audzin\u0101ju\u0161i septi\u0146us b\u0113rnus.\u00a0<\/p>\n<p>\u0122imene dz\u012bvo viens\u0113t\u0101, vien p\u0101ris kilometru att\u0101lum\u0101 no Rug\u0101ju ciema, kur ir vidusskola, veikals, Tautas nams. Iveta st\u0101sta, ka v\u0113ls rudens laukos nav tas pievilc\u012bg\u0101kais laiks, \u2013 dub\u013ci, pel\u0113c\u012bba, toties vasar\u0101 viens\u0113tu ieskauj ziedi, d\u0101rzs, ir skaisti.\u00a0<\/p>\n<blockquote>\n<p>Kaptei\u0146u \u0123imen\u0113 ir pieci d\u0113li un divas meitas. Iveta priec\u012bga, ka lielie b\u0113rni nav aizbrauku\u0161i uz \u0101rzem\u0113m, dz\u012bvo R\u012bg\u0101. Sieviete pie\u013cauj, ka labpr\u0101t b\u0113rni b\u016btu paliku\u0161i tepat Rug\u0101jos vai Balvos, ta\u010du te ir liels bezdarbs un dz\u012bvot nav viegli.\u00a0<\/p>\n<\/blockquote>\n<p>&#8220;Man k\u0101dreiz vecmamma teica\u00a0\u2013\u00a0cik tev Dievs b\u016bs devis, tik b\u0113rnu tev ar\u012b b\u016bs. Un Dievs man deva. Es esmu priec\u012bga, ka man tik daudz b\u0113rnu. Kad m\u0101c\u012bjos vidusskol\u0101, man \u013coti patika b\u0113rni. Kad man k\u0101ds papras\u012bja pieskat\u012bt b\u0113rnu, es ar liel\u0101ko prieku to dar\u012bju, un laikam t\u0101p\u0113c Dievs ar\u012b deva man tos b\u0113rnus,&#8221; st\u0101sta Iveta.\u00a0<\/p>\n<p>Vi\u0146a atceras, ir biju\u0161i gr\u016bti laiki\u00a0\u2013\u00a015 gadus vi\u0146a nostr\u0101d\u0101jusi sav\u0101 saimniec\u012bb\u0101, audz\u0113ti lopi, kopts d\u0101rzs. Ta\u010du, kad \u0123imen\u0113 ien\u0101ca \u012bpa\u0161ais b\u0113rns\u00a0\u2013 pastar\u012btis Ren\u0101rs\u00a0\u2013, k\u013cuva skaidrs, ka ar visu tikt gal\u0101 praktiski nav iesp\u0113jams. Tagad m\u0101jas sarg\u0101 divi su\u0146i un divas tr\u012bspadsmitgad\u012bgas zosis\u00a0\u2013 Ansis un Grieta.\u00a0<\/p>\n<p>&#8220;Pirms se\u0161iem gadiem saimniec\u012bbu likvid\u0113ju, jo bija \u012bpa\u0161ais b\u0113rns, vi\u0146am bija vair\u0101k uzman\u012bba j\u0101piev\u0113r\u0161, bija j\u0101lai\u017e uz skolu. Man no r\u012bta vi\u0146\u0161 j\u0101aizved un tad j\u0101iet paka\u013c p\u0113c vi\u0146a. Uz nodarb\u012bb\u0101m j\u0101ved. Kad bija projekts, viss bija par velti, tagad projektu nav, viss ir par maksu, un to es nevaru at\u013cauties,&#8221; pau\u017e Iveta.\u00a0<\/p>\n<blockquote>\n<p>Milz\u012bgu atbalstu Ivetai ikdien\u0101 un ar\u012b b\u0113rna att\u012bst\u012bb\u0101 sniedz iesp\u0113ja \u012bpa\u0161ajam d\u0113lam Ren\u0101ram apmekl\u0113t Eglaines pamatskolu un p\u0113c t\u0101s turpat eso\u0161o dienas centru.\u00a0<\/p>\n<\/blockquote>\n<p>&#8220;Vi\u0146am \u013coti pat\u012bk darboties. Vi\u0146\u0161 t\u0101ds akt\u012bvs b\u0113rns ir, pat\u012bk dzied\u0101t un dejot. Vi\u0146\u0161 nevar uz vietas nos\u0113d\u0113t. Vi\u0146am visu laiku k\u0101dam ir j\u0101b\u016bt kl\u0101t, nevar vi\u0146u atst\u0101t vienu, nav t\u0101, ka es var\u0113tu kur aizbraukt.&#8221;\u00a0<\/p>\n<p>Kad lielie b\u0113rni jau s\u0101ku\u0161i savu dz\u012bvi, \u0161\u0137itis, k\u013c\u016bs viegl\u0101k. Ta\u010du tad notikusi nelaime.\u00a0<\/p>\n<p>&#8220;Pag\u0101ju\u0161i jau vair\u0101k nek\u0101 divi gadi, kop\u0161 nomira v\u012brs. J\u0101, t\u0101 bija liela tra\u0123\u0113dija. Tas bija liels atbalsts un tagad, kad vi\u0146a nav, pa\u0161ai j\u0101pie\u0146em l\u0113mumi. Smagi bija, bet b\u0113rni man apk\u0101rt un p\u0101rciet\u0101m to visi kop\u0101.&#8221;\u00a0<\/p>\n<blockquote>\n<p>Smagie dz\u012bves p\u0101rbaud\u012bjumi nav salauzu\u0161i s\u012bksto latgalieti. Iveta smaida un cien\u0101 ar pa\u0161as cepto maizi. Vi\u0146a p\u0101rliecin\u0101ta, ka nedr\u012bkst iesl\u012bgt sevis \u017e\u0113lo\u0161an\u0101, j\u0101mekl\u0113 mazie prieki, kas \u013cauj uz dz\u012bvi skat\u012bties pozit\u012bvi.\u00a0<\/p>\n<\/blockquote>\n<p>Uz Ziemassv\u0113tkiem ar lielo b\u0113rnu atbalstu izremont\u0113ta virtuve, kop\u0101 ar b\u0113rniem apmekl\u0113ti pas\u0101kumi R\u0113zeknes &#8220;Gor\u0101&#8221;. Tagad, kad no Rug\u0101jiem ar satiksmes autobusu var aizbraukt uz R\u012bgu, vi\u0146i dodas uz galvaspils\u0113tu ne tikai ciemos pie lielajiem b\u0113rniem, bet ar\u012b apmekl\u0113 R\u012bg\u0101 da\u017e\u0101dus pas\u0101kumus.\u00a0<\/p>\n<p>&#8220;M\u0113s bij\u0101m Doma laukum\u0101 uz &#8220;Dod pieci!&#8221;, un Ren\u0101rs noziedoja naudu b\u0113rniem ar kust\u012bbu trauc\u0113jumiem, t\u0101du labu darbu izdar\u012bj\u0101m. Cilv\u0113ku jau tur bija \u013coti daudz, m\u0113s vakarpus\u0113 bij\u0101m. Bija interesanti paskat\u012bties kl\u0101tien\u0113, tas ir pavisam sav\u0101d\u0101k nek\u0101 pa televizoru,&#8221; atceras Iveta.\u00a0<\/p>\n<p>Balvu teritori\u0101l\u0101s inval\u012bdu biedr\u012bbas vad\u012bt\u0101ja Marija Du\u013cbinska par Kaptei\u0146u \u0123imeni no Rug\u0101jiem saka tikai tos lab\u0101kos v\u0101rdus un uzsver, ka Iveta ir stipra sieviete, kura cen\u0161as dar\u012bt visu pati:\u00a0<\/p>\n<p>&#8220;Nes\u016bdzas par dz\u012bvi nekad. Ja kaut ko s\u016bta, tad k\u0101du pozit\u012bvu bildi, kur vi\u0146i smaid\u012bgi, priec\u012bgi. Jo tas ar\u012b mums ir nepiecie\u0161ams atbalsts, ja vi\u0146i turas, tad ar\u012b m\u0113s sa\u0146emamies un zin\u0101m, ka ar\u012b mums j\u0101turas. Vis\u0101m m\u0101mi\u0146\u0101m, kuriem ir b\u0113rni ar funkcion\u0101lajiem trauc\u0113jumiem un par kuriem m\u0113s zin\u0101m, ka tas ir uz m\u016b\u017eu.&#8221;\u00a0<\/p>\n<p>Sv\u0113tkos Kaptei\u0146u saimes m\u0101j\u0101s satiksies lielie un mazie b\u0113rni, lielaj\u0101 istab\u0101 kl\u0101s galdu, bet pel\u0113c\u012bgos, tuk\u0161os laukus pieskandin\u0101s priec\u012bgas balsis.<\/p>\n","protected":false},"excerpt":{"rendered":"Ziemassv\u0113tki tradicion\u0101li ir k\u013cuvu\u0161i par labo darbu laiku. Ar\u012b daudzb\u0113rnu \u0123imene Kaptei\u0146i\u00a0no Balvu novada Rug\u0101jiem par sp\u012bti tam,&hellip;\n","protected":false},"author":2,"featured_media":87939,"comment_status":"","ping_status":"","sticky":false,"template":"","format":"standard","meta":{"footnotes":""},"categories":[5],"tags":[23,28,29,32,33,22,30,31,35,39,38,36,37,34,40,20,26,27,24,25,21],"class_list":{"0":"post-87938","1":"post","2":"type-post","3":"status-publish","4":"format-standard","5":"has-post-thumbnail","7":"category-aktualitates","8":"tag-aktualitates","9":"tag-breaking-news","10":"tag-breakingnews","11":"tag-featured-news","12":"tag-featurednews","13":"tag-headlines","14":"tag-latest-news","15":"tag-latestnews","16":"tag-latvia","17":"tag-latvian","18":"tag-latviesu","19":"tag-latviesu-valoda","20":"tag-latviesuvaloda","21":"tag-latvija","22":"tag-lv","23":"tag-news","24":"tag-popularakas-zinas","25":"tag-popularakaszinas","26":"tag-top-stories","27":"tag-topstories","28":"tag-zinas"},"share_on_mastodon":{"url":"https:\/\/pubeurope.com\/@lv\/115795726311368103","error":""},"_links":{"self":[{"href":"https:\/\/www.europesays.com\/lv\/wp-json\/wp\/v2\/posts\/87938","targetHints":{"allow":["GET"]}}],"collection":[{"href":"https:\/\/www.europesays.com\/lv\/wp-json\/wp\/v2\/posts"}],"about":[{"href":"https:\/\/www.europesays.com\/lv\/wp-json\/wp\/v2\/types\/post"}],"author":[{"embeddable":true,"href":"https:\/\/www.europesays.com\/lv\/wp-json\/wp\/v2\/users\/2"}],"replies":[{"embeddable":true,"href":"https:\/\/www.europesays.com\/lv\/wp-json\/wp\/v2\/comments?post=87938"}],"version-history":[{"count":0,"href":"https:\/\/www.europesays.com\/lv\/wp-json\/wp\/v2\/posts\/87938\/revisions"}],"wp:featuredmedia":[{"embeddable":true,"href":"https:\/\/www.europesays.com\/lv\/wp-json\/wp\/v2\/media\/87939"}],"wp:attachment":[{"href":"https:\/\/www.europesays.com\/lv\/wp-json\/wp\/v2\/media?parent=87938"}],"wp:term":[{"taxonomy":"category","embeddable":true,"href":"https:\/\/www.europesays.com\/lv\/wp-json\/wp\/v2\/categories?post=87938"},{"taxonomy":"post_tag","embeddable":true,"href":"https:\/\/www.europesays.com\/lv\/wp-json\/wp\/v2\/tags?post=87938"}],"curies":[{"name":"wp","href":"https:\/\/api.w.org\/{rel}","templated":true}]}}