{"id":87940,"date":"2025-12-28T06:34:07","date_gmt":"2025-12-28T06:34:07","guid":{"rendered":"https:\/\/www.europesays.com\/lv\/87940\/"},"modified":"2025-12-28T06:34:07","modified_gmt":"2025-12-28T06:34:07","slug":"razma-pirmo-reizi-karjera-centisies-ieklut-pasaules-cempionata-astotdalfinala","status":"publish","type":"post","link":"https:\/\/www.europesays.com\/lv\/87940\/","title":{"rendered":"Razma pirmo reizi karjer\u0101 cent\u012bsies iek\u013c\u016bt pasaules \u010dempion\u0101ta astotda\u013cfin\u0101l\u0101"},"content":{"rendered":"<p>Meistarsac\u012bkstes tie\u0161raid\u0113 var v\u0113rot platform\u0101 \u201cGo3 Extra Sports\u201d.<\/p>\n<p>Pirmaj\u0101 k\u0101rt\u0101 Razma ar 3-1 p\u0101rsp\u0113ja kvalifik\u0101ciju p\u0101rvar\u0113ju\u0161o n\u012bderlandieti D\u017eamaju van den Heriku (PDC 115.)<\/p>\n<p>Otraj\u0101 ar 3-1 uzvar\u0113ja Derenu Beverid\u017eu no Skotijas (PDC 75.).<\/p>\n<p>Van V\u0113ns pirmaj\u0101 k\u0101rt\u0101 ar 3-1 guva virsroku p\u0101r sp\u0101ni Kristo Rejesu, bet otraj\u0101 ar t\u0101du pa\u0161u rezult\u0101tu uzveica skotu Alanu Souteru (PDC 54.).<\/p>\n<p>P\u0113rn Razma aizc\u012bn\u012bj\u0101s l\u012bdz tre\u0161ajai k\u0101rtai un c\u012b\u0146\u0101 par vietu astotda\u013cfin\u0101l\u0101 ar 1-4 piek\u0101p\u0101s tobr\u012bd pasaules ranga astotajam numuram St\u012bvenam Bantingam no Anglijas.<\/p>\n<p>Par visu laiku jaun\u0101ko pasaules \u010dempionu 17 gadu vecum\u0101 k\u013cuva anglis L\u016bks Litlers.<\/p>\n<p>PDC pasaules \u010dempion\u0101ts l\u012bdz 3. janv\u0101rim norisin\u0101s \u201cAlexandra Palace\u201d London\u0101.<\/p>\n<p>Turn\u012bra kop\u0113jais balvu fonds ir pieci miljoni Lielbrit\u0101nijas m\u0101rci\u0146u (aptuveni 5,7 miljoni eiro), no kuriem vienu miljonu m\u0101rci\u0146u sa\u0146ems n\u0101kamais pasaules \u010dempions.<\/p>\n<p class=\"tv3-fw-500\">Zi\u0146o par k\u013c\u016bdu rakst\u0101<\/p>\n<p class=\"d-md-block d-none\">Iez\u012bm\u0113 k\u013c\u016bdaino tekstu un spied Ctrl+Enter.<\/p>\n<p class=\"d-md-none d-block\">Iez\u012bm\u0113 k\u013c\u016bdaino tekstu un zi\u0146o par to!<\/p>\n","protected":false},"excerpt":{"rendered":"Meistarsac\u012bkstes tie\u0161raid\u0113 var v\u0113rot platform\u0101 \u201cGo3 Extra Sports\u201d. Pirmaj\u0101 k\u0101rt\u0101 Razma ar 3-1 p\u0101rsp\u0113ja kvalifik\u0101ciju p\u0101rvar\u0113ju\u0161o n\u012bderlandieti D\u017eamaju&hellip;\n","protected":false},"author":2,"featured_media":87941,"comment_status":"","ping_status":"","sticky":false,"template":"","format":"standard","meta":{"footnotes":"","_share_on_mastodon":"0"},"categories":[17],"tags":[35,39,38,36,37,34,40,22391,67],"class_list":["post-87940","post","type-post","status-publish","format-standard","has-post-thumbnail","category-sports","tag-latvia","tag-latvian","tag-latviesu","tag-latviesu-valoda","tag-latviesuvaloda","tag-latvija","tag-lv","tag-madars-razmapasaules-cempionats-sautrinu-mesanasautrinassautrinu-mesana","tag-sports"],"share_on_mastodon":{"url":"https:\/\/pubeurope.com\/@lv\/115795804986653491","error":""},"_links":{"self":[{"href":"https:\/\/www.europesays.com\/lv\/wp-json\/wp\/v2\/posts\/87940","targetHints":{"allow":["GET"]}}],"collection":[{"href":"https:\/\/www.europesays.com\/lv\/wp-json\/wp\/v2\/posts"}],"about":[{"href":"https:\/\/www.europesays.com\/lv\/wp-json\/wp\/v2\/types\/post"}],"author":[{"embeddable":true,"href":"https:\/\/www.europesays.com\/lv\/wp-json\/wp\/v2\/users\/2"}],"replies":[{"embeddable":true,"href":"https:\/\/www.europesays.com\/lv\/wp-json\/wp\/v2\/comments?post=87940"}],"version-history":[{"count":0,"href":"https:\/\/www.europesays.com\/lv\/wp-json\/wp\/v2\/posts\/87940\/revisions"}],"wp:featuredmedia":[{"embeddable":true,"href":"https:\/\/www.europesays.com\/lv\/wp-json\/wp\/v2\/media\/87941"}],"wp:attachment":[{"href":"https:\/\/www.europesays.com\/lv\/wp-json\/wp\/v2\/media?parent=87940"}],"wp:term":[{"taxonomy":"category","embeddable":true,"href":"https:\/\/www.europesays.com\/lv\/wp-json\/wp\/v2\/categories?post=87940"},{"taxonomy":"post_tag","embeddable":true,"href":"https:\/\/www.europesays.com\/lv\/wp-json\/wp\/v2\/tags?post=87940"}],"curies":[{"name":"wp","href":"https:\/\/api.w.org\/{rel}","templated":true}]}}