{"id":87942,"date":"2025-12-28T06:36:07","date_gmt":"2025-12-28T06:36:07","guid":{"rendered":"https:\/\/www.europesays.com\/lv\/87942\/"},"modified":"2025-12-28T06:36:07","modified_gmt":"2025-12-28T06:36:07","slug":"beigas-nav-saskatamas-humanitara-krize-dzilinas-lente-lv","status":"publish","type":"post","link":"https:\/\/www.europesays.com\/lv\/87942\/","title":{"rendered":"beigas nav saskat\u0101mas, humanit\u0101r\u0101 kr\u012bze dzi\u013cin\u0101s\u00a0\u2014\u00a0Lente.lv"},"content":{"rendered":"<p>Nebeidzamais konflikts Sud\u0101n\u0101 turpina rad\u012bt posto\u0161as sekas<\/p>\n<p>Sud\u0101n\u0101, \u0100frikas valst\u012b ar senu un sare\u017e\u0123\u012btu v\u0113sturi, pilso\u0146u kar\u0161 turpin\u0101s bez redzam\u0101m beig\u0101m, izraisot pasaul\u0113 vienu no smag\u0101kaj\u0101m humanit\u0101raj\u0101m kr\u012bz\u0113m. Kop\u0161 konflikta saasin\u0101\u0161an\u0101s 2023. gada apr\u012bl\u012b, valsts ir non\u0101kusi dzi\u013c\u0101 katastrof\u0101, kas skar miljoniem cilv\u0113ku. K\u0101 inform\u0113 Latvijas Sabiedriskie Mediji, \u0161\u012bs dramatisk\u0101s sekas turpina pasliktin\u0101ties, un starptautisk\u0101s kopienas centieni pan\u0101kt mieru un sniegt pal\u012bdz\u012bbu saskaras ar milz\u012bgiem izaicin\u0101jumiem.<\/p>\n<p>Pa\u0161reiz\u0113j\u0101 situ\u0101cija Sud\u0101n\u0101 ir kritiska. Tiek prognoz\u0113ts, ka 2025. gad\u0101 aptuveni 30,4 miljoniem cilv\u0113ku, kas ir vair\u0101k nek\u0101 puse valsts iedz\u012bvot\u0101ju, b\u016bs nepiecie\u0161ama pal\u012bdz\u012bba. \u0160aj\u0101 skaitl\u012b ietilpst 16 miljoni b\u0113rnu, kuriem n\u0101kotne ir apdraud\u0113ta. Lai gan kar\u0161 starp Sud\u0101nas bru\u0146otajiem sp\u0113kiem (SAF) un paramilit\u0101rajiem \u0100tr\u0101s atbalsta sp\u0113kiem (RSF) izc\u0113l\u0101s 2023. gada apr\u012bl\u012b, t\u0101s saknes mekl\u0113jamas daudz dzi\u013c\u0101k\u0101 v\u0113stur\u0113, kas saist\u012bta ar politisko nestabilit\u0101ti, etniskiem konfliktiem un resursu c\u012b\u0146\u0101m. Krievijas faktors, \u012bpa\u0161i V\u0101gnera grupas iesaiste, ir v\u0113l vair\u0101k sare\u017e\u0123\u012bjis situ\u0101ciju, radot ba\u017eas par \u0101r\u0113ju intere\u0161u pastiprin\u0101\u0161anu konflikt\u0101.<\/p>\n<p>Humanit\u0101r\u0101 katastrofa un t\u0101s apm\u0113ri<\/p>\n<p>Humanit\u0101r\u0101 situ\u0101cija Sud\u0101n\u0101 ir sasniegusi bezprecedenta l\u012bmeni. Saska\u0146\u0101 ar ANO datiem, 2025. gad\u0101 pal\u012bdz\u012bba b\u016bs nepiecie\u0161ama vair\u0101k nek\u0101 pusei iedz\u012bvot\u0101ju. Tas ietver 14,3 miljonus cilv\u0113ku, kas nav p\u0101rvietoti, 8,9 miljonus iek\u0161\u0113ji p\u0101rvietoto personu (IDP) un 6,4 miljonus cilv\u0113ku uz\u0146emo\u0161aj\u0101s kopien\u0101s. Aptuveni 890 000 ir b\u0113g\u013ci no kaimi\u0146valst\u012bm. Bada risks ir \u012bpa\u0161i augsts \u2013 apstiprin\u0101tas bada paz\u012bmes Zieme\u013cdarf\u016br\u0101, un miljoniem cilv\u0113ku citos konfliktos skartajos re\u0123ionos, tostarp Darf\u016br\u0101, Kordof\u0101n\u0101 un Hart\u016bm\u0101, ir pak\u013cauti ak\u016btam p\u0101rtikas tr\u016bkumam. Tas ir katastrof\u0101ls pieaugums sal\u012bdzin\u0101jum\u0101 ar laiku pirms konflikta. P\u0113c apr\u012b\u013ca 2023. gada vair\u0101k nek\u0101 12 miljoni cilv\u0113ku ir p\u0101rvietoti, kas padara Sud\u0101nu par vienu no pasaul\u0113 liel\u0101kaj\u0101m kr\u012bz\u0113m saist\u012bb\u0101 ar cilv\u0113ku p\u0101rvieto\u0161anos maz\u0101k nek\u0101 divu gadu laik\u0101. Kar\u0161 ir sagr\u0101vis 24 miljonu b\u0113rnu dz\u012bves, atst\u0101jot 17 miljonus \u0101rpus skolas un radot paaud\u017eu katastrofu.<\/p>\n<p>Cilv\u0113kties\u012bbu organiz\u0101cijas, tostarp Human Rights Watch, zi\u0146o par pla\u0161iem kara noziegumiem un noziegumiem pret cilv\u0113ci, ko pastr\u0101d\u0101ju\u0161as abas konflikt\u0113jo\u0161\u0101s puses, \u012bpa\u0161i RSF. Tiek zi\u0146ots par masu slepkav\u012bb\u0101m, seksu\u0101lo vardarb\u012bbu un sistem\u0101tisku pal\u012bdz\u012bbas blo\u0137\u0113\u0161anu. Vesel\u012bbas apr\u016bpes sist\u0113ma ir sagrauta, un pal\u012bdz\u012bbas darbinieki saskaras ar nepieredz\u0113tiem draudiem \u2013 kop\u0161 konflikta s\u0101kuma ir nogalin\u0101ti, ievainoti vai nolaup\u012bti vair\u0101k nek\u0101 110 pal\u012bdz\u012bbas darbinieki. ANO 2025. gada Hum\u0101n\u0101s pal\u012bdz\u012bbas rea\u0123\u0113\u0161anas pl\u0101ns cen\u0161as nodro\u0161in\u0101t pal\u012bdz\u012bbu gandr\u012bz 20,9 miljoniem cilv\u0113ku, pieprasot 4,2 miljardus dol\u0101ru.<\/p>\n<p>Konflikta c\u0113lo\u0146i un iesaist\u012bt\u0101s puses<\/p>\n<p>Sud\u0101nas v\u0113sture ir cie\u0161i saist\u012bta ar konfliktiem, s\u0101kot jau kop\u0161 neatkar\u012bbas ieg\u016b\u0161anas 1956. gad\u0101. Pa\u0161reiz\u0113jais konflikts, kas s\u0101k\u0101s 2023. gada 15. apr\u012bl\u012b, ir tre\u0161ais pilso\u0146u kar\u0161 valst\u012b. Tas izc\u0113l\u0101s starp Sud\u0101nas armiju (SAF) un paramilit\u0101rajiem \u0100tr\u0101s atbalsta sp\u0113kiem (RSF), kas agr\u0101k bija sabiedrotie c\u012b\u0146\u0101 pret autorit\u0101ro prezidentu Om\u0101ru el Be\u0161\u012bru. Sadursmes aizs\u0101k\u0101s p\u0113c neveiksm\u012bgiem m\u0113\u0123in\u0101jumiem integr\u0113t RSF Sud\u0101nas armijas sast\u0101v\u0101. Papildus galvenaj\u0101m karojo\u0161aj\u0101m pus\u0113m, konflikt\u0101 iesaist\u012bti ar\u012b vair\u0101ki maz\u0101ki bru\u0146oti grup\u0113jumi un milicijas, kas c\u012bn\u0101s savu intere\u0161u v\u0101rd\u0101. Zi\u0146as liecina, ka Krievijas V\u0101gnera grupas kaujinieki s\u0101kotn\u0113ji atbalst\u012bja RSF. Tom\u0113r attiec\u012bbas ar Krieviju ir sare\u017e\u0123\u012btas; ir biju\u0161i zi\u0146ojumi par Krievijas iesp\u0113jamo finans\u0113jumu ab\u0101m karojo\u0161aj\u0101m pus\u0113m. \u0160\u012b iesaiste pastiprina starptautisko ba\u017eas par \u0101r\u0113ju sp\u0113l\u0113t\u0101ju lomu Sud\u0101nas kr\u012bz\u0113.<\/p>\n<p>Starptautisk\u0101 sabiedr\u012bba, tostarp ANO un \u0100frikas Savien\u012bba, ir aicin\u0101jusi nekav\u0113joties p\u0101rtraukt bru\u0146ot\u0101s c\u012b\u0146as un ats\u0101kt sarunas. Tom\u0113r \u0161ie centieni ir sask\u0101ru\u0161ies ar gr\u016bt\u012bb\u0101m, jo vienas puses ir aps\u016bdz\u0113tas par cilv\u0113kties\u012bbu p\u0101rk\u0101pumiem un pal\u012bdz\u012bbas blo\u0137\u0113\u0161anu. Ir ar\u012b ba\u017eas par starptautisko spiedienu un iesaisti, piem\u0113ram, par Sud\u0101nas armijas un Ir\u0101nas attiec\u012bbu atjauno\u0161anu, kas raisa ba\u017eas ASV.<\/p>\n<p>Re\u0123ion\u0101l\u0101 un starptautisk\u0101 ietekme<\/p>\n<p>Sud\u0101nas konflikts rada nopietnu draudu re\u0123ion\u0101lajam un pat glob\u0101lajam dro\u0161\u012bbai. P\u0101rvietoto personu un b\u0113g\u013cu pl\u016bsma uz kaimi\u0146valst\u012bm, kas jau t\u0101pat ir nestabilas un tr\u016bc\u012bgas, rada papildu spiedienu uz to resursiem un infrastrukt\u016bru. Valstis k\u0101 \u010cada un \u0112\u0123ipte uz\u0146em iev\u0113rojamu skaitu b\u0113g\u013cu, bet to sp\u0113ja nodro\u0161in\u0101t pamata vajadz\u012bbas ir ierobe\u017eota. ANO p\u0101rst\u0101ve ir raksturojusi Sud\u0101nu k\u0101 vietu ar pasaul\u0113 smag\u0101ko p\u0101rvietoto cilv\u0113ku kr\u012bzi.<\/p>\n<p>Starptautisk\u0101 Krimin\u0101ltiesa (SKT) ir sa\u0146\u0113musi pras\u012bbas pret augsta ranga amatperson\u0101m par iesp\u0113jamu kara noziegumu un \u0137\u012bmisko iero\u010du izmanto\u0161anu. \u0160\u0101das aps\u016bdz\u012bbas palielina starptautisk\u0101s izol\u0101cijas risku Sud\u0101nas l\u012bderiem un nor\u0101da uz nepiecie\u0161am\u012bbu saukt vain\u012bgos pie atbild\u012bbas. Krievijas iesp\u0113jam\u0101 loma un interese par milit\u0101r\u0101s flotes b\u0101zes izveido\u0161anu Sarkanaj\u0101 j\u016br\u0101 liecina par \u0123eopolitisku spriedzi, kas v\u0113l vair\u0101k sare\u017e\u0123\u012btu situ\u0101ciju. Tas atg\u0101dina par Sud\u0101nas milit\u0101ro atkar\u012bbu no Krievijas agr\u0101kajos gados un t\u0101s m\u0113\u0123in\u0101jumiem balans\u0113t starp da\u017e\u0101d\u0101m pasaules lielvar\u0101m.<\/p>\n<p>N\u0101kotnes perspekt\u012bvas un starptautisk\u0101s kopienas loma<\/p>\n<p>N\u0101kotnes perspekt\u012bvas Sud\u0101n\u0101 ir dr\u016bmas, ja vien netiks pan\u0101kts iev\u0113rojams progresa l\u012bmenis miera proces\u0101. Kar\u0161 turpin\u0101s sagraut valsts infrastrukt\u016bru, ekonomiku un soci\u0101lo strukt\u016bru. Humanit\u0101r\u0101s organiz\u0101cijas un ANO turpina centienus sniegt pal\u012bdz\u012bbu, ta\u010du to darbs ir apgr\u016btin\u0101ts piek\u013cuves ierobe\u017eojumu un past\u0101v\u012bg\u0101 finans\u0113juma tr\u016bkuma d\u0113\u013c. 2025. gada Hum\u0101n\u0101s pal\u012bdz\u012bbas rea\u0123\u0113\u0161anas pl\u0101ns ir kritiski svar\u012bgs, ta\u010du t\u0101 pilna finans\u0113\u0161ana ir izaicin\u0101jums. Nepiecie\u0161ama starptautisk\u0101s sabiedr\u012bbas pastiprin\u0101ta politisk\u0101 un finansi\u0101l\u0101 atbalsta, lai veicin\u0101tu dialogu, sniegtu neatliekamo pal\u012bdz\u012bbu un atbalst\u012btu ilgtsp\u0113j\u012bgu risin\u0101jumu mekl\u0113\u0161anu. Tikai caur koordin\u0113tu un izl\u0113m\u012bgu r\u012bc\u012bbu ir iesp\u0113jams cer\u0113t uz situ\u0101cijas uzlabo\u0161anos un mazin\u0101t cie\u0161anas, ko rada \u0161is posto\u0161ais pilso\u0146u kar\u0161.<\/p>\n<p>Anal\u012bti\u0137i br\u012bdin\u0101ju\u0161i, ka bru\u0146otais konflikts var novest pie Sud\u0101nas past\u0101v\u012bgas sa\u0161\u0137elt\u012bbas, kas rad\u012btu v\u0113l dzi\u013c\u0101ku nestabilit\u0101ti re\u0123ion\u0101. Lai gan valsts ir piedz\u012bvojusi daudzus pilso\u0146u karus kop\u0161 neatkar\u012bbas ieg\u016b\u0161anas, pa\u0161reiz\u0113j\u0101 kr\u012bze ir \u012bpa\u0161i smaga un pla\u0161a, prasot nekav\u0113jo\u0161u un koordin\u0113tu starptautisku reakciju.<\/p>\n","protected":false},"excerpt":{"rendered":"Nebeidzamais konflikts Sud\u0101n\u0101 turpina rad\u012bt posto\u0161as sekas Sud\u0101n\u0101, \u0100frikas valst\u012b ar senu un sare\u017e\u0123\u012btu v\u0113sturi, pilso\u0146u kar\u0161 turpin\u0101s&hellip;\n","protected":false},"author":2,"featured_media":87943,"comment_status":"","ping_status":"","sticky":false,"template":"","format":"standard","meta":{"footnotes":""},"categories":[14],"tags":[23,341,57,28,29,32,33,22,7846,10487,30,31,35,39,38,36,37,34,40,20,22393,26,27,22392,24,25,54,55,56,21,58],"class_list":{"0":"post-87942","1":"post","2":"type-post","3":"status-publish","4":"format-standard","5":"has-post-thumbnail","7":"category-zinas-no-arvalstim","8":"tag-aktualitates","9":"tag-ano","10":"tag-arvalstim","11":"tag-breaking-news","12":"tag-breakingnews","13":"tag-featured-news","14":"tag-featurednews","15":"tag-headlines","16":"tag-humanitara-krize","17":"tag-konflikts","18":"tag-latest-news","19":"tag-latestnews","20":"tag-latvia","21":"tag-latvian","22":"tag-latviesu","23":"tag-latviesu-valoda","24":"tag-latviesuvaloda","25":"tag-latvija","26":"tag-lv","27":"tag-news","28":"tag-pilsonu-kars","29":"tag-popularakas-zinas","30":"tag-popularakaszinas","31":"tag-sudana","32":"tag-top-stories","33":"tag-topstories","34":"tag-world","35":"tag-world-news","36":"tag-worldnews","37":"tag-zinas","38":"tag-zinas-no-arvalstim"},"share_on_mastodon":{"url":"https:\/\/pubeurope.com\/@lv\/115795812915681128","error":""},"_links":{"self":[{"href":"https:\/\/www.europesays.com\/lv\/wp-json\/wp\/v2\/posts\/87942","targetHints":{"allow":["GET"]}}],"collection":[{"href":"https:\/\/www.europesays.com\/lv\/wp-json\/wp\/v2\/posts"}],"about":[{"href":"https:\/\/www.europesays.com\/lv\/wp-json\/wp\/v2\/types\/post"}],"author":[{"embeddable":true,"href":"https:\/\/www.europesays.com\/lv\/wp-json\/wp\/v2\/users\/2"}],"replies":[{"embeddable":true,"href":"https:\/\/www.europesays.com\/lv\/wp-json\/wp\/v2\/comments?post=87942"}],"version-history":[{"count":0,"href":"https:\/\/www.europesays.com\/lv\/wp-json\/wp\/v2\/posts\/87942\/revisions"}],"wp:featuredmedia":[{"embeddable":true,"href":"https:\/\/www.europesays.com\/lv\/wp-json\/wp\/v2\/media\/87943"}],"wp:attachment":[{"href":"https:\/\/www.europesays.com\/lv\/wp-json\/wp\/v2\/media?parent=87942"}],"wp:term":[{"taxonomy":"category","embeddable":true,"href":"https:\/\/www.europesays.com\/lv\/wp-json\/wp\/v2\/categories?post=87942"},{"taxonomy":"post_tag","embeddable":true,"href":"https:\/\/www.europesays.com\/lv\/wp-json\/wp\/v2\/tags?post=87942"}],"curies":[{"name":"wp","href":"https:\/\/api.w.org\/{rel}","templated":true}]}}