{"id":87945,"date":"2025-12-28T06:43:08","date_gmt":"2025-12-28T06:43:08","guid":{"rendered":"https:\/\/www.europesays.com\/lv\/87945\/"},"modified":"2025-12-28T06:43:08","modified_gmt":"2025-12-28T06:43:08","slug":"lancmanis-krievijas-draudi-ir-parspileti","status":"publish","type":"post","link":"https:\/\/www.europesays.com\/lv\/87945\/","title":{"rendered":"Lancmanis: Krievijas draudi ir p\u0101rsp\u012bl\u0113ti"},"content":{"rendered":"<p class=\"descr\">Interviju cikl\u0101 &#8220;Tuvpl\u0101n\u0101&#8221; uz sarunu aicin\u0101ts Latvijas kult\u016bras kanon\u0101 un UNESCO Pasaules mantojuma sarakst\u0101 iek\u013caut\u0101s Rund\u0101les pils atjaunot\u0101js, m\u0101kslas v\u0113sturnieks Imants Lancmanis.<\/p>\n<p>Viena no sarunas t\u0113m\u0101m &#8211; Krievija.<\/p>\n<p><a href=\"https:\/\/nra.lv\/birka\/imants-lancmanis\/\" target=\"_blank\" rel=\"noopener nofollow\">Lancmanis,<\/a> run\u0101jot par kaimi\u0146os eso\u0161o agresorvalsti, uzskata, ka mums nav no Krievijas varb\u016bt\u0113ja uzbrukuma j\u0101baid\u0101s, jo, vi\u0146apr\u0101t, Krievija ir p\u0101r\u0101k nabadz\u012bga, t\u0101 ir uz bankrota robe\u017eas un nevar ielauzties nevien\u0101 NATO zem\u0113.<\/p>\n<p>Vi\u0146\u0161 ar\u012b uzsver, ka, vi\u0146apr\u0101t, pret krieviem tiek kultiv\u0113ts apzin\u0101ts naids. &#8220;Es joproj\u0101m run\u0101ju krieviski, ja mani uzrun\u0101 krieviski, bet taj\u0101 pa\u0161\u0101 laik\u0101 krievu dv\u0113sele, vi\u0146i ir \u013coti pak\u013cauti varai, \u013caunajai varai, kura \u0161obr\u012bd t\u0101pat k\u0101 \u013be\u0146ins, Sta\u013cins\u2026 vi\u0146i pak\u013caujas tai, t\u0101 ir hipnoze. T\u0101 ir piln\u012bga nozomb\u0113\u0161ana t\u0101d\u0101 dramatisk\u0101 masveid\u0101. Man ir \u017e\u0113l krievu tautas, kuru Putins b\u016bt\u012bb\u0101 jau ir pazudin\u0101jis.&#8221;<\/p>\n<p>\t\t\t\t\t\tinfo<\/p>\n<p>Uzzini pirmais<br \/>kas interesants noticis Latvij\u0101 un pasaul\u0113,<br \/>pievienojoties mums <a href=\"https:\/\/t.me\/neatkariga\" rel=\"nofollow\">Telegram<\/a> vai <a href=\"https:\/\/whatsapp.com\/channel\/0029VaMLFUH5K3zLU5s4wm3y\" rel=\"nofollow noopener\" target=\"_blank\">Whatsapp<\/a> kan\u0101l\u0101<\/p>\n","protected":false},"excerpt":{"rendered":"Interviju cikl\u0101 &#8220;Tuvpl\u0101n\u0101&#8221; uz sarunu aicin\u0101ts Latvijas kult\u016bras kanon\u0101 un UNESCO Pasaules mantojuma sarakst\u0101 iek\u013caut\u0101s Rund\u0101les pils atjaunot\u0101js,&hellip;\n","protected":false},"author":2,"featured_media":87946,"comment_status":"","ping_status":"","sticky":false,"template":"","format":"standard","meta":{"footnotes":""},"categories":[12],"tags":[23,28,29,32,33,22,30,31,35,39,38,36,37,34,40,20,26,27,24,25,21],"class_list":{"0":"post-87945","1":"post","2":"type-post","3":"status-publish","4":"format-standard","5":"has-post-thumbnail","7":"category-latvija","8":"tag-aktualitates","9":"tag-breaking-news","10":"tag-breakingnews","11":"tag-featured-news","12":"tag-featurednews","13":"tag-headlines","14":"tag-latest-news","15":"tag-latestnews","16":"tag-latvia","17":"tag-latvian","18":"tag-latviesu","19":"tag-latviesu-valoda","20":"tag-latviesuvaloda","21":"tag-latvija","22":"tag-lv","23":"tag-news","24":"tag-popularakas-zinas","25":"tag-popularakaszinas","26":"tag-top-stories","27":"tag-topstories","28":"tag-zinas"},"share_on_mastodon":{"url":"https:\/\/pubeurope.com\/@lv\/115795840485482464","error":""},"_links":{"self":[{"href":"https:\/\/www.europesays.com\/lv\/wp-json\/wp\/v2\/posts\/87945","targetHints":{"allow":["GET"]}}],"collection":[{"href":"https:\/\/www.europesays.com\/lv\/wp-json\/wp\/v2\/posts"}],"about":[{"href":"https:\/\/www.europesays.com\/lv\/wp-json\/wp\/v2\/types\/post"}],"author":[{"embeddable":true,"href":"https:\/\/www.europesays.com\/lv\/wp-json\/wp\/v2\/users\/2"}],"replies":[{"embeddable":true,"href":"https:\/\/www.europesays.com\/lv\/wp-json\/wp\/v2\/comments?post=87945"}],"version-history":[{"count":0,"href":"https:\/\/www.europesays.com\/lv\/wp-json\/wp\/v2\/posts\/87945\/revisions"}],"wp:featuredmedia":[{"embeddable":true,"href":"https:\/\/www.europesays.com\/lv\/wp-json\/wp\/v2\/media\/87946"}],"wp:attachment":[{"href":"https:\/\/www.europesays.com\/lv\/wp-json\/wp\/v2\/media?parent=87945"}],"wp:term":[{"taxonomy":"category","embeddable":true,"href":"https:\/\/www.europesays.com\/lv\/wp-json\/wp\/v2\/categories?post=87945"},{"taxonomy":"post_tag","embeddable":true,"href":"https:\/\/www.europesays.com\/lv\/wp-json\/wp\/v2\/tags?post=87945"}],"curies":[{"name":"wp","href":"https:\/\/api.w.org\/{rel}","templated":true}]}}