{"id":87949,"date":"2025-12-28T06:49:04","date_gmt":"2025-12-28T06:49:04","guid":{"rendered":"https:\/\/www.europesays.com\/lv\/87949\/"},"modified":"2025-12-28T06:49:04","modified_gmt":"2025-12-28T06:49:04","slug":"atvert-sirdi-dieva-beznosacijuma-milestibai-kurzemnieks-lv","status":"publish","type":"post","link":"https:\/\/www.europesays.com\/lv\/87949\/","title":{"rendered":"Atv\u0113rt sirdi Dieva beznosac\u012bjuma m\u012blest\u012bbai \u2013 Kurzemnieks.lv"},"content":{"rendered":"<p>\u201eTic\u012bba m\u0101ca pie\u0146emt otru t\u0101du, k\u0101ds vi\u0146\u0161 ir, un respekt\u0113t ar\u012b vi\u0146a ce\u013cu. \u013boti b\u016btiski ir kalpot visiem, jo Dieva m\u012blest\u012bba dom\u0101ta visiem,\u201d saka kuld\u012bdzniece, Latvijas Apvienot\u0101s metodistu bazn\u012bcas superintendente, Kuld\u012bgas un C\u0113su draudzes m\u0101c\u012bt\u0101ja, tr\u012bs b\u0113rnu m\u0101mi\u0146a ZINTA DZINTARA.<\/p>\n<p><img loading=\"lazy\" decoding=\"async\" width=\"1024\" height=\"577\" data-id=\"24071\" src=\"https:\/\/www.europesays.com\/lv\/wp-content\/uploads\/2025\/12\/slavesana-1024x577.jpg\" alt=\"Slavesana\" class=\"wp-image-24071\"  \/>Muzik\u0101laj\u0101 Dieva slav\u0113\u0161anas pas\u0101kum\u0101 Kuld\u012bgas pansion\u0101t\u0101.<\/p>\n<p><img loading=\"lazy\" decoding=\"async\" width=\"1024\" height=\"768\" data-id=\"24073\" src=\"https:\/\/www.europesays.com\/lv\/wp-content\/uploads\/2025\/12\/Klans-1024x768.jpg\" alt=\"Klans\" class=\"wp-image-24073\"  \/>Kupl\u0101 saime jeb Klestrovu klans vec\u0101ku In\u0101ras un J\u0101\u0146a 60. k\u0101zu gadadien\u0101.<\/p>\n<p><img loading=\"lazy\" decoding=\"async\" width=\"1024\" height=\"682\" data-id=\"24075\" src=\"https:\/\/www.europesays.com\/lv\/wp-content\/uploads\/2025\/12\/draudzes-sports-1024x682.jpg\" alt=\"Draudzes Sports\" class=\"wp-image-24075\"  \/>Kuld\u012bgas metodistu draudze \u0161ogad sporta sp\u0113l\u0113s izc\u012bn\u012bjusi kausu.<\/p>\n<p><img loading=\"lazy\" decoding=\"async\" width=\"1024\" height=\"682\" data-id=\"24074\" src=\"https:\/\/www.europesays.com\/lv\/wp-content\/uploads\/2025\/12\/buutiiba-1024x682.jpg\" alt=\"Buutiiba\" class=\"wp-image-24074\"  \/>\u0160is foto, p\u0113c Zintas teikt\u0101, visprec\u012bz\u0101k raksturojot vi\u0146as b\u016bt\u012bbu. Att\u0113l\u0101 kop\u0101 ar v\u012bru Edgaru.<\/p>\n<p><img loading=\"lazy\" decoding=\"async\" width=\"576\" height=\"1024\" data-id=\"24072\" src=\"https:\/\/www.europesays.com\/lv\/wp-content\/uploads\/2025\/12\/amataa-celsana-576x1024.jpg\" alt=\"Amataa Celsana\" class=\"wp-image-24072\"  \/>Latvijas Apvienot\u0101s metodistu bazn\u012bcas superintendentes Zintas Dzintaras iesv\u0113tes dievkalpojums. Pa labi \u2013 Zieme\u013ceiropas, Baltijas valstu un Ukrainas b\u012bskaps Knuts Refsd\u0101ls, pa kreisi \u2013 Zintas amata priek\u0161g\u0101j\u0113js Edgars \u0160neiders.<\/p>\n<p><img loading=\"lazy\" decoding=\"async\" width=\"1024\" height=\"768\" data-id=\"24076\" src=\"https:\/\/www.europesays.com\/lv\/wp-content\/uploads\/2025\/12\/maza-zinta-1024x768.jpg\" alt=\"Maza Zinta\" class=\"wp-image-24076\"  \/>Zinta dzimusi m\u012blo\u0161\u0101 \u0123imen\u0113 un izbaud\u012bjusi laim\u012bgu b\u0113rn\u012bbu.<\/p>\n<p>Ko noz\u012bm\u0113 sievietei b\u016bt m\u0101c\u012bt\u0101jai, turkl\u0101t v\u0113l superintendentei \u2013 metodistu bazn\u012bcas galvai?<\/p>\n<p>Sabiedr\u012bb\u0101 par to tiek diskut\u0113ts, ta\u010du es neesmu iedzi\u013cin\u0101jusies. Dievs kalpot neaicina p\u0113c dzimuma. Ja aicina, tad ar\u012b dod autorit\u0101ti un p\u0101rliec\u012bbu. Ir vietas, kur pret sievietes kalpo\u0161anu joproj\u0101m izturas ar aizspriedumiem vai pat noraido\u0161i. Bet mani tas neietekm\u0113 \u2013 es zinu, uz ko Dievs mani aicin\u0101jis, un cilv\u0113ku viedok\u013ci neko nemaina. Mazliet gan t\u0101 joc\u012bgi bija, kad p\u0113c iecel\u0161anas par superintendenti bija j\u0101piedal\u0101s 18. novembra ekumeniskaj\u0101 dievkalpojum\u0101 R\u012bgas Dom\u0101. Starp b\u012bskapiem biju vien\u012bg\u0101 sieviete. Iepriek\u0161 tur biju\u0161i tikai v\u012brie\u0161i, un nu starp vi\u0146iem visas Latvijas priek\u0161\u0101 st\u0101v Zinta! Superintendents ir tas pats, kas b\u012bskaps \u2013 visas Latvijas metodistu bazn\u012bcas vad\u012bt\u0101js. Tikai nosaukums palicis no seniem laikiem. Amat\u0101 mani iec\u0113la Eiropas b\u012bskaps ikgad\u0113j\u0101 konferenc\u0113 august\u0101.<\/p>\n<p>Kop\u0161 t\u0101 br\u012b\u017ea dz\u012bve main\u012bjusies.<\/p>\n<p>Tagad ir daudz vair\u0101k atbild\u012bbas: l\u0113mumi j\u0101pie\u0146em visas kopienas v\u0101rd\u0101, j\u0101vada draud\u017eu darbs, j\u0101organiz\u0113 kalpo\u0161ana, bazn\u012bca j\u0101p\u0101rst\u0101v liel\u0101kajos ekumeniskajos un sabiedriskajos pas\u0101kumos, j\u0101uzrun\u0101 valsts l\u012bderi, j\u0101sadarbojas ar citiem m\u0101c\u012bt\u0101jiem, \u012bpa\u0161i tad, kad j\u0101mekl\u0113 risin\u0101jumi sabiedr\u012bbas dro\u0161\u012bbai vai gar\u012bgam atbalstam, piem\u0113ram, sadarb\u012bb\u0101 ar armiju, lai c\u012bn\u012btos pret dezinform\u0101ciju, cilv\u0113kiem kr\u012bz\u0113 nodro\u0161in\u0101tu mieru un atbalstu. T\u0101 ir ar\u012b liela gar\u012bga atbild\u012bba. Bie\u017e\u0101k j\u0101brauc uz \u0101rvalstu konferenc\u0113m Norv\u0113\u0123ij\u0101, D\u0101nij\u0101 un citur. Tagad esmu m\u0101c\u012bt\u0101ja ar\u012b C\u0113s\u012bs. Tas noz\u012bm\u0113, ka draudze Kuld\u012bg\u0101 izj\u016bt, ka manis te nav.<\/p>\n<p>Vai esat kuld\u012bdzniece kop\u0161 dzim\u0161anas?<\/p>\n<p>Mani vec\u0101ki ir kuld\u012bdznieki, ar\u012b es un m\u0101sas te aug\u0101m. Mana sirds pieder Kuld\u012bgai \u2013 man t\u0101 joproj\u0101m \u0161\u0137iet Latvijas skaist\u0101k\u0101 pils\u0113ta, un varu pateikties Dievam par \u017e\u0113last\u012bbu izaugt tie\u0161i \u0161eit. Ja k\u0101ds m\u0113\u0123ina iebilst, es vienm\u0113r turos pret\u012b un palieku pie sava, ka Kuld\u012bga ir visskaist\u0101k\u0101. Jau padomju gados man patika tas \u012bpa\u0161ais senatn\u012bgums un rado\u0161ums \u2013 notika da\u017e\u0101di festiv\u0101li, koncerti, m\u0101kslas lietas. Kuld\u012bga vienm\u0113r bijusi m\u0101kslinieku pils\u0113ta. \u0160eit dibin\u0101ta viena no pirmaj\u0101m m\u0101kslas skol\u0101m. Jau mazi\u0146a b\u016bdama, sajutu to avangardisko un rado\u0161o garu. Kad m\u0101c\u012bjos R\u012bg\u0101, draugi v\u0113l\u0113j\u0101s vasar\u0101 braukt uz Kuld\u012bgu, jo lik\u0101s, ka \u0161eit vienm\u0113r notiek kas \u012bpa\u0161s, kas lielpils\u0113t\u0101 nav atrodams.<\/p>\n<p>Vai no rado\u0161aj\u0101m nodarb\u0113m skolas laik\u0101 izv\u0113l\u0113j\u0101ties m\u0101kslu?<\/p>\n<p>Pabeidzu m\u0101kslas skolu \u2013 biju pirmaj\u0101 izlaidum\u0101. Tas \u013c\u0101va ieraudz\u012bt skaisto apk\u0101rt, sp\u0113ju nov\u0113rt\u0113t rado\u0161umu glezn\u0101s, m\u016bzik\u0101, cilv\u0113kos. Tagad gleznot neizn\u0101k \u2013 ar to nodarbo\u0161os, kad aizie\u0161u pensij\u0101 un laika b\u016bs vair\u0101k. Ta\u010du svar\u012bgi, ka saglab\u0101ju\u0161\u0101s v\u0113rt\u012bbas un redz\u0113jums. M\u0101kslas skola, l\u012bdz\u012bgi k\u0101 m\u016bzikas skola, b\u0113rnos ieliek fantastisku pamatu \u2013 v\u0113lmi ieraudz\u012bt un dom\u0101t cit\u0101di, nov\u0113rt\u0113t da\u017e\u0101d\u012bbu un skaistumu visapk\u0101rt.<\/p>\n<p>Par ko b\u0113rn\u012bb\u0101 v\u0113l\u0113j\u0101ties k\u013c\u016bt?<\/p>\n<p>Man bija privil\u0113\u0123ija uzaugt m\u012blo\u0161u vec\u0101ku \u0123imen\u0113 k\u0101 vid\u0113jai meitai, un biju laim\u012bgs b\u0113rns. T\u0101 k\u0101 n\u0101cu no \u0123imenes, kur viss notika m\u012blest\u012bb\u0101, man nebija \u012bpa\u0161u sap\u0146u vai amb\u012bciju \u2013 vienk\u0101r\u0161i izbaud\u012bju b\u0113rn\u012bbu. Vec\u0101k\u0101 m\u0101sa Antra izm\u0101c\u012bj\u0101s par arhitekti un specializ\u0113j\u0101s ainavu arhitekt\u016br\u0101. Vec\u0101ki iemin\u0113j\u0101s par l\u012bdz\u012bgu izv\u0113li, bet es aizg\u0101ju uz R\u012bgas celtniec\u012bbas tehnikumu, lai ieg\u016btu b\u016bvdarbu vad\u012bt\u0101jas specialit\u0101ti. Liekas, ka t\u0101da profesija nepavisam nav saist\u012bta ar rado\u0161umu vai gar\u012bg\u0101m liet\u0101m, ta\u010du man patika. Jaun\u0101k\u0101 m\u0101sa Liene k\u013cuva par soci\u0101lo darbinieci \u2013 tas bija ar\u012b sirds aicin\u0101jums, jo vi\u0146a ir \u0101rk\u0101rt\u012bgi j\u016bt\u012bga pret tiem, kuri piedz\u012bvo gr\u016bt\u012bbas. Emp\u0101tija un v\u0113lme citus atbalst\u012bt n\u0101k no vec\u0101ku m\u0101c\u012btaj\u0101m v\u0113rt\u012bb\u0101m: b\u016bt atsauc\u012bgam, neb\u016bt vienaldz\u012bgam pret otra s\u0101p\u0113m. Vec\u0101ki m\u016bsu izv\u0113les nekad nenosod\u012bja. Vi\u0146i \u013c\u0101va l\u0113mumus pie\u0146emt pa\u0161\u0101m un atbalst\u012bja ar\u012b tad, ja izv\u0113les bija cit\u0101das, nek\u0101 gaid\u012bts. \u0160\u012b uztic\u0113\u0161an\u0101s mani pavada visu m\u016b\u017eu, ir devusi pa\u013c\u0101v\u012bbu un pa\u0161apzi\u0146u.<\/p>\n<p>K\u0101 veic\u0101s jaunajai b\u016bvdarbu vad\u012bt\u0101jai?<\/p>\n<p>Pa dub\u013ciem b\u016bvlaukum\u0101 nevajadz\u0113ja brist, jo atkal laim\u0113j\u0101s. Kad tehnikumu pabeidzu, var\u0113ju atgriezties Kuld\u012bg\u0101 un s\u0101ku str\u0101d\u0101t Valsts zemes dienest\u0101 \u2013 v\u0113rt\u0113ju \u012bpa\u0161umus. Nostr\u0101d\u0101ju te 23 gadus, p\u0113c tam tr\u012bs gadus R\u012bg\u0101, kur to kontrol\u0113ju visas Latvijas l\u012bmen\u012b. Darbs \u013coti patika. Lik\u0101s, ka tas ir lab\u0101kais, k\u0101ds vien man var b\u016bt. Ar\u012b atalgojums labs. P\u0113c tehnikuma s\u0101ku celtniec\u012bbu stud\u0113t Lauksaimniec\u012bbas akad\u0113mij\u0101, bet iepazinos ar Edgaru, apprec\u0113j\u0101mies, dzima b\u0113rni, un dz\u012bve sav\u0113rp\u0101s vair\u0101k ap \u0123imeni un darbu \u0161eit.<\/p>\n<p>K\u0101 sabiedr\u012bb\u0101 \u0123imeniskums main\u012bjies?<\/p>\n<p>Man\u0101 b\u0113rn\u012bb\u0101 tas izpaud\u0101s daudz\u0101s kop\u012bg\u0101s aktivit\u0101t\u0113s: katru gadu brauc\u0101m ekskursij\u0101s, sp\u0113l\u0113j\u0101m vakaros dambreti vai \u0161ahu, vec\u0101ki vienm\u0113r bija kl\u0101teso\u0161i un m\u012blo\u0161i. \u0160\u0137iet, tagad daudziem b\u0113rniem kop\u012bbas, vec\u0101ku kl\u0101tb\u016btnes un sirsn\u012bbas pietr\u016bkst. Man ir tr\u012bs b\u0113rni, visi jau pieaugu\u0161i un prec\u0113ju\u0161ies. Ir ar\u012b tr\u012bs mazb\u0113rni\u0146i, un jaun\u0101kais piedzima pirms da\u017e\u0101m ned\u0113\u013c\u0101m. \u0122imene ir liels prieka un gandar\u012bjuma avots, un ne tikai mani b\u0113rni ir talant\u012bgi un m\u012blo\u0161i \u2013 ar\u012b vi\u0146u otr\u0101s pus\u012btes ir br\u012bni\u0161\u0137\u012bgas. J\u016btos Dievam pateic\u012bga par visu.<\/p>\n<p>Ar ko b\u0113rni nodarbojas?<\/p>\n<p>Vec\u0101k\u0101 meita Madara ir m\u016bzi\u0137e. Dzied R\u012bgas gospe\u013ckor\u012b, grup\u0101\u00a0Radio trio, piedal\u012bjusies\u00a0X faktor\u0101. M\u0101kslas akad\u0113mij\u0101 ieguvusi m\u0101kslas ma\u0123istra gr\u0101du, taisa videoklipus paz\u012bstamiem m\u016bzi\u0137iem. Lai gan p\u0113c profesijas ir m\u0101ksliniece, m\u016bzika vi\u0146as sirdij tuv\u0101ka. T\u0101pat d\u0113ls Art\u016brs m\u016bziku izv\u0113l\u0113jies k\u0101 sirds aicin\u0101jumu \u2013 sp\u0113l\u0113 da\u017e\u0101d\u0101s grup\u0101s, str\u0101d\u0101 firm\u0101, kas izgatavo m\u016bzikas instrumentus un deta\u013cas. Ar\u012b jaun\u0101k\u0101 meita Alise muzic\u0113ja \u2013 sp\u0113l\u0113ja bas\u0123it\u0101ru grup\u0101, ko ar draugiem bija nodibin\u0101ju\u0161i. Aizg\u0101ja stud\u0113t met\u0101la apstr\u0101di M\u0101kslas akad\u0113mij\u0101, bet saprata, ka t\u0101 nav dom\u0101ta vi\u0146ai. Tad kop\u0101 ar v\u012bru iest\u0101j\u0101s profesion\u0101laj\u0101 dienest\u0101.<\/p>\n<p>K\u0101 uz b\u0113rnu izv\u0113li raug\u0101ties?<\/p>\n<p>\u013boti svar\u012bgi, lai vec\u0101ki ir atv\u0113rti b\u0113rna talantu atbalst\u012b\u0161anai, nevis tikai raug\u0101s uz lab\u0101k atalgot\u0101m profesij\u0101m. Sabiedr\u012bba bie\u017ei virza uz materi\u0101li\u00a0v\u0113rt\u012bg\u0101k\u0101m\u00a0profesij\u0101m, bet katram b\u0113rnam ir k\u0101ds talants, ar ko var gan g\u016bt prieku, gan str\u0101d\u0101t un nopeln\u012bt. Manu b\u0113rnu izv\u0113le liecina, ka talanta ce\u013c\u0161 ir lab\u0101ks. Bet, ja cilv\u0113ks str\u0101d\u0101 viet\u0101, kas vi\u0146am nepat\u012bk, tas noved pie izdeg\u0161anas un neapmierin\u0101t\u012bbas.<\/p>\n<p>K\u0101 mammai nebija viegli pie\u0146emt Alises izv\u0113li par armiju, jo vi\u0146a ir smalka meitene un es \u013coti baid\u012bjos. Sirds sar\u0101v\u0101s, kad ieraudz\u012bju, ar ieroci rok\u0101s nododot zv\u0113restu. Jau par Art\u016bru dom\u0101ju, kaut d\u0113lam neb\u016btu j\u0101iet dienest\u0101. Un nu maz\u0101 meiti\u0146a iet armij\u0101! Uztic\u0113jos Dievam, ka j\u0101\u013cauj vi\u0146ai \u0161o aicin\u0101jumu izdz\u012bvot, cit\u0101di es nemit\u012bgi b\u016btu vien\u0101s bail\u0113s. Ja jau mier\u012bg\u0101 dz\u012bv\u0113 Dievs b\u0113rnu sarg\u0101, t\u0101 b\u016bs ar\u012b armij\u0101.<\/p>\n<p>K\u0101 s\u0101k\u0101s j\u016bsu tic\u012bbas ce\u013c\u0161?<\/p>\n<p>Man\u0101 b\u0113rn\u012bb\u0101 par Dievu nerun\u0101ja un bazn\u012bc\u0101 neg\u0101j\u0101m. Tom\u0113r atceros interesantu epizodi. Kad man bija 11 gadu, jaun\u0101k\u0101 m\u0101si\u0146a \u013coti saslima. Vi\u0146u ar\u00a0\u0101trajiem\u00a0veda uz slimn\u012bcu, un es, b\u0113rns, kas neko par l\u016bg\u0161an\u0101m nebija dzird\u0113jis, st\u0101v\u0113ju pie loga un l\u016bdzu Dievu. Atmodas laik\u0101 Kuld\u012bgas M\u0101kslas un humanit\u0101raj\u0101 skol\u0101 Lienei s\u0101ka m\u0101c\u012bt tic\u012bbas m\u0101c\u012bbu, bija krist\u012bbas un iesv\u0113t\u012bbas. S\u0113d\u0113j\u0101m ar t\u0113ti Annas bazn\u012bcas p\u0113d\u0113jos solos un par notieko\u0161o gandr\u012bz uzjautrin\u0101j\u0101mies.<\/p>\n<p>Bet p\u0113c k\u0101da laika, kad visi tr\u012bs b\u0113rni bija piedzimu\u0161i, izdom\u0101ju vi\u0146us nokrist\u012bt. T\u0101 p\u0113k\u0161\u0146i un neapzin\u0101ti sapratu, ka tas j\u0101dara. Aizg\u0101ju uz Annas draudzi pie m\u0101c\u012bt\u0101jas Daces Rub\u013cevskas, izteicu v\u0113lmi un vienlaikus pateicu, ka pati tic\u012bbai piev\u0113rsties netaisos. Esmu las\u012bjusi par kristiet\u012bbas ievie\u0161anu, krusta kariem, varm\u0101c\u012bbu, t\u0101p\u0113c lai nedom\u0101 mani p\u0101rmain\u012bt! Esmu pag\u0101ns un ar to lepojos \u2013 j\u016bsu tic\u012bbu man nevajag! Ta\u010du b\u0113rnus gan v\u0113los nokrist\u012bt.<\/p>\n<p>K\u0101da bija atbilde?<\/p>\n<p>Dace atbild\u0113ja, ka manu p\u0101rliec\u012bbu ciena, tikai vajag samekl\u0113t krist\u012bgus krustvec\u0101kus. At\u013c\u0101va ar\u012b man krist\u012bb\u0101s st\u0101v\u0113t pie alt\u0101ra. Taj\u0101 br\u012bd\u012b sajutu neaprakst\u0101mu Dieva kl\u0101tb\u016btni \u2013 mieru, prieku un m\u012blest\u012bbu, lai gan apzin\u0101ti tic\u012bga v\u0113l nebiju un dz\u012bv\u0113 nekas nemain\u012bj\u0101s. Pag\u0101ja gads, un mamma izdom\u0101ja iet uz iesv\u0113tes m\u0101c\u012bb\u0101m. L\u016bdza pavad\u012bt, jo vakaros ir tum\u0161i. Ar\u012b tad Dacei teicu, lai mani liek mier\u0101. M\u0101c\u012bt\u0101jas attieksme bija tik cie\u0146pilna, ka nerad\u0101s nek\u0101da pretest\u012bba. Bet paties\u012bb\u0101 jau tad man\u012b s\u0101k\u0101s p\u0101rmai\u0146as, tikai v\u0113l neapzin\u0101jos. Kad v\u0113l\u0101k nokrist\u012bjos un iesv\u0113t\u012bjos ar\u012b es, no bazn\u012bcas izn\u0101cu \u0101r\u0101 k\u0101 jauns cilv\u0113ks, ar piln\u012bgi cit\u0101du pasaules skat\u012bjumu.<\/p>\n<p>Tas laiks Annas bazn\u012bc\u0101 bija \u013coti \u012bpa\u0161s \u2013 k\u0101 t\u0101da Kuld\u012bgas gar\u012bg\u0101 atmoda. L\u016bg\u0161anas vad\u012bja Vija Se\u013cava, un tur Dievs dziedin\u0101ja daudzus. Redz\u0113ju sav\u0101m ac\u012bm, k\u0101 cilv\u0113ki main\u0101s, atbr\u012bvojas no atkar\u012bb\u0101m, ar\u012b \u0123imen\u0113 piedz\u012bvoj\u0101m dziedin\u0101\u0161anu. Alis\u012bte bija \u013coti slima ar astmu, bet p\u0113c aizl\u016bg\u0161an\u0101m vairs neslimoja. Tas manu tic\u012bbu stiprin\u0101ja v\u0113l vair\u0101k.<\/p>\n<p>Kas pamudin\u0101ja stud\u0113t teolo\u0123iju?<\/p>\n<p>Kad iest\u0101jos Latvijas Krist\u012bgaj\u0101 akad\u0113mij\u0101, daudzi jaut\u0101ja, vai gribu b\u016bt m\u0101c\u012bt\u0101ja. T\u0101da nodoma noteikti nebija. V\u0113l\u0113jos tikai vair\u0101k uzzin\u0101t. Reiz m\u0101jupce\u013c\u0101 no R\u012bgas Dievs p\u0113k\u0161\u0146i mani uzrun\u0101ja, ka man j\u0101pamet darbs Kuld\u012bg\u0101. Skaidri to dzird\u0113ju, bet nesapratu, k\u0101p\u0113c visa labi sak\u0101rtot\u0101 dz\u012bve j\u0101maina. Tas bija pr\u0101tam neaptverami, faktiski liel\u0101kais nepr\u0101ts, ko esmu izdar\u012bjusi. Atst\u0101ju Kuld\u012bg\u0101 \u013coti labu darbu, ar\u012b bazn\u012bcu, slav\u0113\u0161anas grupu* un aizbraucu uz R\u012bgu, kur man nebija pat dz\u012bvok\u013ca.<\/p>\n<p>K\u0101 rea\u0123\u0113ja \u0123imene?<\/p>\n<p>B\u0113rni jau stud\u0113ja. V\u012brs ier\u012bkoja laist\u012b\u0161anas iek\u0101rtas, un objekti bija p\u0101rsvar\u0101 pie R\u012bgas, t\u0101p\u0113c neuztrauc\u0101s un atbalst\u012bja. T\u0113tis gan \u0161aub\u012bj\u0101s un teica, ka no Dieva tas nevar b\u016bt: laik\u0101, kad visi par dz\u012bvi satrauku\u0161ies, cilv\u0113ks no laba darba iet prom. Tom\u0113r manu nesaprotamo izv\u0113li pie\u0146\u0113ma.<\/p>\n<p>T\u0101 atbrauc\u0101m uz nek\u0101diem apst\u0101k\u013ciem R\u012bg\u0101. V\u012brs darb\u0101 sapazinies ar k\u0101du metodistu draudzes p\u0101rst\u0101vi, kur\u0161 veidoja slav\u0113\u0161anas grupu. Uzrun\u0101ja m\u016bs, jo dzird\u0113jis, ka esam muzik\u0101la \u0123imene. Interesanti, ka pirms tam mekl\u0113ju past\u0101v\u012bgu draudzi \u2013 staig\u0101ju no vienas bazn\u012bcas uz otru, visur jauki, bet Dievs ikreiz teica, ka t\u0101 neesot mana \u012bst\u0101 vieta. Aizg\u0101ju uz R\u012bgas metodistu draudzi \u2013 tur man nepatika piln\u012bgi nekas, bet Dievs pateica, ka \u0161\u012b ir mana vieta. Spurojos pret\u012b, bet tas laikam bija paklaus\u012bbas p\u0101rbaud\u012bjums. T\u0101 s\u0101k\u0101m iet uz \u0161o draudzi, bija slav\u0113\u0161anas grupa. Atkal labs darbs Valsts zemes dienest\u0101 R\u012bg\u0101, dz\u012bves apst\u0101k\u013ci sak\u0101rtoti.<\/p>\n<p>Saklaus\u012bju n\u0101kamo aicin\u0101jumu \u2013 stud\u0113t teolo\u0123iju Latvijas Universit\u0101t\u0113. Pat iedom\u0101ties nevar\u0113ju savos gados m\u0101c\u012bties kl\u0101tien\u0113 kop\u0101 ar jaunie\u0161iem, kuri ir manu b\u0113rnu vecum\u0101. Tom\u0113r Teolo\u0123ijas fakult\u0101t\u0113 iest\u0101jos. C\u0113los agri no r\u012bta un braucu uz darbu, lai pasp\u0113tu visu izdar\u012bt l\u012bdz lekcij\u0101m, kas s\u0101k\u0101s piecos vakar\u0101 un beidz\u0101s ap desmitiem. M\u0101j\u0101s gandr\u012bz kom\u0101 iekritu gult\u0101, un no r\u012bta viss s\u0101k\u0101s no jauna.<\/p>\n<p>Tad k\u013cuv\u0101t par m\u0101c\u012bt\u0101ju.<\/p>\n<p>J\u0101, kaut iepriek\u0161 teicu, ka gribu b\u016bt nevis m\u0101c\u012bt\u0101ja, bet gan slav\u0113t\u0101ja. V\u0113l\u0113jos palikt R\u012bg\u0101, jo tur dz\u012bvoja b\u0113rni, ta\u010du sirds aicin\u0101jums veda atpaka\u013c uz Kuld\u012bgu. V\u0113lreiz j\u0101atst\u0101j labiek\u0101rtot\u0101 dz\u012bve. Devos atpaka\u013c uz dzimto pils\u0113tu, kur kalpoju k\u0101 m\u0101c\u012bt\u0101ja. Un izr\u0101d\u012bj\u0101s, ka m\u0101tes vec\u0101ki un v\u0113l vecvec\u0101ki biju\u0161i saist\u012bti ar Kuld\u012bgas metodistu bazn\u012bcu \u2013 tie\u0161i tur iepazinu\u0161ies un apprec\u0113ju\u0161ies. Pirms tam pat nojausmas par to nebija. Atkl\u0101j\u0101s daudz interesantu faktu par dzimtu. Tad sapratu, ka sen\u010du l\u016bg\u0161anas un tic\u012bbas mantojums m\u016bsu \u0123imeni vad\u012bjis un sarg\u0101jis ar\u012b tad, kad bij\u0101m netic\u012bgi. Man laim\u0113jies ne tikai ar br\u012bni\u0161\u0137\u012bgu \u0123imeni un draugiem, bet ar\u012b fantastiskiem kol\u0113\u0123iem un citiem cilv\u0113kiem.<\/p>\n<p>K\u0101da \u0161odien ir bazn\u012bcas vieta cilv\u0113ku dz\u012bv\u0113? Vai nav t\u0101, ka Dieva pal\u012bdz\u012bbu daudzi mekl\u0113 t\u0101p\u0113c, lai savu dz\u012bvi sak\u0101rtotu, bet t\u0101 ar\u012b neatrod?<\/p>\n<p>Caur bazn\u012bcu un dievi\u0161\u0137\u0101s m\u012blest\u012bbas pieredzi cilv\u0113ks var atrast savu identit\u0101ti un dz\u012bves j\u0113gu. Ja \u0123imen\u0113 vai citur m\u012blest\u012bba nav sa\u0146emta, ir \u013coti gr\u016bti dz\u012bvot piepild\u012bti \u2013 cilv\u0113ks s\u0101k par sevi \u0161aub\u012bties, k\u013c\u016bst depres\u012bvs, dzer antidepresantus, mekl\u0113 j\u0113gu materi\u0101l\u0101s liet\u0101s, bet nesp\u0113j to piepild\u012bjumu atrast. Manupr\u0101t, bazn\u012bcas uzdevums ir cilv\u0113kus pie\u0146emt ar cie\u0146u un m\u012blest\u012bbu, nevis censties p\u0101rm\u0101c\u012bt ar nosod\u012bjumu. Dievs mums pied\u0101v\u0101 savu beznosac\u012bjuma m\u012blest\u012bbu \u2013 t\u0101 mums vajadz\u012bga visvair\u0101k. Var jau r\u012bkot psihoterapijas un v\u0113l da\u017e\u0101dus kursus, bet neviens cits nevar t\u0101 dziedin\u0101t dv\u0113seles r\u0113tas k\u0101 Dievs. Vi\u0146\u0161 uzrun\u0101 ar \u017e\u0113lsird\u012bbu \u2013 pie\u0146em cilv\u0113ku tur, kur vi\u0146\u0161 ir, ar vi\u0146a v\u0101j\u012bb\u0101m, lai nevis nosod\u012btu, bet m\u012bl\u0113tu. Bet, ja cilv\u0113ks atn\u0101k ar savu s\u0101pi un vi\u0146am s\u0101k p\u0101rmest vainas, tad Dieva m\u012blest\u012bbu nevar piedz\u012bvot un vi\u0146\u0161 metas prom. Bazn\u012bca dom\u0101ta tam, lai pal\u012bdz\u0113tu iem\u012bl\u0113t, nevis nosod\u012btu. T\u0101 ir t\u0101 vieta, kur cilv\u0113ks var m\u012blest\u012bbu sa\u0146emt, \u012bpa\u0161i tad, kad citur durvis ir aizv\u0113rtas.<\/p>\n<p>Ko jums noz\u012bm\u0113 Ziemassv\u0113tki?<\/p>\n<p>Man \u0161is laiks \u013coti pat\u012bk. Lai gan \u0101r\u0101 laiks ir tum\u0161s, \u0161is ir br\u012bdis cilv\u0113kiem nest gaismu, un m\u0113s \u012bpa\u0161i cen\u0161amies b\u016bt blakus tiem, kas ir vientu\u013ci vai gr\u016bt\u012bb\u0101s. Apciemojam vi\u0146us, dziedam dziesmas, aizvedam d\u0101vani\u0146as, iededzam svec\u012btes. Tas tikpat k\u0101 neko nemaks\u0101, bet cilv\u0113kiem noz\u012bm\u0113 \u013coti daudz. Draudz\u0113 cilv\u0113ki akt\u012bv\u0101k iesaist\u0101s kalpo\u0161an\u0101, n\u0101k dal\u012bt zupu, v\u0113l k\u0101dus darbi\u0146us padar\u012bt \u2013 tas dod prieku un gandar\u012bjumu. P\u0101rsteidzo\u0161i, k\u0101 cilv\u0113ki t\u0101dos mirk\u013cos izmain\u0101s! Vi\u0146i pa\u0161i sevi ierauga cit\u0101d\u0101m ac\u012bm, saredz gai\u0161umu. T\u0101da pati gaisma, ko Advent\u0113 nesam citiem, atgrie\u017eas pie mums pa\u0161iem. T\u0101p\u0113c man pat\u012bk tum\u0161ie vakari un ar\u012b r\u012bti, kad piece\u013cos un log\u0101 iesl\u0113dzu lielo zvaigzni. Cilv\u0113ki iet gar\u0101m, un ar\u012b vi\u0146iem no t\u0101s gaismas k\u0101ds prieks tiek. Laika tr\u016bkums bie\u017ei ir aizbildin\u0101jums. Paties\u012bb\u0101 katrs atrodam laiku tam, ko uzskat\u0101m par priorit\u0101ti, pat tad, ja ir daudz citu pien\u0101kumu. To pati esmu pieredz\u0113jusi, vienlaikus m\u0101coties, str\u0101d\u0101jot un r\u016bp\u0113joties par b\u0113rniem. Ja \u013coti gribi, laiku vari izstiept un visu salikt t\u0101, lai izdodas.<\/p>\n<p>K\u0101 superintendentei jums b\u016bs j\u0101piedal\u0101s ar\u012b ekumeniskaj\u0101 Ziemassv\u0113tku dievkalpojum\u0101 R\u012bgas Dom\u0101. Ko nov\u0113l\u0113siet Latvijas cilv\u0113kiem, pasaulei?<\/p>\n<p>Mans galvenais v\u0113st\u012bjums ir izmantot \u0161o skaisto laiku, kad sirds un pr\u0101ts ir atv\u0113rti, ne tikai gar\u012bg\u0101m liet\u0101m iek\u0161\u0113ji, bet ar\u012b m\u012blest\u012bb\u0101 vienam pret otru, lai piedz\u012bvotu un saprastu Ziemassv\u0113tku br\u012bnumu \u2013 ieraudz\u012btu mazul\u012bti J\u0113zu, kur\u0161 pirms vair\u0101k nek\u0101 2000 gadiem n\u0101ca pasaul\u0113 k\u0101 neizm\u0113rojamas Dieva m\u012blest\u012bbas piepild\u012bjums, lai atjaunotu m\u016bsu attiec\u012bbas ar Dievu un \u013cautu mums piedz\u012bvot Vi\u0146a m\u012blest\u012bbu. Lai katrs sav\u0101 dz\u012bv\u0113 ieraudz\u012btu gl\u0101b\u0113ju J\u0113zu, kas n\u0101ca gl\u0101bt no nelaim\u0113m, atkar\u012bbas, vientul\u012bbas, no aplam\u0101m dom\u0101m, stereotipiem un va\u017e\u0101m, ko m\u0113s pa\u0161i vai k\u0101di citi ap mums saviju\u0161i. Neatkar\u012bgi no t\u0101, kas esam \u2013 b\u0113rns, skol\u0113ns, pieaugu\u0161ais, liels politi\u0137is vai vienk\u0101r\u0161a darba dar\u012bt\u0101js, kuld\u012bdznieks, r\u012bdzinieks vai Amerikas iedz\u012bvot\u0101js \u2013, visiem ir svar\u012bgi saprast J\u0113zus k\u0101 gl\u0101b\u0113ja noz\u012bmi. Nov\u0113lu katram \u0161o sastap\u0161anos mekl\u0113t, piedz\u012bvot un b\u016bt piepild\u012btam ar fantastisko m\u012blest\u012bbu, lai ar\u012b pa\u0161am b\u016btu, ko dot citiem.<\/p>\n<p class=\"has-small-font-size\">* Slav\u0113\u0161anas grupa Dievu slav\u0113 un tam pateicas dziedot un muzic\u0113jot.<\/p>\n<p>K\u0101 j\u016bs da\u017eos v\u0101rdos turpin\u0101tu teikumu \u201eZinta Dzintara ir\u2026\u201d?<\/p>\n<p>Madara Dzintara, meita, dzied\u0101t\u0101ja:<\/p>\n<p>\u2013 \u013boti m\u012b\u013ca mamma un gudra vad\u012bt\u0101ja. Cilv\u0113ks ar pla\u0161u un m\u012blo\u0161u sirdi, ar\u012b ar sp\u0113ju kritiski dom\u0101t un lo\u0123iski risin\u0101t probl\u0113mas.<\/p>\n<p>Antra Klestrova, m\u0101sa, arhitekte:<\/p>\n<p>\u2013 Sirsn\u012bga, uzticama, m\u012blo\u0161a. Nekad neatteiks pal\u012bdz\u0113t un nevienu neatst\u0101s nelaim\u0113 pat tad, ja tas b\u016btu p\u0101ri vi\u0146as sp\u0113kiem. Br\u012bni\u0161\u0137\u012bga m\u0101sa. Katram t\u0101du nov\u0113l\u0113tu.<\/p>\n<p>Edgars \u0160neiders, Latvijas Apvienot\u0101s metodistu bazn\u012bcas k\u0101dreiz\u0113jais superintendents, Liep\u0101jas draudzes m\u0101c\u012bt\u0101js:<\/p>\n<p>\u2013 Cilv\u0113ks, kas piln\u012bb\u0101 pa\u013caujas uz Dievu: mekl\u0113 Vi\u0146u, atrod un ir gatavs paklaus\u012bt. M\u0101k ieklaus\u012bties citos un pie\u0146emt jebkuru viedokli. Vienm\u0113r gatava m\u0101c\u012bties un drosm\u012bgi pie\u0146emt izaicin\u0101jumus. T\u0101s ir svar\u012bg\u0101k\u0101s \u012bpa\u0161\u012bbas, kas bazn\u012bcas vad\u012bt\u0101jam vajadz\u012bgas.<\/p>\n","protected":false},"excerpt":{"rendered":"\u201eTic\u012bba m\u0101ca pie\u0146emt otru t\u0101du, k\u0101ds vi\u0146\u0161 ir, un respekt\u0113t ar\u012b vi\u0146a ce\u013cu. \u013boti b\u016btiski ir kalpot visiem,&hellip;\n","protected":false},"author":2,"featured_media":87950,"comment_status":"","ping_status":"","sticky":false,"template":"","format":"standard","meta":{"footnotes":""},"categories":[12],"tags":[23,22394,28,29,32,33,18313,22,237,22395,828,30,31,35,39,38,36,37,34,40,22396,20,26,27,22397,24,25,9687,21,22398],"class_list":{"0":"post-87949","1":"post","2":"type-post","3":"status-publish","4":"format-standard","5":"has-post-thumbnail","7":"category-latvija","8":"tag-aktualitates","9":"tag-baznica-latvija","10":"tag-breaking-news","11":"tag-breakingnews","12":"tag-featured-news","13":"tag-featurednews","14":"tag-garigums","15":"tag-headlines","16":"tag-intervija","17":"tag-kristietiba","18":"tag-kuldiga","19":"tag-latest-news","20":"tag-latestnews","21":"tag-latvia","22":"tag-latvian","23":"tag-latviesu","24":"tag-latviesu-valoda","25":"tag-latviesuvaloda","26":"tag-latvija","27":"tag-lv","28":"tag-metodistu-baznica","29":"tag-news","30":"tag-popularakas-zinas","31":"tag-popularakaszinas","32":"tag-ticiba","33":"tag-top-stories","34":"tag-topstories","35":"tag-ziemassvetki","36":"tag-zinas","37":"tag-zinta-dzintara"},"share_on_mastodon":{"url":"https:\/\/pubeurope.com\/@lv\/115795864277953495","error":""},"_links":{"self":[{"href":"https:\/\/www.europesays.com\/lv\/wp-json\/wp\/v2\/posts\/87949","targetHints":{"allow":["GET"]}}],"collection":[{"href":"https:\/\/www.europesays.com\/lv\/wp-json\/wp\/v2\/posts"}],"about":[{"href":"https:\/\/www.europesays.com\/lv\/wp-json\/wp\/v2\/types\/post"}],"author":[{"embeddable":true,"href":"https:\/\/www.europesays.com\/lv\/wp-json\/wp\/v2\/users\/2"}],"replies":[{"embeddable":true,"href":"https:\/\/www.europesays.com\/lv\/wp-json\/wp\/v2\/comments?post=87949"}],"version-history":[{"count":0,"href":"https:\/\/www.europesays.com\/lv\/wp-json\/wp\/v2\/posts\/87949\/revisions"}],"wp:featuredmedia":[{"embeddable":true,"href":"https:\/\/www.europesays.com\/lv\/wp-json\/wp\/v2\/media\/87950"}],"wp:attachment":[{"href":"https:\/\/www.europesays.com\/lv\/wp-json\/wp\/v2\/media?parent=87949"}],"wp:term":[{"taxonomy":"category","embeddable":true,"href":"https:\/\/www.europesays.com\/lv\/wp-json\/wp\/v2\/categories?post=87949"},{"taxonomy":"post_tag","embeddable":true,"href":"https:\/\/www.europesays.com\/lv\/wp-json\/wp\/v2\/tags?post=87949"}],"curies":[{"name":"wp","href":"https:\/\/api.w.org\/{rel}","templated":true}]}}