{"id":87961,"date":"2025-12-28T07:01:13","date_gmt":"2025-12-28T07:01:13","guid":{"rendered":"https:\/\/www.europesays.com\/lv\/87961\/"},"modified":"2025-12-28T07:01:13","modified_gmt":"2025-12-28T07:01:13","slug":"saeimas-deputati-oktobri-kompensacijas-kopuma-sanemusi-25-275-eiro","status":"publish","type":"post","link":"https:\/\/www.europesays.com\/lv\/87961\/","title":{"rendered":"Saeimas deput\u0101ti oktobr\u012b kompens\u0101cij\u0101s kopum\u0101 sa\u0146\u0113mu\u0161i 25 275 eiro"},"content":{"rendered":"<p class=\"descr\">Saeimas deput\u0101ti oktobr\u012b kompens\u0101cij\u0101s kopum\u0101 sa\u0146\u0113mu\u0161i 25 274,78 eiro, un visvair\u0101k kompens\u0101ciju izmantoju\u0161i Valdis Maslovskis (ZZS), L\u012bga K\u013cavi\u0146a (ZZS) un Linda Matisone (ZZS), liecina publiski pieejam\u0101 inform\u0101cija.<\/p>\n<blockquote><p>Dz\u012bvok\u013cu \u012bres<a href=\"https:\/\/nra.lv\/birka\/deputatu-kompensacijas\/\" target=\"_blank\" rel=\"noopener nofollow\"> kompens\u0101cij\u0101m deput\u0101tiem<\/a> izmaks\u0101ti kopum\u0101 15 801,70 eiro, bet transporta izdevumiem &#8211; 9473,08 eiro.<\/p><\/blockquote>\n<p>Maslovskis kopum\u0101 kompens\u0101cij\u0101s oktobr\u012b sa\u0146\u0113mis 935,90 eiro, K\u013cavi\u0146a &#8211; 908,80 eiro, bet Matisone &#8211; 903,84 eiro. Ramona Petravi\u010da (LPV) kompens\u0101cij\u0101s sa\u0146\u0113musi 867,42 eiro, bet Ilze Indriksone (NA) &#8211; 778,31 eiro.<\/p>\n<p>Visliel\u0101k\u0101s \u012bres kompens\u0101cijas oktobr\u012b sa\u0146\u0113mis Saeimas deput\u0101ts Uldis Augulis (ZZS) &#8211; 900 eiro, L\u012bga Kozlovska (ZZS) &#8211; 800 eiro, k\u0101 ar\u012b L\u012bga K\u013cavi\u0146a (ZZS) &#8211; 780 eiro.<\/p>\n<p>Savuk\u0101rt liel\u0101k\u0101s transporta izdevumu kompens\u0101cijas oktobr\u012b izmaks\u0101tas deput\u0101tam Art\u016bram But\u0101nam (NA), kur\u0161 sa\u0146\u0113mis 748,39 eiro, Viesturam Zari\u0146am (JV) &#8211; 692,09 eiro, k\u0101 ar\u012b Ilzei Indriksonei (NA), kurai transporta izdevumu kompens\u0101cij\u0101 izmaks\u0101ti 442,61 eiro.<\/p>\n<p>Deput\u0101ti var sa\u0146emt vienotu telpu \u012bres un transporta izdevumu kompens\u0101ciju, tostarp par sabiedrisk\u0101 transporta izmanto\u0161anu. Kompens\u0101cijas &#8220;griestus&#8221; (maksim\u0101lo iesp\u0113jamo apm\u0113ru) nosaka, pamatojoties uz deput\u0101ta nor\u0101d\u012bto deklar\u0113to dz\u012bvesvietu, un Saeima kompens\u0113 tikai faktiskos izdevumus pie\u0161\u0137irt\u0101 kompens\u0101cijas limita jeb normas robe\u017e\u0101s. Ne visi deput\u0101ti izmanto iesp\u0113ju sa\u0146emt kompens\u0101cijas. Piem\u0113ram, august\u0101 no visiem 100 deput\u0101tiem 58 deput\u0101ti \u0161aj\u0101 m\u0113nes\u012b nav sa\u0146\u0113mu\u0161i nek\u0101das kompens\u0101cijas.<\/p>\n<p>Deput\u0101tu transporta un dz\u012bvojamo telpu \u012bres izdevumu kompens\u0101cijas pie\u013caujamie apm\u0113ri tiek r\u0113\u0137in\u0101ti, aizpag\u0101ju\u0161\u0101 gada vid\u0113j\u0101s darba samaksas apm\u0113ram piem\u0113rojot attiec\u012bgus koeficientus, kas noteikti likum\u0101 &#8211; Saeimas k\u0101rt\u012bbas rull\u012b.<\/p>\n<p>Parlament\u0101rie\u0161iem kompens\u0113 izdevumus, kas radu\u0161ies, realiz\u0113jot savas deput\u0101ta pilnvaras. Kompens\u0101ciju sist\u0113ma ir izveidota, lai Saeim\u0101 iev\u0113l\u0113to deput\u0101tu dz\u012bvesvieta neietekm\u0113tu vi\u0146u iesp\u0113jas veikt deput\u0101ta pien\u0101kumus. Piem\u0113ram, tie deput\u0101ti, kuri iev\u0113l\u0113ti no att\u0101l\u0101kiem novadiem, neb\u016btu nevienl\u012bdz\u012bg\u0101 situ\u0101cij\u0101, sal\u012bdzinot ar r\u012bdziniekiem.<\/p>\n<p>\t\t\t\t\t\tinfo<\/p>\n<p>Uzzini pirmais<br \/>kas interesants noticis Latvij\u0101 un pasaul\u0113,<br \/>pievienojoties mums <a href=\"https:\/\/t.me\/neatkariga\" rel=\"nofollow\">Telegram<\/a> vai <a href=\"https:\/\/whatsapp.com\/channel\/0029VaMLFUH5K3zLU5s4wm3y\" rel=\"nofollow noopener\" target=\"_blank\">Whatsapp<\/a> kan\u0101l\u0101<\/p>\n","protected":false},"excerpt":{"rendered":"Saeimas deput\u0101ti oktobr\u012b kompens\u0101cij\u0101s kopum\u0101 sa\u0146\u0113mu\u0161i 25 274,78 eiro, un visvair\u0101k kompens\u0101ciju izmantoju\u0161i Valdis Maslovskis (ZZS), L\u012bga K\u013cavi\u0146a&hellip;\n","protected":false},"author":2,"featured_media":87962,"comment_status":"","ping_status":"","sticky":false,"template":"","format":"standard","meta":{"footnotes":""},"categories":[12],"tags":[23,28,29,32,33,22,30,31,35,39,38,36,37,34,40,20,26,27,24,25,21],"class_list":{"0":"post-87961","1":"post","2":"type-post","3":"status-publish","4":"format-standard","5":"has-post-thumbnail","7":"category-latvija","8":"tag-aktualitates","9":"tag-breaking-news","10":"tag-breakingnews","11":"tag-featured-news","12":"tag-featurednews","13":"tag-headlines","14":"tag-latest-news","15":"tag-latestnews","16":"tag-latvia","17":"tag-latvian","18":"tag-latviesu","19":"tag-latviesu-valoda","20":"tag-latviesuvaloda","21":"tag-latvija","22":"tag-lv","23":"tag-news","24":"tag-popularakas-zinas","25":"tag-popularakaszinas","26":"tag-top-stories","27":"tag-topstories","28":"tag-zinas"},"share_on_mastodon":{"url":"https:\/\/pubeurope.com\/@lv\/115795911236969384","error":""},"_links":{"self":[{"href":"https:\/\/www.europesays.com\/lv\/wp-json\/wp\/v2\/posts\/87961","targetHints":{"allow":["GET"]}}],"collection":[{"href":"https:\/\/www.europesays.com\/lv\/wp-json\/wp\/v2\/posts"}],"about":[{"href":"https:\/\/www.europesays.com\/lv\/wp-json\/wp\/v2\/types\/post"}],"author":[{"embeddable":true,"href":"https:\/\/www.europesays.com\/lv\/wp-json\/wp\/v2\/users\/2"}],"replies":[{"embeddable":true,"href":"https:\/\/www.europesays.com\/lv\/wp-json\/wp\/v2\/comments?post=87961"}],"version-history":[{"count":0,"href":"https:\/\/www.europesays.com\/lv\/wp-json\/wp\/v2\/posts\/87961\/revisions"}],"wp:featuredmedia":[{"embeddable":true,"href":"https:\/\/www.europesays.com\/lv\/wp-json\/wp\/v2\/media\/87962"}],"wp:attachment":[{"href":"https:\/\/www.europesays.com\/lv\/wp-json\/wp\/v2\/media?parent=87961"}],"wp:term":[{"taxonomy":"category","embeddable":true,"href":"https:\/\/www.europesays.com\/lv\/wp-json\/wp\/v2\/categories?post=87961"},{"taxonomy":"post_tag","embeddable":true,"href":"https:\/\/www.europesays.com\/lv\/wp-json\/wp\/v2\/tags?post=87961"}],"curies":[{"name":"wp","href":"https:\/\/api.w.org\/{rel}","templated":true}]}}