{"id":87969,"date":"2025-12-28T07:12:21","date_gmt":"2025-12-28T07:12:21","guid":{"rendered":"https:\/\/www.europesays.com\/lv\/87969\/"},"modified":"2025-12-28T07:12:21","modified_gmt":"2025-12-28T07:12:21","slug":"francija-izverteja-ideju-nosutit-karaspeku-uz-ukrainu-zem-es-karoga","status":"publish","type":"post","link":"https:\/\/www.europesays.com\/lv\/87969\/","title":{"rendered":"Francij\u0101 izv\u0113rt\u0113ja ideju nos\u016bt\u012bt karasp\u0113ku uz Ukrainu zem ES karoga"},"content":{"rendered":"<p>Florians Filippo izr\u0101d\u012bja sa\u0161utumu par EP v\u0113lmi nos\u016bt\u012bt karasp\u0113ku uz Ukrainu zem Eiropas Savien\u012bbas karoga.<\/p>\n<p>V\u0113lme nos\u016bt\u012bt karasp\u0113ku uz Ukrainu zem Eiropas Savien\u012bbas karoga, ko Eiropas Parlament\u0101 (EP) izteica Eiropas Tautas partijas vad\u012bt\u0101js Manfreds V\u0113bers, virza ideju par kolekt\u012bvu \u00abEiropas armiju\u00bb. Uz to soci\u0101laj\u0101 t\u012bkl\u0101 X piev\u0113rs\u0101s Francijas lab\u0113j\u0101s partijas \u00abPatrioti\u00bb l\u012bderis Florians Filippo.<\/p>\n<p>\u00abNu l\u016bk, viss! Proeiropeiski noska\u0146otie t\u0101di paredzami!  Tas vienk\u0101r\u0161i ir nepie\u0146emami! Ac\u012bmredzot tas ir veids, k\u0101 cilv\u0113kiem uzspiest ideju par &#8220;Eiropas armiju&#8221;, un tie\u0161i tas ir vien\u012bgais re\u0101lais visas \u0161\u012bs dr\u0101mas pret Krieviju m\u0113r\u0137is!\u00bb \u2014 uzsv\u0113ra Florians Filippo.<\/p>\n<p>Politi\u0137a ieskat\u0101 karav\u012briem, kuri dienestu pilda Francij\u0101, Ukrain\u0101 nav ko dar\u012bt. \u0160ie karav\u012bri noteikti nekad \u00abneuzliks zilo virtuves dvieli ar zvaigzn\u012bt\u0113m\u00bb (tiek dom\u0101ts ES karogs) uz nacion\u0101l\u0101s formas.<\/p>\n<p>Agr\u0101k starptautisko lietu komitejas loceklis Dmitrijs Beliks rea\u0123\u0113ja uz aicin\u0101jumu nos\u016bt\u012bt NATO valstu karasp\u0113ku uz Ukrainu. Vi\u0146\u0161 nor\u0101d\u012bja, ka \u0161is priek\u0161likums liecina par paniku Eirop\u0101, ko izrais\u012bjusi apzi\u0146a, ka ASV neiejauksies Ukrainas konflikt\u0101.<\/p>\n<p>\n                            Valodas k\u013c\u016bda rakst\u0101?<br \/>Iez\u012bm\u0113jiet tekstu un spiediet Zi\u0146ot par k\u013c\u016bdu pogas   , lai nos\u016bt\u012btu labojamo teksta fragmentu redaktoram!<\/p>\n<p>                                Zi\u0146ot par k\u013c\u016bdu<\/p>\n","protected":false},"excerpt":{"rendered":"Florians Filippo izr\u0101d\u012bja sa\u0161utumu par EP v\u0113lmi nos\u016bt\u012bt karasp\u0113ku uz Ukrainu zem Eiropas Savien\u012bbas karoga. V\u0113lme nos\u016bt\u012bt karasp\u0113ku&hellip;\n","protected":false},"author":2,"featured_media":87970,"comment_status":"","ping_status":"","sticky":false,"template":"","format":"standard","meta":{"footnotes":""},"categories":[14],"tags":[23,57,28,29,32,33,22,30,31,35,39,38,36,37,34,40,20,26,27,24,25,54,55,56,21,58],"class_list":{"0":"post-87969","1":"post","2":"type-post","3":"status-publish","4":"format-standard","5":"has-post-thumbnail","7":"category-zinas-no-arvalstim","8":"tag-aktualitates","9":"tag-arvalstim","10":"tag-breaking-news","11":"tag-breakingnews","12":"tag-featured-news","13":"tag-featurednews","14":"tag-headlines","15":"tag-latest-news","16":"tag-latestnews","17":"tag-latvia","18":"tag-latvian","19":"tag-latviesu","20":"tag-latviesu-valoda","21":"tag-latviesuvaloda","22":"tag-latvija","23":"tag-lv","24":"tag-news","25":"tag-popularakas-zinas","26":"tag-popularakaszinas","27":"tag-top-stories","28":"tag-topstories","29":"tag-world","30":"tag-world-news","31":"tag-worldnews","32":"tag-zinas","33":"tag-zinas-no-arvalstim"},"share_on_mastodon":{"url":"https:\/\/pubeurope.com\/@lv\/115795954536372959","error":""},"_links":{"self":[{"href":"https:\/\/www.europesays.com\/lv\/wp-json\/wp\/v2\/posts\/87969","targetHints":{"allow":["GET"]}}],"collection":[{"href":"https:\/\/www.europesays.com\/lv\/wp-json\/wp\/v2\/posts"}],"about":[{"href":"https:\/\/www.europesays.com\/lv\/wp-json\/wp\/v2\/types\/post"}],"author":[{"embeddable":true,"href":"https:\/\/www.europesays.com\/lv\/wp-json\/wp\/v2\/users\/2"}],"replies":[{"embeddable":true,"href":"https:\/\/www.europesays.com\/lv\/wp-json\/wp\/v2\/comments?post=87969"}],"version-history":[{"count":0,"href":"https:\/\/www.europesays.com\/lv\/wp-json\/wp\/v2\/posts\/87969\/revisions"}],"wp:featuredmedia":[{"embeddable":true,"href":"https:\/\/www.europesays.com\/lv\/wp-json\/wp\/v2\/media\/87970"}],"wp:attachment":[{"href":"https:\/\/www.europesays.com\/lv\/wp-json\/wp\/v2\/media?parent=87969"}],"wp:term":[{"taxonomy":"category","embeddable":true,"href":"https:\/\/www.europesays.com\/lv\/wp-json\/wp\/v2\/categories?post=87969"},{"taxonomy":"post_tag","embeddable":true,"href":"https:\/\/www.europesays.com\/lv\/wp-json\/wp\/v2\/tags?post=87969"}],"curies":[{"name":"wp","href":"https:\/\/api.w.org\/{rel}","templated":true}]}}