{"id":87979,"date":"2025-12-28T07:19:09","date_gmt":"2025-12-28T07:19:09","guid":{"rendered":"https:\/\/www.europesays.com\/lv\/87979\/"},"modified":"2025-12-28T07:19:09","modified_gmt":"2025-12-28T07:19:09","slug":"svetdien-bus-gada-velakais-saullekts-cikos-leks-saule","status":"publish","type":"post","link":"https:\/\/www.europesays.com\/lv\/87979\/","title":{"rendered":"Sv\u0113tdien b\u016bs gada v\u0113l\u0101kais saull\u0113kts. Cikos leks saule?"},"content":{"rendered":"<p>Lai gan gada \u012bs\u0101k\u0101 diena bija 21. decembris, dienas garums l\u012bdz \u0161im pieaudzis v\u0113l\u0101ka saulrieta d\u0113\u013c. Kop\u0161 ziemas saulgrie\u017eiem <a href=\"https:\/\/www.apollo.lv\/term\/613603\/saullekts\" class=\"topicLink\" target=\"_blank\" rel=\"nofollow noopener\">saull\u0113kts<\/a> k\u013cuvis par aptuveni min\u016bti v\u0113l\u0101ks, bet saulriets ir aptuveni piecas min\u016btes v\u0113l\u0101ks nek\u0101 decembra vid\u016b.<\/p>\n<p>Sv\u0113tdien R\u012bg\u0101 saule lec plkst. 9.01 un riet plkst. 15.48, Daugavpil\u012b saule lec plkst. 8.44 un riet plkst. 15.46, savuk\u0101rt Ventspil\u012b saule lec plkst. 9.15 un riet plkst. 15.55.<\/p>\n<p>Janv\u0101r\u012b dienas garums galvaspils\u0113t\u0101 pieaugs no se\u0161\u0101m stund\u0101m un 52 min\u016bt\u0113m gada pirmaj\u0101 dien\u0101 l\u012bdz asto\u0146\u0101m stund\u0101m un 25 min\u016bt\u0113m m\u0113ne\u0161a p\u0113d\u0113j\u0101 dien\u0101. Saules sp\u012bd\u0113\u0161anas ilgums visstrauj\u0101k pieaugs mart\u0101 &#8211; katra diena b\u016bs nepilnas piecas min\u016btes gar\u0101ka par iepriek\u0161\u0113jo.<\/p>\n<p>Jau zi\u0146ots, ka 21. decembr\u012b bija saulgrie\u017ei un Zemes zieme\u013cu puslod\u0113 s\u0101k\u0101s astronomisk\u0101 ziema. Astronomiskais pavasaris s\u0101ksies 20. mart\u0101.<\/p>\n<p>Sol\u0101r\u0101 ziema jeb gada ceturksnis, kur\u0101 Zemes zieme\u013cu puslode sa\u0146em vismaz\u0101ko Saules gaismas daudzumu, s\u0101k\u0101s 6. novembr\u012b un nosl\u0113gsies 4. febru\u0101r\u012b. Ziemassv\u0113tki ir sol\u0101r\u0101s ziemas vidus.<\/p>\n<p>Savuk\u0101rt meteorolo\u0123isk\u0101 ziema \u0161ogad Latvij\u0101 s\u0101k\u0101s 23. novembr\u012b, diennakts vid\u0113jai gaisa temperat\u016brai nosl\u012bdot zem nulles. T\u0101 beigsies, kad diennakts vid\u0113j\u0101 gaisa <a href=\"https:\/\/www.apollo.lv\/term\/631647\/temperatura\" class=\"topicLink\" target=\"_blank\" rel=\"nofollow noopener\">temperat\u016bra<\/a> stabili paaugstin\u0101sies virs nulles atz\u012bmes, bet ne agr\u0101k k\u0101 6. febru\u0101r\u012b. \u0160is datums statistiski ir gada aukst\u0101k\u0101 diena Latvij\u0101, un meteorolo\u0123isk\u0101 pavasara iest\u0101\u0161an\u0101s iesp\u0113jama tikai p\u0113c \u0161\u012b datuma.<\/p>\n","protected":false},"excerpt":{"rendered":"Lai gan gada \u012bs\u0101k\u0101 diena bija 21. decembris, dienas garums l\u012bdz \u0161im pieaudzis v\u0113l\u0101ka saulrieta d\u0113\u013c. Kop\u0161 ziemas&hellip;\n","protected":false},"author":2,"featured_media":87980,"comment_status":"","ping_status":"","sticky":false,"template":"","format":"standard","meta":{"footnotes":""},"categories":[12],"tags":[23,28,29,32,33,22,396,30,31,35,39,38,36,37,34,40,20,26,27,22404,154,24,25,21],"class_list":{"0":"post-87979","1":"post","2":"type-post","3":"status-publish","4":"format-standard","5":"has-post-thumbnail","7":"category-latvija","8":"tag-aktualitates","9":"tag-breaking-news","10":"tag-breakingnews","11":"tag-featured-news","12":"tag-featurednews","13":"tag-headlines","14":"tag-laika-zinas","15":"tag-latest-news","16":"tag-latestnews","17":"tag-latvia","18":"tag-latvian","19":"tag-latviesu","20":"tag-latviesu-valoda","21":"tag-latviesuvaloda","22":"tag-latvija","23":"tag-lv","24":"tag-news","25":"tag-popularakas-zinas","26":"tag-popularakaszinas","27":"tag-saullekts","28":"tag-temperatura","29":"tag-top-stories","30":"tag-topstories","31":"tag-zinas"},"share_on_mastodon":{"url":"https:\/\/pubeurope.com\/@lv\/115795981944165456","error":""},"_links":{"self":[{"href":"https:\/\/www.europesays.com\/lv\/wp-json\/wp\/v2\/posts\/87979","targetHints":{"allow":["GET"]}}],"collection":[{"href":"https:\/\/www.europesays.com\/lv\/wp-json\/wp\/v2\/posts"}],"about":[{"href":"https:\/\/www.europesays.com\/lv\/wp-json\/wp\/v2\/types\/post"}],"author":[{"embeddable":true,"href":"https:\/\/www.europesays.com\/lv\/wp-json\/wp\/v2\/users\/2"}],"replies":[{"embeddable":true,"href":"https:\/\/www.europesays.com\/lv\/wp-json\/wp\/v2\/comments?post=87979"}],"version-history":[{"count":0,"href":"https:\/\/www.europesays.com\/lv\/wp-json\/wp\/v2\/posts\/87979\/revisions"}],"wp:featuredmedia":[{"embeddable":true,"href":"https:\/\/www.europesays.com\/lv\/wp-json\/wp\/v2\/media\/87980"}],"wp:attachment":[{"href":"https:\/\/www.europesays.com\/lv\/wp-json\/wp\/v2\/media?parent=87979"}],"wp:term":[{"taxonomy":"category","embeddable":true,"href":"https:\/\/www.europesays.com\/lv\/wp-json\/wp\/v2\/categories?post=87979"},{"taxonomy":"post_tag","embeddable":true,"href":"https:\/\/www.europesays.com\/lv\/wp-json\/wp\/v2\/tags?post=87979"}],"curies":[{"name":"wp","href":"https:\/\/api.w.org\/{rel}","templated":true}]}}