{"id":88030,"date":"2025-12-28T08:09:07","date_gmt":"2025-12-28T08:09:07","guid":{"rendered":"https:\/\/www.europesays.com\/lv\/88030\/"},"modified":"2025-12-28T08:09:07","modified_gmt":"2025-12-28T08:09:07","slug":"krievija-pirms-jauna-gada-pieaug-protestu-noskanojums-iedzivotaji-izsmej-valdibu-lente-lv","status":"publish","type":"post","link":"https:\/\/www.europesays.com\/lv\/88030\/","title":{"rendered":"Krievij\u0101 pirms Jaun\u0101 gada pieaug protestu noska\u0146ojums, iedz\u012bvot\u0101ji izsmej vald\u012bbu\u00a0\u2014\u00a0Lente.lv"},"content":{"rendered":"<p>Pieaugo\u0161a neapmierin\u0101t\u012bba pret vald\u012bbas politiku<\/p>\n<p>Krievij\u0101, tuvojoties Jaunajam gadam, v\u0113rojams pieaugo\u0161s neapmierin\u0101t\u012bbas noska\u0146ojums, kas v\u0113rsts pret vald\u012bbas politiku. K\u0101 inform\u0113 port\u0101ls NRA, iedz\u012bvot\u0101ji pau\u017e kritiku par gan \u0101rpolitikas, gan iek\u0161politikas neveiksm\u0113m, kas atst\u0101j sekas uz ikdienu.<\/p>\n<p>Neskatoties uz ofici\u0101lo statistiku, kas liecina par ekonomikas izaugsmi, Krievijas tautsaimniec\u012bba saskaras ar nopietn\u0101m probl\u0113m\u0101m. Kara vajadz\u012bb\u0101m novirz\u012bt\u0101 ekonomika rada spiedienu uz tautsaimniec\u012bbas ilgtsp\u0113ju, un eksperti prognoz\u0113, ka ilgtermi\u0146\u0101 tas noved\u012bs pie nopietn\u0101m sek\u0101m.<\/p>\n<p>Individu\u0101li protesti un cenu k\u0101pums<\/p>\n<p>Gaidot Jauno gadu, Krievijas da\u017e\u0101dos re\u0123ionos, tostarp okup\u0113taj\u0101s Ukrainas teritorij\u0101s, s\u0101k\u0101s individu\u0101li protesti pret strauju p\u0101rtikas cenu pieaugumu. \u0160\u012b tendence nor\u0101da uz iedz\u012bvot\u0101ju tie\u0161o neapmierin\u0101t\u012bbu ar ekonomisko situ\u0101ciju un infl\u0101ciju, kas ietekm\u0113 vi\u0146u ikdienas dz\u012bvi.<\/p>\n<p>\u0100rpolitikas neveiksmes un to sekas<\/p>\n<p>Krievijas \u0101rpolitikas kursam tiek p\u0101rmesta klaja neveiksm\u012bgums, \u012bpa\u0161i attiec\u012bb\u0101 uz notikumiem Ukrain\u0101 un attiec\u012bb\u0101m ar Rietumvalst\u012bm. Krievijas prezidents Vladimirs Putins sav\u0101s run\u0101s turpina uzsv\u0113rt Rietumu atbild\u012bbu par konfliktu eskal\u0101ciju, kritiz\u0113jot NATO papla\u0161in\u0101\u0161anos k\u0101 galveno milit\u0101r\u0101s oper\u0101cijas s\u0101k\u0161anas iemeslu. Tom\u0113r \u0161\u012b retorika nesp\u0113j mazin\u0101t pieaugo\u0161o spriedzi un neuztic\u012bbu gan starp valst\u012bm, gan Krievijas iek\u0161ien\u0113.<\/p>\n<p>Izaicin\u0101jumi un n\u0101kotnes prognozes<\/p>\n<p>Eksperti prognoz\u0113, ka 2025. gad\u0101 Krieviju gaida pieaugo\u0161as iek\u0161politisk\u0101s probl\u0113mas un arvien liel\u0101ks spiediens. Tiek prognoz\u0113ts, ka Krievijas ekonomika, kas tiek p\u0101rkars\u0113ta kara vajadz\u012bb\u0101m, saskarsies ar nopietn\u0101m probl\u0113m\u0101m ilgtermi\u0146\u0101. Ar\u012b dro\u0161\u012bbas politikas anal\u012bti\u0137i br\u012bdina par Krievijas k\u0101 ilgtermi\u0146a draudu un nepiecie\u0161am\u012bbu b\u016bt gataviem slikt\u0101kajam scen\u0101rijam.<\/p>\n","protected":false},"excerpt":{"rendered":"Pieaugo\u0161a neapmierin\u0101t\u012bba pret vald\u012bbas politiku Krievij\u0101, tuvojoties Jaunajam gadam, v\u0113rojams pieaugo\u0161s neapmierin\u0101t\u012bbas noska\u0146ojums, kas v\u0113rsts pret vald\u012bbas politiku.&hellip;\n","protected":false},"author":2,"featured_media":88031,"comment_status":"","ping_status":"","sticky":false,"template":"","format":"standard","meta":{"footnotes":""},"categories":[5],"tags":[23,5156,28,29,32,33,22,22423,18259,22421,22422,30,31,35,39,38,36,37,34,40,20,26,27,24,25,21],"class_list":{"0":"post-88030","1":"post","2":"type-post","3":"status-publish","4":"format-standard","5":"has-post-thumbnail","7":"category-aktualitates","8":"tag-aktualitates","9":"tag-arpolitika","10":"tag-breaking-news","11":"tag-breakingnews","12":"tag-featured-news","13":"tag-featurednews","14":"tag-headlines","15":"tag-iekspolitika","16":"tag-jaunais-gads","17":"tag-krievijas-protesti","18":"tag-krievijas-valdiba","19":"tag-latest-news","20":"tag-latestnews","21":"tag-latvia","22":"tag-latvian","23":"tag-latviesu","24":"tag-latviesu-valoda","25":"tag-latviesuvaloda","26":"tag-latvija","27":"tag-lv","28":"tag-news","29":"tag-popularakas-zinas","30":"tag-popularakaszinas","31":"tag-top-stories","32":"tag-topstories","33":"tag-zinas"},"share_on_mastodon":{"url":"https:\/\/pubeurope.com\/@lv\/115796178616214754","error":""},"_links":{"self":[{"href":"https:\/\/www.europesays.com\/lv\/wp-json\/wp\/v2\/posts\/88030","targetHints":{"allow":["GET"]}}],"collection":[{"href":"https:\/\/www.europesays.com\/lv\/wp-json\/wp\/v2\/posts"}],"about":[{"href":"https:\/\/www.europesays.com\/lv\/wp-json\/wp\/v2\/types\/post"}],"author":[{"embeddable":true,"href":"https:\/\/www.europesays.com\/lv\/wp-json\/wp\/v2\/users\/2"}],"replies":[{"embeddable":true,"href":"https:\/\/www.europesays.com\/lv\/wp-json\/wp\/v2\/comments?post=88030"}],"version-history":[{"count":0,"href":"https:\/\/www.europesays.com\/lv\/wp-json\/wp\/v2\/posts\/88030\/revisions"}],"wp:featuredmedia":[{"embeddable":true,"href":"https:\/\/www.europesays.com\/lv\/wp-json\/wp\/v2\/media\/88031"}],"wp:attachment":[{"href":"https:\/\/www.europesays.com\/lv\/wp-json\/wp\/v2\/media?parent=88030"}],"wp:term":[{"taxonomy":"category","embeddable":true,"href":"https:\/\/www.europesays.com\/lv\/wp-json\/wp\/v2\/categories?post=88030"},{"taxonomy":"post_tag","embeddable":true,"href":"https:\/\/www.europesays.com\/lv\/wp-json\/wp\/v2\/tags?post=88030"}],"curies":[{"name":"wp","href":"https:\/\/api.w.org\/{rel}","templated":true}]}}