{"id":88054,"date":"2025-12-28T08:31:08","date_gmt":"2025-12-28T08:31:08","guid":{"rendered":"https:\/\/www.europesays.com\/lv\/88054\/"},"modified":"2025-12-28T08:31:08","modified_gmt":"2025-12-28T08:31:08","slug":"ukrainas-prezidents-pirms-tiksanas-ar-trampu-apspriedies-ar-sabiedrotajiem","status":"publish","type":"post","link":"https:\/\/www.europesays.com\/lv\/88054\/","title":{"rendered":"Ukrainas prezidents pirms tik\u0161an\u0101s ar Trampu apspriedies ar sabiedrotajiem"},"content":{"rendered":"<p>Zelenskis sac\u012bja, ka uz galvaspils\u0113tu un t\u0101s apk\u0101rt\u0113jo re\u0123ionu raid\u012bti aptuveni 500 dronu un 40 ra\u0137etes.<\/p>\n<p>&#8220;Krievijas p\u0101rst\u0101vji iesaist\u0101s gar\u0101s sarun\u0101s, bet paties\u012bb\u0101 vi\u0146u viet\u0101 run\u0101 &#8220;Kin\u017eal&#8221; un &#8220;Shahed&#8221;,&#8221; vi\u0146\u0161 teica.<\/p>\n<p>&#8220;Vi\u0146i nev\u0113las izbeigt karu un cen\u0161as izmantot katru iesp\u0113ju, lai Ukrainai sag\u0101d\u0101tu v\u0113l liel\u0101kas cie\u0161anas,&#8221; vi\u0146\u0161 piebilda.<\/p>\n<p>Baltais nams pav\u0113st\u012bja, ka Trampa un Zelenska tik\u0161an\u0101s paredz\u0113ta plkst. 13 (plkst. 20 p\u0113c Latvijas laika), un t\u0101s m\u0113r\u0137is ir turpin\u0101t diskusijas par centieniem izbeigt Krievijas karu pret Ukrainu.<\/p>\n<p>Par to, ka ned\u0113\u013cas nogal\u0113 gaid\u0101ma tik\u0161an\u0101s ar Trampu, Zelenskis izteic\u0101s jau piektdien.<\/p>\n<p>Jaun\u0101kaj\u0101 ASV un Ukrainas sarunu k\u0101rt\u0101 tika izstr\u0101d\u0101ts 20 punktu pl\u0101ns Krievijas agresijas kara izbeig\u0161anai, kas ir nos\u016bt\u012bts Maskavai.<\/p>\n<p>&#8220;M\u0113s apspried\u012bsim \u0161os dokumentus, dro\u0161\u012bbas garantijas,&#8221; par ASV Floridas \u0161tat\u0101, kur atrodas Trampa rezidence &#8220;Mar-a-Lago&#8221;, gaid\u0101maj\u0101m sarun\u0101m \u017eurn\u0101listiem piektdien sac\u012bja Ukrainas prezidents.<\/p>\n<p>&#8220;Run\u0101jot par jut\u012bgiem jaut\u0101jumiem, m\u0113s apspried\u012bsim Donbasu un Zapori\u017ejas atomelektrostaciju, un m\u0113s noteikti apspried\u012bsim ar\u012b citus jaut\u0101jumus,&#8221; vi\u0146\u0161 piebilda.<\/p>\n<p>Zelenskis \u0161oned\u0113\u013c sac\u012bja, ka starp Kijivu un Va\u0161ingtonu joproj\u0101m past\u0101v domstarp\u012bbas par \u0161iem diviem jaut\u0101jumiem.<\/p>\n<p>Neraugoties uz to, Ukraina jaun\u0101kaj\u0101 pl\u0101n\u0101 pan\u0101ca zin\u0101mas piek\u0101p\u0161an\u0101s, kas paredz iesald\u0113t frontes l\u012bniju un atcelt pras\u012bbu, ka Kijivai juridiski j\u0101atsak\u0101s no sava pieteikuma pievienoties NATO, sac\u012bja Zelenskis.<\/p>\n<p>Ukrainas prezidents ar\u012b nor\u0101d\u012bja, ka \u0161is pl\u0101ns paver ce\u013cu galu gal\u0101 atvilkt savu karasp\u0113ku no Doneckas apgabala valsts austrumos un izveidot demilitariz\u0113tu zonu, lai gan iepriek\u0161 Kijiva nav v\u0113l\u0113jusies t\u0101du ierosin\u0101jumu pie\u0146emt.<\/p>\n","protected":false},"excerpt":{"rendered":"Zelenskis sac\u012bja, ka uz galvaspils\u0113tu un t\u0101s apk\u0101rt\u0113jo re\u0123ionu raid\u012bti aptuveni 500 dronu un 40 ra\u0137etes. &#8220;Krievijas p\u0101rst\u0101vji&hellip;\n","protected":false},"author":2,"featured_media":88055,"comment_status":"","ping_status":"","sticky":false,"template":"","format":"standard","meta":{"footnotes":""},"categories":[14],"tags":[23,57,28,29,32,33,22,74,30,31,35,39,38,36,37,34,40,20,26,27,24,25,54,55,56,21,58],"class_list":{"0":"post-88054","1":"post","2":"type-post","3":"status-publish","4":"format-standard","5":"has-post-thumbnail","7":"category-zinas-no-arvalstim","8":"tag-aktualitates","9":"tag-arvalstim","10":"tag-breaking-news","11":"tag-breakingnews","12":"tag-featured-news","13":"tag-featurednews","14":"tag-headlines","15":"tag-krievijas-iebrukums-ukraina","16":"tag-latest-news","17":"tag-latestnews","18":"tag-latvia","19":"tag-latvian","20":"tag-latviesu","21":"tag-latviesu-valoda","22":"tag-latviesuvaloda","23":"tag-latvija","24":"tag-lv","25":"tag-news","26":"tag-popularakas-zinas","27":"tag-popularakaszinas","28":"tag-top-stories","29":"tag-topstories","30":"tag-world","31":"tag-world-news","32":"tag-worldnews","33":"tag-zinas","34":"tag-zinas-no-arvalstim"},"share_on_mastodon":{"url":"https:\/\/pubeurope.com\/@lv\/115796265091997909","error":""},"_links":{"self":[{"href":"https:\/\/www.europesays.com\/lv\/wp-json\/wp\/v2\/posts\/88054","targetHints":{"allow":["GET"]}}],"collection":[{"href":"https:\/\/www.europesays.com\/lv\/wp-json\/wp\/v2\/posts"}],"about":[{"href":"https:\/\/www.europesays.com\/lv\/wp-json\/wp\/v2\/types\/post"}],"author":[{"embeddable":true,"href":"https:\/\/www.europesays.com\/lv\/wp-json\/wp\/v2\/users\/2"}],"replies":[{"embeddable":true,"href":"https:\/\/www.europesays.com\/lv\/wp-json\/wp\/v2\/comments?post=88054"}],"version-history":[{"count":0,"href":"https:\/\/www.europesays.com\/lv\/wp-json\/wp\/v2\/posts\/88054\/revisions"}],"wp:featuredmedia":[{"embeddable":true,"href":"https:\/\/www.europesays.com\/lv\/wp-json\/wp\/v2\/media\/88055"}],"wp:attachment":[{"href":"https:\/\/www.europesays.com\/lv\/wp-json\/wp\/v2\/media?parent=88054"}],"wp:term":[{"taxonomy":"category","embeddable":true,"href":"https:\/\/www.europesays.com\/lv\/wp-json\/wp\/v2\/categories?post=88054"},{"taxonomy":"post_tag","embeddable":true,"href":"https:\/\/www.europesays.com\/lv\/wp-json\/wp\/v2\/tags?post=88054"}],"curies":[{"name":"wp","href":"https:\/\/api.w.org\/{rel}","templated":true}]}}