{"id":88057,"date":"2025-12-28T08:43:10","date_gmt":"2025-12-28T08:43:10","guid":{"rendered":"https:\/\/www.europesays.com\/lv\/88057\/"},"modified":"2025-12-28T08:43:10","modified_gmt":"2025-12-28T08:43:10","slug":"domnica-aicina-latvija-atteikties-no-dubultas-samaksas-par-darbu-svetkos","status":"publish","type":"post","link":"https:\/\/www.europesays.com\/lv\/88057\/","title":{"rendered":"Domn\u012bca aicina Latvij\u0101 atteikties no dubultas samaksas par darbu sv\u0113tkos"},"content":{"rendered":"<p>Apine nor\u0101da, ka sv\u0113tku dienu pienesums Latvijas ekonomikai ir v\u0113rt\u0113jams relat\u012bvi, jo Latvija patlaban ierindojas starp ES valst\u012bm ar zemu darba produktivit\u0101ti.<\/p>\n<p>Domn\u012bcas &#8220;LaSER&#8221; vajadz\u012bb\u0101m veiktaj\u0101 Latvijas iedz\u012bvot\u0101ju reprezentat\u012bvaj\u0101 aptauj\u0101 61% respondentu nor\u0101d\u012bju\u0161i, ka ir apmierin\u0101ti ar eso\u0161o sv\u0113tku dienu skaitu, savuk\u0101rt p\u0101r\u0113jo viedok\u013ci dal\u0101s.<\/p>\n<p>Aptaujas dati liecina, ka ned\u0113\u013c\u0101 ap t\u0101 d\u0113v\u0113taj\u0101m garaj\u0101m br\u012bvdien\u0101m &#8211; laik\u0101, kad sv\u0113tku dienas ir pirms vai seko ned\u0113\u013cas nogal\u0113m -, 58% respondentu str\u0101d\u0101tu tikpat, cik parasti. Vienlaikus 26% atzina, ka \u0161aj\u0101 laik\u0101 str\u0101d\u0101 vair\u0101k, lai paveiktu br\u012bvdien\u0101s iekav\u0113tos darbus, bet 14% saskata savas produktivit\u0101tes kritumu.<\/p>\n<p>Domn\u012bc\u0101 &#8220;LaSER&#8221; pamat\u0101 apvienoju\u0161ies Latvij\u0101 zin\u0101mi uz\u0146\u0113m\u0113jdarb\u012bbas p\u0101rst\u0101vji. Saska\u0146\u0101 ar &#8220;Firmas.lv&#8221; pieejamo inform\u0101ciju, SIA &#8220;Domn\u012bca Laser&#8221; re\u0123istr\u0113ta pag\u0101ju\u0161\u0101 gada 30. janv\u0101r\u012b, un t\u0101s pamatkapit\u0101ls ir 2800 eiro. Komp\u0101nijas \u012bpa\u0161nieki ir SIA &#8220;DMT Pluss&#8221; liel\u0101kais \u012bpa\u0161nieks Andris Kozlovskis, zivju p\u0101rstr\u0101des uz\u0146\u0113muma SIA &#8220;Karavela&#8221; l\u012bdz\u012bpa\u0161nieks un valdes loceklis Andris Bite, Latvijas Tirdzniec\u012bbas un r\u016bpniec\u012bbas kameras (LTRK) prezidents Aigars Rostovskis, Virkas mui\u017eas \u012bpa\u0161nieks un att\u012bst\u012bt\u0101js Kaspars Bergmanis, bijus\u012b &#8220;Baltijas datoru akad\u0113mijas&#8221; valdes locekle Agnese Paegle, SIA &#8220;MRS grupa&#8221; l\u012bdz\u012bpa\u0161nieks M\u0101ris Mednis, Latvijas invest\u012bciju bankas &#8220;Prudentia&#8221; dibin\u0101t\u0101js \u0122irts Rungainis, LTRK valdes priek\u0161s\u0113d\u0113t\u0101js J\u0101nis End\u017ei\u0146\u0161 un profesors Daunis Auers, kur\u0161 savulaik jau vad\u012bjis l\u012bdz\u012bgu domn\u012bcu &#8220;Certus&#8221;, p\u0101r\u0146emot t\u0101s vad\u012bbu no biju\u0161\u0101 politi\u0137a Vja\u010deslava Dombrovska. Nodibin\u0101jums &#8220;Latvijas strat\u0113\u0123ijas un ekonomikas risin\u0101jumu instit\u016bts LASER&#8221; re\u0123istr\u0113ts 2024. gada 5. mart\u0101. Taj\u0101 k\u0101 amatpersonas nor\u0101d\u012btas Auers, Paegle un Uldis Spuri\u0146\u0161.<\/p>\n","protected":false},"excerpt":{"rendered":"Apine nor\u0101da, ka sv\u0113tku dienu pienesums Latvijas ekonomikai ir v\u0113rt\u0113jams relat\u012bvi, jo Latvija patlaban ierindojas starp ES valst\u012bm&hellip;\n","protected":false},"author":2,"featured_media":88058,"comment_status":"","ping_status":"","sticky":false,"template":"","format":"standard","meta":{"footnotes":""},"categories":[14],"tags":[22430,23,22429,57,28,29,32,33,22,30,31,35,39,38,36,37,34,40,22431,20,26,27,24,25,54,55,56,21,58],"class_list":{"0":"post-88057","1":"post","2":"type-post","3":"status-publish","4":"format-standard","5":"has-post-thumbnail","7":"category-zinas-no-arvalstim","8":"tag-4-maijs","9":"tag-aktualitates","10":"tag-annemarija-apine","11":"tag-arvalstim","12":"tag-breaking-news","13":"tag-breakingnews","14":"tag-featured-news","15":"tag-featurednews","16":"tag-headlines","17":"tag-latest-news","18":"tag-latestnews","19":"tag-latvia","20":"tag-latvian","21":"tag-latviesu","22":"tag-latviesu-valoda","23":"tag-latviesuvaloda","24":"tag-latvija","25":"tag-lv","26":"tag-mates-diena","27":"tag-news","28":"tag-popularakas-zinas","29":"tag-popularakaszinas","30":"tag-top-stories","31":"tag-topstories","32":"tag-world","33":"tag-world-news","34":"tag-worldnews","35":"tag-zinas","36":"tag-zinas-no-arvalstim"},"share_on_mastodon":{"url":"https:\/\/pubeurope.com\/@lv\/115796312358711967","error":""},"_links":{"self":[{"href":"https:\/\/www.europesays.com\/lv\/wp-json\/wp\/v2\/posts\/88057","targetHints":{"allow":["GET"]}}],"collection":[{"href":"https:\/\/www.europesays.com\/lv\/wp-json\/wp\/v2\/posts"}],"about":[{"href":"https:\/\/www.europesays.com\/lv\/wp-json\/wp\/v2\/types\/post"}],"author":[{"embeddable":true,"href":"https:\/\/www.europesays.com\/lv\/wp-json\/wp\/v2\/users\/2"}],"replies":[{"embeddable":true,"href":"https:\/\/www.europesays.com\/lv\/wp-json\/wp\/v2\/comments?post=88057"}],"version-history":[{"count":0,"href":"https:\/\/www.europesays.com\/lv\/wp-json\/wp\/v2\/posts\/88057\/revisions"}],"wp:featuredmedia":[{"embeddable":true,"href":"https:\/\/www.europesays.com\/lv\/wp-json\/wp\/v2\/media\/88058"}],"wp:attachment":[{"href":"https:\/\/www.europesays.com\/lv\/wp-json\/wp\/v2\/media?parent=88057"}],"wp:term":[{"taxonomy":"category","embeddable":true,"href":"https:\/\/www.europesays.com\/lv\/wp-json\/wp\/v2\/categories?post=88057"},{"taxonomy":"post_tag","embeddable":true,"href":"https:\/\/www.europesays.com\/lv\/wp-json\/wp\/v2\/tags?post=88057"}],"curies":[{"name":"wp","href":"https:\/\/api.w.org\/{rel}","templated":true}]}}