{"id":88061,"date":"2025-12-28T08:49:29","date_gmt":"2025-12-28T08:49:29","guid":{"rendered":"https:\/\/www.europesays.com\/lv\/88061\/"},"modified":"2025-12-28T08:49:29","modified_gmt":"2025-12-28T08:49:29","slug":"zurnalistam-romanam-aninam-atnemta-krievijas-pilsoniba-par-viltus-zinam-par-armiju-lente-lv","status":"publish","type":"post","link":"https:\/\/www.europesays.com\/lv\/88061\/","title":{"rendered":"\u017durn\u0101listam Rom\u0101nam A\u0146inam at\u0146emta Krievijas pilson\u012bba par &#8220;viltus zi\u0146\u0101m&#8221; par armiju\u00a0\u2014\u00a0Lente.lv"},"content":{"rendered":"<p>\u017durn\u0101listam A\u0146inam at\u0146emta Krievijas pilson\u012bba<\/p>\n<p>\u017durn\u0101listam un neatkar\u012bg\u0101 interneta izdevuma &#8220;Va\u017enije istoriji&#8221; (\u0412\u0430\u0436\u043d\u044b\u0435 \u0438\u0441\u0442\u043e\u0440\u0438\u0438) izdev\u0113jam Rom\u0101nam A\u0146inam ofici\u0101li at\u0146emta Krievijas pilson\u012bba. K\u0101 inform\u0113 port\u0101ls jauns.lv, l\u0113mums pie\u0146emts saist\u012bb\u0101 ar krimin\u0101llietu, kas ierosin\u0101ta par t\u0101 d\u0113v\u0113to &#8220;viltus zi\u0146u&#8221; izplat\u012b\u0161anu par Krievijas armiju. Zi\u0146as par pilson\u012bbas at\u0146em\u0161anu izplat\u012bjis Krem\u013ca propagandas medijs TASS, atsaucoties uz Krievijas Iek\u0161lietu ministriju.<\/p>\n<p>Krievijas Iek\u0161lietu ministrija pamatojusi \u0161\u0101du l\u0113mumu ar Feder\u0101l\u0101 likuma &#8220;Par Krievijas pilson\u012bbu&#8221; 22. pantu, kas dod ties\u012bbas valsts pilson\u012bbu at\u0146emt, ja persona pastr\u0101d\u0101jusi k\u0101du noziegumu.<\/p>\n<p>Aizmugurisks cietumsods un izmekl\u0113\u0161anas saturs<\/p>\n<p>Rom\u0101ns A\u0146ins jau agr\u0101k sask\u0101ries ar Krievijas varasiest\u0101\u017eu sankcij\u0101m. 2025. gada mart\u0101 Maskavas tiesa vi\u0146am aizmuguriski piesprieda asto\u0146u gadu un se\u0161u m\u0113ne\u0161u cietumsodu liet\u0101 par &#8220;viltus zi\u0146u&#8221; izplat\u012b\u0161anu par Krievijas armiju.<\/p>\n<p>Izmekl\u0113\u0161ana koncentr\u0113j\u0101s uz vair\u0101ku &#8220;Va\u017enije istoriji&#8221; video materi\u0101lu public\u0113\u0161anu 2022. gad\u0101, kas notika neilgi p\u0113c Krievijas pilna m\u0113roga iebrukuma Ukrain\u0101 s\u0101kuma. \u0160ajos materi\u0101los, k\u0101 apgalvo Krievijas re\u017e\u012bms, tika izplat\u012bta nepatiesa inform\u0101cija par Krievijas bru\u0146otajiem sp\u0113kiem.<\/p>\n<p>Konkr\u0113ti, A\u0146ina krimin\u0101lvaj\u0101\u0161ana ir saist\u012bta ar vi\u0146a zi\u0146u apskatiem un biju\u0161\u0101s kol\u0113\u0123es Jekaterinas Fominas veidotu izmekl\u0113\u0161anu par civiliedz\u012bvot\u0101ju slepkav\u012bb\u0101m Bu\u010d\u0101. Fomina, kura patlaban sadarbojas ar telev\u012bzijas kan\u0101lu &#8220;Do\u017edj&#8221;, sa\u0146\u0113ma identisku asto\u0146u gadu un se\u0161u m\u0113ne\u0161u cietumsodu.<\/p>\n<p>Abu \u017eurn\u0101listu atra\u0161an\u0101s \u0101rpus Krievijas teritorijas noveda pie vi\u0146u izsludin\u0101\u0161anas mekl\u0113\u0161an\u0101 un aizmuguriskas apcietin\u0101\u0161anas jau 2024. gada vasar\u0101.<\/p>\n<p>Krem\u013ca cenz\u016bras likumu sekas<\/p>\n<p>\u0160is gad\u012bjums ir tie\u0161s atspogu\u013cojums cenz\u016bras meh\u0101nisma, kas tika pastiprin\u0101ts Krievij\u0101 p\u0113c 2022. gada febru\u0101ra. Taj\u0101 laik\u0101 tika ieviesti Krimin\u0101lkodeksa groz\u012bjumi, kas paredz sodu l\u012bdz pat 15 gadiem ieslodz\u012bjum\u0101 par &#8220;viltus zi\u0146u&#8221; izplat\u012b\u0161anu un Krievijas armijas &#8220;diskredit\u0101ciju&#8221;.<\/p>\n<p>Krievijas varasiest\u0101des par viltus zi\u0146\u0101m pasludin\u0101ju\u0161as jebkuru inform\u0101ciju, kas atkl\u0101j Ukrain\u0101 pastr\u0101d\u0101tos kara noziegumus, civiliedz\u012bvot\u0101ju slepkavo\u0161anu, krievu ciestos zaud\u0113jumus un ukrai\u0146u tautas pretest\u012bbu iebruc\u0113jiem. Ilgu laiku Krievij\u0101 bija aizliegts pret Ukrainu uzs\u0101kto karu saukt par karu vai iebrukumu, spie\u017eot medijus lietot Krem\u013ca uzspiesto eif\u0113mismu &#8220;specoper\u0101cija&#8221;.<\/p>\n<p>Pilson\u012bbas at\u0146em\u0161ana k\u0101 sankciju forma<\/p>\n<p>Pilson\u012bbas at\u0146em\u0161ana A\u0146inam tiek uzskat\u012bta par v\u0113l vienu sankciju formu, kas s\u0101kusi darboties pret re\u017e\u012bma kriti\u0137iem Krievij\u0101.<\/p>\n<p>A\u0146ins dzimis Moldov\u0101, un Krievijas pilson\u012bba vi\u0146am pie\u0161\u0137irta 2006. gad\u0101. L\u012bdz 2024. gadam \u017eurn\u0101lists bija re\u0123istr\u0113ts Jaroslav\u013c\u0101.<\/p>\n<p>Krievij\u0101 ir pie\u0146emti ar\u012b likumi, kas paredz mantas konfisk\u0101ciju tiem, kuri noties\u0101ti par &#8220;viltus zi\u0146u&#8221; izplat\u012b\u0161anu saist\u012bb\u0101 ar armiju. Likumdev\u0113ji nor\u0101d\u012bju\u0161i, ka &#8220;nelie\u0161iem, kas izlej dub\u013cus uz m\u016bsu valsti&#8221;, j\u0101sod\u0101 un ar savu \u012bpa\u0161umu j\u0101atl\u012bdzina valstij nodar\u012btais kait\u0113jums.<\/p>\n<p>\u0160\u0101ds politiskais klimats rada nopietnus draudus neatkar\u012bgajiem \u017eurn\u0101listiem un opoz\u012bcijas p\u0101rst\u0101vjiem, kuri izv\u0113l\u0113ju\u0161ies turpin\u0101t darbu no \u0101rzem\u0113m.<\/p>\n","protected":false},"excerpt":{"rendered":"\u017durn\u0101listam A\u0146inam at\u0146emta Krievijas pilson\u012bba \u017durn\u0101listam un neatkar\u012bg\u0101 interneta izdevuma &#8220;Va\u017enije istoriji&#8221; (\u0412\u0430\u0436\u043d\u044b\u0435 \u0438\u0441\u0442\u043e\u0440\u0438\u0438) izdev\u0113jam Rom\u0101nam A\u0146inam ofici\u0101li&hellip;\n","protected":false},"author":2,"featured_media":88062,"comment_status":"","ping_status":"","sticky":false,"template":"","format":"standard","meta":{"footnotes":""},"categories":[14],"tags":[23,57,28,29,32,33,22,4140,13553,30,31,35,39,38,36,37,34,40,20,26,27,22433,24,25,22434,5327,54,55,56,21,58],"class_list":{"0":"post-88061","1":"post","2":"type-post","3":"status-publish","4":"format-standard","5":"has-post-thumbnail","7":"category-zinas-no-arvalstim","8":"tag-aktualitates","9":"tag-arvalstim","10":"tag-breaking-news","11":"tag-breakingnews","12":"tag-featured-news","13":"tag-featurednews","14":"tag-headlines","15":"tag-krievijas-armija","16":"tag-krievijas-pilsoniba","17":"tag-latest-news","18":"tag-latestnews","19":"tag-latvia","20":"tag-latvian","21":"tag-latviesu","22":"tag-latviesu-valoda","23":"tag-latviesuvaloda","24":"tag-latvija","25":"tag-lv","26":"tag-news","27":"tag-popularakas-zinas","28":"tag-popularakaszinas","29":"tag-romans-anins","30":"tag-top-stories","31":"tag-topstories","32":"tag-vaznije-istorii","33":"tag-viltus-zinas","34":"tag-world","35":"tag-world-news","36":"tag-worldnews","37":"tag-zinas","38":"tag-zinas-no-arvalstim"},"share_on_mastodon":{"url":"","error":"Validation failed: Text character limit of 500 exceeded"},"_links":{"self":[{"href":"https:\/\/www.europesays.com\/lv\/wp-json\/wp\/v2\/posts\/88061","targetHints":{"allow":["GET"]}}],"collection":[{"href":"https:\/\/www.europesays.com\/lv\/wp-json\/wp\/v2\/posts"}],"about":[{"href":"https:\/\/www.europesays.com\/lv\/wp-json\/wp\/v2\/types\/post"}],"author":[{"embeddable":true,"href":"https:\/\/www.europesays.com\/lv\/wp-json\/wp\/v2\/users\/2"}],"replies":[{"embeddable":true,"href":"https:\/\/www.europesays.com\/lv\/wp-json\/wp\/v2\/comments?post=88061"}],"version-history":[{"count":0,"href":"https:\/\/www.europesays.com\/lv\/wp-json\/wp\/v2\/posts\/88061\/revisions"}],"wp:featuredmedia":[{"embeddable":true,"href":"https:\/\/www.europesays.com\/lv\/wp-json\/wp\/v2\/media\/88062"}],"wp:attachment":[{"href":"https:\/\/www.europesays.com\/lv\/wp-json\/wp\/v2\/media?parent=88061"}],"wp:term":[{"taxonomy":"category","embeddable":true,"href":"https:\/\/www.europesays.com\/lv\/wp-json\/wp\/v2\/categories?post=88061"},{"taxonomy":"post_tag","embeddable":true,"href":"https:\/\/www.europesays.com\/lv\/wp-json\/wp\/v2\/tags?post=88061"}],"curies":[{"name":"wp","href":"https:\/\/api.w.org\/{rel}","templated":true}]}}