{"id":88067,"date":"2025-12-28T09:01:12","date_gmt":"2025-12-28T09:01:12","guid":{"rendered":"https:\/\/www.europesays.com\/lv\/88067\/"},"modified":"2025-12-28T09:01:12","modified_gmt":"2025-12-28T09:01:12","slug":"pirma-liela-sinoptiku-prognoze-2026-gada-junijam-julijam-un-augustam","status":"publish","type":"post","link":"https:\/\/www.europesays.com\/lv\/88067\/","title":{"rendered":"pirm\u0101 liel\u0101 sinopti\u0137u prognoze 2026. gada j\u016bnijam, j\u016blijam un augustam"},"content":{"rendered":"<p><img loading=\"lazy\" decoding=\"async\" class=\"lazy lazy-hidden alignnone size-full wp-image-234906\" src=\"data:image\/gif;base64,R0lGODlhAQABAIAAAAAAAP\/\/\/yH5BAEAAAAALAAAAAABAAEAAAIBRAA7\" data-lazy-type=\"image\" data-lazy-src=\"https:\/\/www.europesays.com\/lv\/wp-content\/uploads\/2025\/12\/erika-fletcher-e4B82vSA-Ow-unsplash.jpg\" alt=\"\" width=\"900\" height=\"601\" data-lazy- data-lazy-\/><\/p>\n<p>2026. gada j\u016bnijs var\u0113tu s\u0101kties ar strauju p\u0101reju no ilgsto\u0161a pavasara uz vasaras karstumu.<\/p>\n<p>Centr\u0101laj\u0101 da\u013c\u0101 sinopti\u0137i prognoz\u0113 \u201ctemperat\u016bras sv\u0101rst\u012bbas\u201d: pirm\u0101s desmit m\u0113ne\u0161a dienas pavad\u012bs neparasts karstums (4\u20135 \u00b0C virs normas), kam sekos virkne p\u0113rkona negaisu. P\u0113c meteorologu dom\u0101m, tas ir saist\u012bts ar La Ninja fenomena pav\u0101jin\u0101\u0161anos Klusaj\u0101 oke\u0101n\u0101 un klimata sist\u0113mas p\u0101reju neitr\u0101l\u0101 f\u0101z\u0113.<\/p>\n<p>T\u0101lajos Austrumos j\u016bnij\u0101 var\u0113tu b\u016bt maz nokri\u0161\u0146u. Klimatologi br\u012bdina, ka sauss gaiss un augsta temperat\u016bra rad\u012bs apst\u0101k\u013cus me\u017ea ugunsgr\u0113ku sezonas s\u0101kumam.<\/p>\n<p><a href=\"https:\/\/dzentlmenis.lv\/olu-kultenis-izdosies-daudz-kremigaks-un-garsigaks-ja-tam-pievienosiet-vienu-pavisam-vienkarsu-sastavdalu-ne-pienu\/234650\/\" rel=\"nofollow noopener\" target=\"_blank\"><img class=\"lazy lazy-hidden\" decoding=\"async\" src=\"data:image\/gif;base64,R0lGODlhAQABAIAAAAAAAP\/\/\/yH5BAEAAAAALAAAAAABAAEAAAIBRAA7\" data-lazy-type=\"image\" data-lazy-src=\"https:\/\/www.europesays.com\/lv\/wp-content\/uploads\/2025\/12\/scrambled-eggs-6582990_1280-1.jpg\" data-lazy- alt=\"Olu kultenis izdosies daudz kr\u0113m\u012bg\u0101ks un gar\u0161\u012bg\u0101ks, ja tam pievienosiet vienu pavisam vienk\u0101r\u0161u sast\u0101vda\u013cu \u2013 ne pienu\"\/><\/a>\u0160obr\u012bd citi lasa<a class=\"monsterinsights-inline-popular-posts-title\" href=\"https:\/\/dzentlmenis.lv\/olu-kultenis-izdosies-daudz-kremigaks-un-garsigaks-ja-tam-pievienosiet-vienu-pavisam-vienkarsu-sastavdalu-ne-pienu\/234650\/\" rel=\"nofollow noopener\" target=\"_blank\">Olu kultenis izdosies daudz kr\u0113m\u012bg\u0101ks un gar\u0161\u012bg\u0101ks, ja tam pievienosiet vienu pavisam vienk\u0101r\u0161u sast\u0101vda\u013cu \u2013 ne pienu<\/a><\/p>\n<p>Austrumeiropas dienvidos j\u016bnijs sol\u0101s b\u016bt komfortabls: vid\u0113j\u0101 j\u016bras temperat\u016bra sasniegs 22\u201323 \u00b0C, bet gaisa temperat\u016bra \u2013 aptuveni 26 \u00b0C. Tas rad\u012bs ide\u0101lus apst\u0101k\u013cus t\u016brisma sezonas s\u0101kumam bez svelmaina karstuma.<\/p>\n<p>Daudzviet viss m\u0113nesis b\u016bs p\u0101rsvar\u0101 bez m\u0101ko\u0146iem, vid\u0113j\u0101 temperat\u016bra b\u016bs 23\u00b0C, savuk\u0101rt j\u016bnijs var\u0113tu b\u016bt viens no saus\u0101kajiem gada m\u0113ne\u0161iem: vid\u0113j\u0101 m\u0113ne\u0161a temperat\u016bra zieme\u013cu galvaspils\u0113t\u0101 tiek prognoz\u0113ta 21\u00b0C.<\/p>\n<p>K\u0101ds b\u016bs 2026.\u00a0gada j\u016blijs?<\/p>\n<p><img loading=\"lazy\" decoding=\"async\" class=\"lazy lazy-hidden alignnone size-full wp-image-234909\" src=\"data:image\/gif;base64,R0lGODlhAQABAIAAAAAAAP\/\/\/yH5BAEAAAAALAAAAAABAAEAAAIBRAA7\" data-lazy-type=\"image\" data-lazy-src=\"https:\/\/www.europesays.com\/lv\/wp-content\/uploads\/2025\/12\/kaiya-inouye-ckJqQdew9_0-unsplash.jpg\" alt=\"\" width=\"900\" height=\"600\" data-lazy- data-lazy-\/><\/p>\n<p>2026. gada j\u016blijs veidojas k\u0101 karst\u0101kais m\u0113nesis p\u0113d\u0113jos gados. Saska\u0146\u0101 ar ilgtermi\u0146a prognoz\u0113m, glob\u0101l\u0101 temperat\u016bra 2026. gad\u0101 var\u0113tu paaugstin\u0101ties par vair\u0101k nek\u0101 1,4\u00b0C sal\u012bdzin\u0101jum\u0101 ar pirmsindustri\u0101lo l\u012bmeni (vid\u0113j\u0101 temperat\u016bra uz Zemes pirms r\u016bpniecisk\u0101s revol\u016bcijas, aptuveni 18. gadsimta vid\u016b \u2013 RBC Trends), kas ietekm\u0113s ar\u012b klimatu.<\/p>\n<p>Dienvidos temperat\u016bra regul\u0101ri p\u0101rsniegs 35\u00b0C. J\u016blijs nes\u012bs ar\u012b siltas naktis, temperat\u016brai nepazeminoties zem 17\u00b0C. Daudzviet 2026. gada j\u016bliju raksturos \u012bsas, bet intens\u012bvas lietusg\u0101zes un v\u0113ss laiks m\u0113ne\u0161a pirmaj\u0101s dien\u0101s. Neskatoties uz nokri\u0161\u0146iem, vid\u0113j\u0101 dienas temperat\u016bra saglab\u0101sies ap 25\u201327 \u00b0C.<\/p>\n<p>K\u0101ds b\u016bs augusts 2026.\u00a0gad\u0101?<\/p>\n<p><a href=\"https:\/\/dzentlmenis.lv\/milestiba-atnaks-tamara-globa-nosaukusi-zodiaka-zimes-kuras-atradis-laimi-2025-gada-decembra-nogale-engelu-velejums\/234666\/\" rel=\"nofollow noopener\" target=\"_blank\"><img class=\"lazy lazy-hidden\" decoding=\"async\" src=\"data:image\/gif;base64,R0lGODlhAQABAIAAAAAAAP\/\/\/yH5BAEAAAAALAAAAAABAAEAAAIBRAA7\" data-lazy-type=\"image\" data-lazy-src=\"https:\/\/www.europesays.com\/lv\/wp-content\/uploads\/2025\/12\/1-117.jpg\" data-lazy- alt=\"M\u012blest\u012bba atn\u0101ks: Tam\u0101ra Globa nosaukusi zodiaka z\u012bmes, kuras atrad\u012bs laimi 2025. gada decembra nogal\u0113 \u2014 e\u0146\u0123e\u013cu v\u0113l\u0113jums\"\/><\/a>\u0160obr\u012bd citi lasa<a class=\"monsterinsights-inline-popular-posts-title\" href=\"https:\/\/dzentlmenis.lv\/milestiba-atnaks-tamara-globa-nosaukusi-zodiaka-zimes-kuras-atradis-laimi-2025-gada-decembra-nogale-engelu-velejums\/234666\/\" rel=\"nofollow noopener\" target=\"_blank\">M\u012blest\u012bba atn\u0101ks: Tam\u0101ra Globa nosaukusi zodiaka z\u012bmes, kuras atrad\u012bs laimi 2025. gada decembra nogal\u0113 \u2014 e\u0146\u0123e\u013cu v\u0113l\u0113jums<\/a><\/p>\n<p><img loading=\"lazy\" decoding=\"async\" class=\"lazy lazy-hidden alignnone size-full wp-image-234910\" src=\"data:image\/gif;base64,R0lGODlhAQABAIAAAAAAAP\/\/\/yH5BAEAAAAALAAAAAABAAEAAAIBRAA7\" data-lazy-type=\"image\" data-lazy-src=\"https:\/\/www.europesays.com\/lv\/wp-content\/uploads\/2025\/12\/andrei-lasc-xjWYyMxESXY-unsplash.jpg\" alt=\"\" width=\"900\" height=\"603\" data-lazy- data-lazy-\/><\/p>\n<p>Augusts liel\u0101kaj\u0101 da\u013c\u0101 Eiropas da\u013cas re\u0123ionu s\u0101ksies ar maigu laiku. Tom\u0113r m\u0113ne\u0161a otraj\u0101 pus\u0113 klimata mode\u013ci prognoz\u0113 Zieme\u013catlantijas ciklonu pastiprin\u0101\u0161anos, kas var\u0113tu izrais\u012bt aukst\u0101ku laiku.<\/p>\n<p>Tom\u0113r var\u0113tu b\u016bt neparasti sauss augusts. Sinopti\u0137i br\u012bdina par sausuma risku, kas var\u0113tu negat\u012bvi ietekm\u0113t ra\u017eu un ugunsdro\u0161\u012bbu. Klimatologi to skaidro ar blo\u0137\u0113jo\u0161iem anticikloniem, kas aiztur sasild\u012bto gaisu virs valsts kontinent\u0101l\u0101s da\u013cas.<\/p>\n<p>Austrumeiropas dienvidos \u2014 saglab\u0101sies stabili karsts laiks. Vid\u0113j\u0101 dienas temperat\u016bra b\u016bs no 28 \u00b0C l\u012bdz 30 \u00b0C, savuk\u0101rt j\u016bras \u016bdens sasils l\u012bdz komfortabli 25 \u00b0C. Tom\u0113r eksperti neizsl\u0113dz lokaliz\u0113tus \u201cklimata satricin\u0101jumus\u201d \u012bslaic\u012bgu, bet sp\u0113c\u012bgu lietusg\u0101\u017eu un p\u0113rkona negaisu veid\u0101, kas ir rakstur\u012bgi subtropu klimatam karstuma vi\u013c\u0146u laik\u0101.<\/p>\n<p>August\u0101 liel\u0101kaj\u0101s pils\u0113t\u0101s var\u0113tu b\u016bt da\u017e\u0101di laikapst\u0101k\u013ci: vid\u0113j\u0101 m\u0113ne\u0161a temperat\u016bra, dom\u0101jams, b\u016bs 22\u00b0C, pak\u0101peniski samazinoties l\u012bdz 16\u00b0C l\u012bdz m\u0113ne\u0161a beig\u0101m. Citviet vasaras p\u0113d\u0113jais m\u0113nesis tradicion\u0101li b\u016bs v\u0113s\u0101ks un mitr\u0101ks, ar vid\u0113jo dienas temperat\u016bru aptuveni 20\u00b0C\u201322\u00b0C.<\/p>\n<p><a href=\"https:\/\/dzentlmenis.lv\/spelites-beidzas-pec-50-kapec-viriesi-peksni-sak-meklet-nopietniebu-un-ko-tas-nozime-sievietei\/97995\/\" rel=\"nofollow noopener\" target=\"_blank\"><img class=\"lazy lazy-hidden\" decoding=\"async\" src=\"data:image\/gif;base64,R0lGODlhAQABAIAAAAAAAP\/\/\/yH5BAEAAAAALAAAAAABAAEAAAIBRAA7\" data-lazy-type=\"image\" data-lazy-src=\"https:\/\/www.europesays.com\/lv\/wp-content\/uploads\/2025\/12\/Untitled.jpg\" data-lazy- alt=\"\u201cSp\u0113l\u012btes beidzas p\u0113c 50\u201d: K\u0101p\u0113c v\u012brie\u0161i p\u0113k\u0161\u0146i s\u0101k mekl\u0113t nopietn\u012bbu un ko tas noz\u012bm\u0113 sievietei\"\/><\/a>\u0160obr\u012bd citi lasa<a class=\"monsterinsights-inline-popular-posts-title\" href=\"https:\/\/dzentlmenis.lv\/spelites-beidzas-pec-50-kapec-viriesi-peksni-sak-meklet-nopietniebu-un-ko-tas-nozime-sievietei\/97995\/\" rel=\"nofollow noopener\" target=\"_blank\">\u201cSp\u0113l\u012btes beidzas p\u0113c 50\u201d: K\u0101p\u0113c v\u012brie\u0161i p\u0113k\u0161\u0146i s\u0101k mekl\u0113t nopietn\u012bbu un ko tas noz\u012bm\u0113 sievietei<\/a><\/p>\n<p>K\u0101da b\u016bs 2026. gada vasara cit\u0101s valst\u012bs?<\/p>\n<p>Saska\u0146\u0101 ar Apvienot\u0101s Karalistes Meteorolo\u0123ijas biroja datiem, past\u0101v vair\u0101k nek\u0101 90% iesp\u0113jam\u012bba, ka 2026. gads b\u016bs viens no \u010detriem karst\u0101kajiem gadiem v\u0113stur\u0113. Paredzams, ka vid\u0113j\u0101 temperat\u016bra b\u016bs par 1,46\u00b0C augst\u0101ka nek\u0101 pirmsindustri\u0101l\u0101 laikmeta l\u012bmenis.\u00a0 Tas noz\u012bm\u0113, ka j\u016bnij\u0101 un j\u016blij\u0101 var sagaid\u012bt v\u0113l vienu karstuma stresa vilni ar temperat\u016bru, kas sasniegs 40\u00b0C\u201343\u00b0C.<\/p>\n<p>ASV austrumu piekrast\u0113 gaid\u0101ma akt\u012bva viesu\u013cv\u0113tru sezona un rietumos sausuma pieaugums, jo oke\u0101na procesi gada otraj\u0101 pus\u0113 p\u0101riet El Ninjo f\u0101z\u0113.<\/p>\n<p>Indij\u0101 un Dienvidaustrum\u0101zij\u0101 musonu lietusg\u0101zes var\u0113tu b\u016bt p\u0101rm\u0113r\u012bgas, p\u0101rsniedzot norm\u0101lo l\u012bmeni par 10\u201312%, radot pl\u016bdu risku bl\u012bvi apdz\u012bvot\u0101s upju delt\u0101s. Glob\u0101l\u0101 prognoze 2026. gadam apstiprina past\u0101v\u012bgo glob\u0101l\u0101s sasil\u0161anas tendenci. K\u0101 nor\u0101da meteorologs Niks Danstons, 2026. gad\u0101 temperat\u016bra atkal var\u0113tu \u012bslaic\u012bgi p\u0101rsniegt 1,5\u00b0C, uzsverot klimata p\u0101rmai\u0146u \u0101trumu.<\/p>\n<p>Lasi v\u0113l:\u00a0<a style=\"color: #ff0000;\" href=\"https:\/\/dzentlmenis.lv\/dala-klientu-izsaka-velmi-pariet-no-swedbank-uz-citu-banku-savas-drosibas-labad-kadel-ta\/234812\/\" target=\"_blank\" rel=\"noopener nofollow\">Da\u013ca klientu izsaka v\u0113lmi p\u0101riet no \u201dSwedbank\u201d uz citu banku savas dro\u0161\u012bbas labad: k\u0101d\u0113\u013c t\u0101<\/a><\/p>\n<p>2026. gada vasaras laikapst\u0101k\u013cu apskats<\/p>\n<p>2026. gada j\u016bnijs \u2014 temperat\u016bras sv\u0101rst\u012bbas centr\u0101laj\u0101 da\u013c\u0101 (karstums l\u012bdz +5\u00b0C virs normas, kam seko p\u0113rkona negaiss).\u00a0 T\u0101lajos Austrumos \u2014 nokri\u0161\u0146u defic\u012bts un agri ugunsgr\u0113ki. Dienvidos \u2014 komfortabls sezonas s\u0101kums (+26\u00b0C).<\/p>\n<p><a href=\"https:\/\/dzentlmenis.lv\/ka-uz-visiem-laikiem-atbrivoties-no-kodem-pietiek-ar-viena-auga-saiskiti-skapi\/234707\/\" rel=\"nofollow noopener\" target=\"_blank\"><img class=\"lazy lazy-hidden\" decoding=\"async\" src=\"data:image\/gif;base64,R0lGODlhAQABAIAAAAAAAP\/\/\/yH5BAEAAAAALAAAAAABAAEAAAIBRAA7\" data-lazy-type=\"image\" data-lazy-src=\"https:\/\/www.europesays.com\/lv\/wp-content\/uploads\/2025\/12\/rain-4421893_1280-1.jpg\" data-lazy- alt=\"K\u0101 uz visiem laikiem atbr\u012bvoties no kod\u0113m: pietiek ar viena auga sai\u0161\u0137\u012bti skap\u012b\"\/><\/a>\u0160obr\u012bd citi lasa<a class=\"monsterinsights-inline-popular-posts-title\" href=\"https:\/\/dzentlmenis.lv\/ka-uz-visiem-laikiem-atbrivoties-no-kodem-pietiek-ar-viena-auga-saiskiti-skapi\/234707\/\" rel=\"nofollow noopener\" target=\"_blank\">K\u0101 uz visiem laikiem atbr\u012bvoties no kod\u0113m: pietiek ar viena auga sai\u0161\u0137\u012bti skap\u012b<\/a><\/p>\n<p>2026. gada j\u016blijs \u2014 veidojas karst\u0101kais m\u0113nesis p\u0113d\u0113jo gadu laik\u0101. Daudzviet \u2014 ilgsto\u0161s sausums. Dienvidos temperat\u016bra, dom\u0101jams, past\u0101v\u012bgi b\u016bs virs +35\u00b0C. 2026. gada augusts \u2014 Eiropas da\u013c\u0101 s\u0101ksies \u201csamta\u201d v\u0113tra, kam sekos cikloni. Zieme\u013ciem draud sausums blo\u0137\u0113jo\u0161o anticiklonu d\u0113\u013c. Dienvidos gaid\u0101ms karstums (+30\u00b0C) un sp\u0113c\u012bgu lietusg\u0101\u017eu risks.<\/p>\n","protected":false},"excerpt":{"rendered":"2026. gada j\u016bnijs var\u0113tu s\u0101kties ar strauju p\u0101reju no ilgsto\u0161a pavasara uz vasaras karstumu. Centr\u0101laj\u0101 da\u013c\u0101 sinopti\u0137i prognoz\u0113&hellip;\n","protected":false},"author":2,"featured_media":88068,"comment_status":"","ping_status":"","sticky":false,"template":"","format":"standard","meta":{"footnotes":""},"categories":[14],"tags":[23,57,28,29,32,33,22,30,31,35,39,38,36,37,34,40,20,26,27,24,25,54,55,56,21,58],"class_list":{"0":"post-88067","1":"post","2":"type-post","3":"status-publish","4":"format-standard","5":"has-post-thumbnail","7":"category-zinas-no-arvalstim","8":"tag-aktualitates","9":"tag-arvalstim","10":"tag-breaking-news","11":"tag-breakingnews","12":"tag-featured-news","13":"tag-featurednews","14":"tag-headlines","15":"tag-latest-news","16":"tag-latestnews","17":"tag-latvia","18":"tag-latvian","19":"tag-latviesu","20":"tag-latviesu-valoda","21":"tag-latviesuvaloda","22":"tag-latvija","23":"tag-lv","24":"tag-news","25":"tag-popularakas-zinas","26":"tag-popularakaszinas","27":"tag-top-stories","28":"tag-topstories","29":"tag-world","30":"tag-world-news","31":"tag-worldnews","32":"tag-zinas","33":"tag-zinas-no-arvalstim"},"share_on_mastodon":{"url":"https:\/\/pubeurope.com\/@lv\/115796383091023301","error":""},"_links":{"self":[{"href":"https:\/\/www.europesays.com\/lv\/wp-json\/wp\/v2\/posts\/88067","targetHints":{"allow":["GET"]}}],"collection":[{"href":"https:\/\/www.europesays.com\/lv\/wp-json\/wp\/v2\/posts"}],"about":[{"href":"https:\/\/www.europesays.com\/lv\/wp-json\/wp\/v2\/types\/post"}],"author":[{"embeddable":true,"href":"https:\/\/www.europesays.com\/lv\/wp-json\/wp\/v2\/users\/2"}],"replies":[{"embeddable":true,"href":"https:\/\/www.europesays.com\/lv\/wp-json\/wp\/v2\/comments?post=88067"}],"version-history":[{"count":0,"href":"https:\/\/www.europesays.com\/lv\/wp-json\/wp\/v2\/posts\/88067\/revisions"}],"wp:featuredmedia":[{"embeddable":true,"href":"https:\/\/www.europesays.com\/lv\/wp-json\/wp\/v2\/media\/88068"}],"wp:attachment":[{"href":"https:\/\/www.europesays.com\/lv\/wp-json\/wp\/v2\/media?parent=88067"}],"wp:term":[{"taxonomy":"category","embeddable":true,"href":"https:\/\/www.europesays.com\/lv\/wp-json\/wp\/v2\/categories?post=88067"},{"taxonomy":"post_tag","embeddable":true,"href":"https:\/\/www.europesays.com\/lv\/wp-json\/wp\/v2\/tags?post=88067"}],"curies":[{"name":"wp","href":"https:\/\/api.w.org\/{rel}","templated":true}]}}