{"id":88083,"date":"2025-12-28T09:28:08","date_gmt":"2025-12-28T09:28:08","guid":{"rendered":"https:\/\/www.europesays.com\/lv\/88083\/"},"modified":"2025-12-28T09:28:08","modified_gmt":"2025-12-28T09:28:08","slug":"elektroapgade-trauceta-aptuveni-7000-klientu","status":"publish","type":"post","link":"https:\/\/www.europesays.com\/lv\/88083\/","title":{"rendered":"Elektroapg\u0101de trauc\u0113ta aptuveni 7000 klientu"},"content":{"rendered":"<p>Sare\u017e\u0123\u012bt\u0101ku un pla\u0161u boj\u0101jumu situ\u0101cij\u0101s elektroapg\u0101des atjauno\u0161ana var pras\u012bt ilg\u0101ku laiku.<\/p>\n<p>L\u012bdz sv\u0113tdienas r\u012btam nov\u0113rsti jau 85 boj\u0101jumi, tom\u0113r stiprais v\u0113j\u0161 izraisa arvien jaunus.<\/p>\n<p>Kur tas iesp\u0113jams, <a href=\"https:\/\/www.apollo.lv\/term\/573964\/elektroapgade\" class=\"topicLink\" target=\"_blank\" rel=\"nofollow noopener\">elektroapg\u0101de<\/a> klientiem tiek t\u016bl\u012bt\u0113ji atjaunota pa saist\u012btaj\u0101m elektrol\u012bnij\u0101m \u2013 jau pirms boj\u0101jumu nov\u0113r\u0161anas dab\u0101. Vienlaikus j\u0101\u0146em v\u0113r\u0101, ka situ\u0101cija elektroapg\u0101d\u0113 var b\u016bt main\u012bga, jo boj\u0101jumi rodas atkar\u012bb\u0101 no v\u0113ja un nokri\u0161\u0146u zonas p\u0101rvieto\u0161an\u0101s ce\u013ca. Var b\u016bt gad\u012bjumi, kad neilgi p\u0113c boj\u0101juma nov\u0113r\u0161anas vien\u0101 elektrol\u012bnijas posm\u0101 elektroapg\u0101des trauc\u0113jumus izraisa boj\u0101jums cit\u0101 \u0161\u012bs pa\u0161as l\u012bnijas posm\u0101.<\/p>\n<p>&#8220;Sadales t\u012bkls&#8221; uzsver, ka ekstrem\u0101los laikapst\u0101k\u013cos nav dro\u0161i atrasties \u0101r\u0101, nek\u0101d\u0101 gad\u012bjum\u0101 nedr\u012bkst tuvoties elektrol\u012bnij\u0101m, ja taj\u0101s iek\u0101ru\u0161ies koki, zari vai redzami p\u0101rrauti elektrol\u012bnijas vadi. Par \u0161\u0101d\u0101m b\u012bstam\u0101m situ\u0101cij\u0101m nekav\u0113joties j\u0101zi\u0146o &#8220;Sadales t\u012bklam&#8221;, zvanot uz diennakts bezmaksas boj\u0101jumu pieteik\u0161anas t\u0101lruni 8404, vai Valsts ugunsdz\u0113s\u012bbas un gl\u0101b\u0161anas dienestam \u2013 112. Aktu\u0101lajai situ\u0101cijai elektrot\u012bkl\u0101 <a href=\"https:\/\/www.apollo.lv\/term\/557206\/iedzivotaji\" class=\"topicLink\" target=\"_blank\" rel=\"nofollow noopener\">iedz\u012bvot\u0101ji<\/a> aicin\u0101ti sekot l\u012bdzi www.sadalestikls.lv pieejam\u0101 digit\u0101laj\u0101 atsl\u0113gumu kart\u0113, kur apkopota inform\u0101cija par jau re\u0123istr\u0113tajiem elektrot\u012bkla boj\u0101jumiem (nepl\u0101notiem atsl\u0113gumiem). V\u0113l nere\u0123istr\u0113tos boj\u0101jumus vai paman\u012btos elektrot\u012bkla defektus iedz\u012bvot\u0101ji aicin\u0101ti pieteikt m\u0101jaslap\u0101 (sada\u013c\u0101 &#8220;Pieteikt boj\u0101jumu&#8221;) \u2013 iedz\u012bvot\u0101ju iesaiste pal\u012bdz &#8220;Sadales t\u012bklam&#8221; \u0101tr\u0101k lokaliz\u0113t visas boj\u0101jumu vietas, t\u0101d\u0113j\u0101di iesp\u0113jami \u0101tr\u0101 laik\u0101 nov\u0113r\u0161ot elektroapg\u0101des trauc\u0113jumus. \u0160is r\u012bks pieejams gan dator\u0101, gan viedier\u012bc\u0113s (ja elektroapg\u0101des trauc\u0113jumu d\u0113\u013c nav interneta, boj\u0101jumu var pieteikt, izmantojot mobilos datus).<\/p>\n<p>Ekstrem\u0101li laikapst\u0101k\u013ci visvair\u0101k apdraud neizol\u0113tas gaisvadu elektrol\u012bnijas. Lai savlaic\u012bgi mazin\u0101tu \u0161\u0101dus dabas stihiju rad\u012btus elektroapg\u0101des trauc\u0113jumus, uz\u0146\u0113mums ik gadu no potenci\u0101li b\u012bstamiem kokiem un kr\u016bmiem att\u012bra gaisvadu elektrol\u012bniju trases. Tom\u0113r v\u0113tr\u0101s l\u012bnij\u0101s var tikt ieg\u0101zti ar\u012b \u0101rpus elektrol\u012bniju tras\u0113m augo\u0161ie koki. T\u0101pat uz\u0146\u0113mums pak\u0101peniski invest\u0113 l\u012bdzek\u013cus elektrol\u012bniju p\u0101rb\u016bv\u0113 pazemes kabe\u013cos un gaisa piekarkabe\u013cos, kas v\u0113tr\u0101s ir daudz iztur\u012bg\u0101ki. Pa\u0161laik pazemes un piekarkabe\u013cu \u012bpatsvars t\u012bkl\u0101 sasniedz jau 65 %.<\/p>\n<p>Latviju 27. decembra p\u0113cpusdien\u0101 sasniedza \u013coti stiprs v\u0113j\u0161, piekrast\u0113 br\u0101zm\u0101s sasniedzot sp\u0113ku pat 28 m\/s. Latvijas Vides, \u0123eolo\u0123ijas un meteorolo\u0123ijas centrs (LV\u0122MC) valsts rietumu da\u013c\u0101 izsludin\u0101jis oran\u017eo, bet centr\u0101lajos rajonos dzelteno v\u0113ja br\u012bdin\u0101jumu.<\/p>\n","protected":false},"excerpt":{"rendered":"Sare\u017e\u0123\u012bt\u0101ku un pla\u0161u boj\u0101jumu situ\u0101cij\u0101s elektroapg\u0101des atjauno\u0161ana var pras\u012bt ilg\u0101ku laiku. L\u012bdz sv\u0113tdienas r\u012btam nov\u0113rsti jau 85 boj\u0101jumi,&hellip;\n","protected":false},"author":2,"featured_media":88084,"comment_status":"","ping_status":"","sticky":false,"template":"","format":"standard","meta":{"footnotes":""},"categories":[5],"tags":[23,28,29,12617,32,33,22,2447,30,31,35,39,38,36,37,34,40,20,26,27,5238,24,25,21],"class_list":{"0":"post-88083","1":"post","2":"type-post","3":"status-publish","4":"format-standard","5":"has-post-thumbnail","7":"category-aktualitates","8":"tag-aktualitates","9":"tag-breaking-news","10":"tag-breakingnews","11":"tag-elektroapgade","12":"tag-featured-news","13":"tag-featurednews","14":"tag-headlines","15":"tag-iedzivotaji","16":"tag-latest-news","17":"tag-latestnews","18":"tag-latvia","19":"tag-latvian","20":"tag-latviesu","21":"tag-latviesu-valoda","22":"tag-latviesuvaloda","23":"tag-latvija","24":"tag-lv","25":"tag-news","26":"tag-popularakas-zinas","27":"tag-popularakaszinas","28":"tag-sadales-tikls","29":"tag-top-stories","30":"tag-topstories","31":"tag-zinas"},"share_on_mastodon":{"url":"https:\/\/pubeurope.com\/@lv\/115796489213766283","error":""},"_links":{"self":[{"href":"https:\/\/www.europesays.com\/lv\/wp-json\/wp\/v2\/posts\/88083","targetHints":{"allow":["GET"]}}],"collection":[{"href":"https:\/\/www.europesays.com\/lv\/wp-json\/wp\/v2\/posts"}],"about":[{"href":"https:\/\/www.europesays.com\/lv\/wp-json\/wp\/v2\/types\/post"}],"author":[{"embeddable":true,"href":"https:\/\/www.europesays.com\/lv\/wp-json\/wp\/v2\/users\/2"}],"replies":[{"embeddable":true,"href":"https:\/\/www.europesays.com\/lv\/wp-json\/wp\/v2\/comments?post=88083"}],"version-history":[{"count":0,"href":"https:\/\/www.europesays.com\/lv\/wp-json\/wp\/v2\/posts\/88083\/revisions"}],"wp:featuredmedia":[{"embeddable":true,"href":"https:\/\/www.europesays.com\/lv\/wp-json\/wp\/v2\/media\/88084"}],"wp:attachment":[{"href":"https:\/\/www.europesays.com\/lv\/wp-json\/wp\/v2\/media?parent=88083"}],"wp:term":[{"taxonomy":"category","embeddable":true,"href":"https:\/\/www.europesays.com\/lv\/wp-json\/wp\/v2\/categories?post=88083"},{"taxonomy":"post_tag","embeddable":true,"href":"https:\/\/www.europesays.com\/lv\/wp-json\/wp\/v2\/tags?post=88083"}],"curies":[{"name":"wp","href":"https:\/\/api.w.org\/{rel}","templated":true}]}}