{"id":88085,"date":"2025-12-28T09:32:07","date_gmt":"2025-12-28T09:32:07","guid":{"rendered":"https:\/\/www.europesays.com\/lv\/88085\/"},"modified":"2025-12-28T09:32:07","modified_gmt":"2025-12-28T09:32:07","slug":"polija-divu-gadu-laika-plano-izbuvet-pretdronu-aizsardzibas-liniju-gar-austrumu-robezu","status":"publish","type":"post","link":"https:\/\/www.europesays.com\/lv\/88085\/","title":{"rendered":"Polija divu gadu laik\u0101 pl\u0101no izb\u016bv\u0113t pretdronu aizsardz\u012bbas l\u012bniju gar austrumu robe\u017eu"},"content":{"rendered":"<p>Jaun\u0101 pretdronu aizsardz\u012bba tiks integr\u0113ta jau eso\u0161\u0101 aizsardz\u012bbas l\u012bnij\u0101, kas izb\u016bv\u0113ta pirms aptuveni desmit gadiem. T\u0101 paredz vair\u0101kus aizsardz\u012bbas sl\u0101\u0146us \u2013 no lo\u017emet\u0113jiem un lielgabaliem l\u012bdz ra\u0137e\u0161u sist\u0113m\u0101m un dronu trauc\u0113\u0161anas tehnolo\u0123ij\u0101m.<\/p>\n<p>\u201cDa\u013ca \u0161o risin\u0101jumu ir paredz\u0113ti tikai \u0101rk\u0101rtas vai kara apst\u0101k\u013ciem. Piem\u0113ram, daudzk\u0101rtu lo\u017emet\u0113jus ir gr\u016bti izmantot miera laik\u0101, jo viss, kas pace\u013cas gais\u0101, k\u0101d\u0101 br\u012bd\u012b ar\u012b nokr\u012bt,\u201d skaidroja aizsardz\u012bbas ministra vietnieks.<\/p>\n<p>Septembr\u012b vair\u0101k nek\u0101 desmit Krievijas dronu ielidoja Polijas gaisa telp\u0101, izraisot lidostu sl\u0113g\u0161anu, izn\u012bcin\u0101t\u0101ju pacel\u0161anu gais\u0101 un \u0113ku boj\u0101jumus, kad droni tika notriekti. Polijas \u0101rlietu ministrs Radoslavs Sikorskis toreiz notiku\u0161o raksturoja k\u0101 Krievijas m\u0113\u0123in\u0101jumu \u201cm\u016bs p\u0101rbaud\u012bt, nes\u0101kot karu\u201d.<\/p>\n<p>P\u0113c \u0161iem incidentiem Polija pa\u0101trin\u0101jusi jau iepriek\u0161 pl\u0101notos austrumu robe\u017eas stiprin\u0101\u0161anas darbus. Projekta kop\u0113j\u0101s izmaksas p\u0101rsniegs divus miljardus eiro, un liel\u0101k\u0101 da\u013ca finans\u0113juma n\u0101ks no Eiropas Savien\u012bbas programmas SAFE (Security Action for Europe), k\u0101 ar\u012b no valsts bud\u017eeta.<\/p>\n<p>Papildus pretdronu sist\u0113mai Polija \u012bsteno ar\u012b sauszemes nocietin\u0101jumu projektu \u201cAustrumu vairogs\u201d uz robe\u017eas ar Baltkrieviju un Krievijas Kara\u013cau\u010du apgabalu. Katr\u0101 pierobe\u017eas pa\u0161vald\u012bb\u0101 pl\u0101nots izveidot lo\u0123istikas centrus, kuros glab\u0101sies apr\u012bkojums robe\u017eas blo\u0137\u0113\u0161anai kr\u012bzes gad\u012bjum\u0101.<\/p>\n<p class=\"ad-desc ad-desc-main\">Saturs turpin\u0101s p\u0113c rekl\u0101mas<\/p>\n<p class=\"ad-desc ad-desc-sec\">Rekl\u0101ma<\/p>\n<p>\u201cKam\u0113r Ukraina aizsarg\u0101 sevi un c\u012bn\u0101s pret Krieviju, Eiropai nepast\u0101v tie\u0161s konvencion\u0101la kara risks. Ta\u010du m\u0113s saskarsimies ar provok\u0101cij\u0101m un sabot\u0101\u017eu,\u201d uzsv\u0113ra Tom\u010diks. Vienlaikus vi\u0146\u0161 br\u012bdin\u0101ja \u2013 ja Rietumi \u013cautu Krievijai uzvar\u0113t Ukrain\u0101, draudi Eiropai var\u0113tu pieaugt \u013coti strauji.<\/p>\n<p>Polija \u0161obr\u012bd aizsardz\u012bbai atv\u0113l 4,7% no iek\u0161zemes kopprodukta, kas ir viens no augst\u0101kajiem r\u0101d\u012bt\u0101jiem Eiropas Savien\u012bb\u0101. Tom\u010diks sal\u012bdzin\u0101ja \u0161o izv\u0113li ar Ukrainas pieredzi: \u201cUkraina \u0161odien karam t\u0113r\u0113 ap 40% no IKP. Ikvienam vajadz\u0113tu sev pajaut\u0101t \u2013 vai lab\u0101k palielin\u0101t aizsardz\u012bbas izdevumus no 2% l\u012bdz 3 vai 3,5%, vai ar\u012b v\u0113l\u0101k b\u016bt spiesti t\u0113r\u0113t 40%?\u201d<\/p>\n<p>Run\u0101jot par Krievijas iesp\u0113jamiem milit\u0101riem m\u0113r\u0137iem Polij\u0101, Tom\u010diks atsauc\u0101s uz Krievijas v\u0113sturisko ekspansionismu, uzsverot, ka \u0101r\u0113jie konflikti bie\u017ei kalpo k\u0101 instruments varas nostiprin\u0101\u0161anai valsts iek\u0161ien\u0113. \u201c\u0100r\u0113jais kar\u0161 Krievij\u0101 k\u013c\u016bst par iek\u0161politisku instrumentu,\u201d vi\u0146\u0161 sac\u012bja.<\/p>\n<p class=\"tv3-fw-500\">Zi\u0146o par k\u013c\u016bdu rakst\u0101<\/p>\n<p class=\"d-md-block d-none\">Iez\u012bm\u0113 k\u013c\u016bdaino tekstu un spied Ctrl+Enter.<\/p>\n<p class=\"d-md-none d-block\">Iez\u012bm\u0113 k\u013c\u016bdaino tekstu un zi\u0146o par to!<\/p>\n","protected":false},"excerpt":{"rendered":"Jaun\u0101 pretdronu aizsardz\u012bba tiks integr\u0113ta jau eso\u0161\u0101 aizsardz\u012bbas l\u012bnij\u0101, kas izb\u016bv\u0113ta pirms aptuveni desmit gadiem. T\u0101 paredz vair\u0101kus&hellip;\n","protected":false},"author":2,"featured_media":88086,"comment_status":"","ping_status":"","sticky":false,"template":"","format":"standard","meta":{"footnotes":""},"categories":[14],"tags":[23,57,28,29,32,33,22,22234,30,31,35,39,38,36,37,34,40,20,26,27,24,25,54,55,56,21,58],"class_list":{"0":"post-88085","1":"post","2":"type-post","3":"status-publish","4":"format-standard","5":"has-post-thumbnail","7":"category-zinas-no-arvalstim","8":"tag-aktualitates","9":"tag-arvalstim","10":"tag-breaking-news","11":"tag-breakingnews","12":"tag-featured-news","13":"tag-featurednews","14":"tag-headlines","15":"tag-kars-ukrainakrievijapolija","16":"tag-latest-news","17":"tag-latestnews","18":"tag-latvia","19":"tag-latvian","20":"tag-latviesu","21":"tag-latviesu-valoda","22":"tag-latviesuvaloda","23":"tag-latvija","24":"tag-lv","25":"tag-news","26":"tag-popularakas-zinas","27":"tag-popularakaszinas","28":"tag-top-stories","29":"tag-topstories","30":"tag-world","31":"tag-world-news","32":"tag-worldnews","33":"tag-zinas","34":"tag-zinas-no-arvalstim"},"share_on_mastodon":{"url":"https:\/\/pubeurope.com\/@lv\/115796505047774022","error":""},"_links":{"self":[{"href":"https:\/\/www.europesays.com\/lv\/wp-json\/wp\/v2\/posts\/88085","targetHints":{"allow":["GET"]}}],"collection":[{"href":"https:\/\/www.europesays.com\/lv\/wp-json\/wp\/v2\/posts"}],"about":[{"href":"https:\/\/www.europesays.com\/lv\/wp-json\/wp\/v2\/types\/post"}],"author":[{"embeddable":true,"href":"https:\/\/www.europesays.com\/lv\/wp-json\/wp\/v2\/users\/2"}],"replies":[{"embeddable":true,"href":"https:\/\/www.europesays.com\/lv\/wp-json\/wp\/v2\/comments?post=88085"}],"version-history":[{"count":0,"href":"https:\/\/www.europesays.com\/lv\/wp-json\/wp\/v2\/posts\/88085\/revisions"}],"wp:featuredmedia":[{"embeddable":true,"href":"https:\/\/www.europesays.com\/lv\/wp-json\/wp\/v2\/media\/88086"}],"wp:attachment":[{"href":"https:\/\/www.europesays.com\/lv\/wp-json\/wp\/v2\/media?parent=88085"}],"wp:term":[{"taxonomy":"category","embeddable":true,"href":"https:\/\/www.europesays.com\/lv\/wp-json\/wp\/v2\/categories?post=88085"},{"taxonomy":"post_tag","embeddable":true,"href":"https:\/\/www.europesays.com\/lv\/wp-json\/wp\/v2\/tags?post=88085"}],"curies":[{"name":"wp","href":"https:\/\/api.w.org\/{rel}","templated":true}]}}