{"id":88089,"date":"2025-12-28T09:34:15","date_gmt":"2025-12-28T09:34:15","guid":{"rendered":"https:\/\/www.europesays.com\/lv\/88089\/"},"modified":"2025-12-28T09:34:15","modified_gmt":"2025-12-28T09:34:15","slug":"kapec-daudzam-gimenem-joprojam-jacinas-par-to-kas-ir-vitali-nepieciesams","status":"publish","type":"post","link":"https:\/\/www.europesays.com\/lv\/88089\/","title":{"rendered":"k\u0101p\u0113c daudz\u0101m \u0123imen\u0113m joproj\u0101m j\u0101c\u012bn\u0101s par to, kas ir vit\u0101li nepiecie\u0161ams"},"content":{"rendered":"<p>&#8220;Ja vienam b\u0113rnam sportam vajag botas, tad citam \u2013 citu rati\u0146kr\u0113slu vai ortozes,&#8221; saka Egija Bidi\u0146a, rehabilit\u0101cijas centra &#8220;Poga&#8221; valdes locekle un fizioterapeite, skaidrojot, k\u0101p\u0113c valsts tehnisko pal\u012bgl\u012bdzek\u013cu pakalpojumu sist\u0113ma nereti nesp\u0113j atbild\u0113t uz b\u0113rnu ar funkcion\u0101lajiem trauc\u0113jumiem re\u0101laj\u0101m vajadz\u012bb\u0101m. At\u0161\u0137ir\u012bb\u0101 no sporta apaviem \u0161\u0101di pal\u012bgl\u012bdzek\u013ci maks\u0101 t\u016bksto\u0161us, nevis desmitus eiro, un vec\u0101kiem to ieg\u0101de bie\u017ei k\u013c\u016bst par nep\u0101rtrauktu c\u012b\u0146u ar sist\u0113mu.<\/p>\n<p>Ar savu person\u012bgo pieredzi par to, k\u0101 normat\u012bvi noteikta pieeja saduras ar re\u0101l\u0101m vajadz\u012bb\u0101m, dal\u0101s 18 gadus vec\u0101s Annas Timofejevas mamma Evita, kura ar\u012b sagatavojusi divus b\u016btiskus jaut\u0101jumus Labkl\u0101j\u012bbas ministrijai par tehnisko pal\u012bgl\u012bdzek\u013cu pakalpojumu sist\u0113mas nepiln\u012bb\u0101m. <\/p>\n<p>Annas mammas st\u0101sts spilgti par\u0101da, k\u0101 pat pieejams valsts atbalsts var izr\u0101d\u012bties nepietiekams, ja sist\u0113ma nesp\u0113j b\u016bt elast\u012bga un individu\u0101li piel\u0101gota b\u0113rna funkcion\u0101laj\u0101m vajadz\u012bb\u0101m.<\/p>\n<p> &#8220;Vec\u0101kiem bie\u017ei sal\u016bst sp\u0101rni&#8230;&#8221;<\/p>\n<p class=\"MsoNormal\">&#8220;T\u0101 tas patie\u0161\u0101m ir \u2013 pal\u012bgl\u012bdzek\u013ci Latvij\u0101 bie\u017ei tiek skat\u012bti p\u0113c viena reglamenta, bet b\u0113rnu dz\u012bves ir \u013coti at\u0161\u0137ir\u012bgas,&#8221; nor\u0101da Egija Bidi\u0146a. Vi\u0146a skaidro, ka, piem\u0113ram, pils\u0113tvid\u0113 \u2013 uz asfalta un bru\u0123a \u2013 valsts noteiktie risin\u0101jumi nereti patie\u0161\u0101m ar\u012b str\u0101d\u0101, ta\u010du laukos tie k\u013c\u016bst nepiem\u0113roti. &#8220;Laukos ir vajadz\u012bgs pavisam cits rollators, citas ortozes, cita pieeja,&#8221; vi\u0146a uzsver. Tom\u0113r sist\u0113ma reti \u0146em v\u0113r\u0101 b\u0113rna re\u0101lo dz\u012bves vidi \u2013 vietu, kur vi\u0146\u0161 p\u0101rvietojas, m\u0101c\u0101s un aug. P\u0113c Bidi\u0146as teikt\u0101, probl\u0113ma sl\u0113pjas ne tikai finans\u0113jum\u0101, bet ar\u012b pieej\u0101.<\/p>\n<p class=\"MsoNormal\">&#8220;Ja p\u0113c valsts reglamenta kaut kas ir apmaks\u0101ts, bet b\u0113rnam vajag v\u0113l ko papildu, vec\u0101kiem j\u0101piemaks\u0101 pa\u0161iem. Un te bie\u017ei vien vi\u0146iem sal\u016bst sp\u0101rni,&#8221; saka Bidi\u0146a. Vi\u0146a uzsver, ka b\u0113rniem ar kust\u012bbu trauc\u0113jumiem pal\u012bgl\u012bdzek\u013ci nav luksuss vai izv\u0113le \u2013 tie ir pamats iesp\u0113jai dz\u012bvot pilnv\u0113rt\u012bgu dz\u012bvi. &#8220;Ja vienam b\u0113rnam sportam vajag botas, citam vajag citu rati\u0146kr\u0113slu vai ortozes,&#8221; vi\u0146a skaidro. Ta\u010du \u0161\u0101di risin\u0101jumi maks\u0101 t\u016bksto\u0161us.<\/p>\n<blockquote data-v-5420b0e6=\"\"\/>\n<p>Un nereti sist\u0113ma paredz tikai minimumu, piem\u0113ram, divus rati\u0146kr\u0113slus \u2013 skolai un m\u0101j\u0101m. &#8220;Ar k\u0101du rati\u0146kr\u0113slu tad b\u0113rns dz\u012bvos savu dz\u012bvi \u0101rpus \u0161iem r\u0101mjiem?&#8221; vi\u0146a jaut\u0101.<\/p>\n<p class=\"MsoNormal\">P\u0113c Bidi\u0146as dom\u0101m, pal\u012bgl\u012bdzek\u013cu nepiem\u0113rot\u012bba konkr\u0113tai videi un dz\u012bves situ\u0101cijai ir viens no iemesliem, k\u0101p\u0113c \u0123imenes, kur\u0101s aug b\u0113rns ar funkcion\u0101lajiem trauc\u0113jumiem, spiestas pamest laukus un p\u0101rcelties uz pils\u0113tu.<\/p>\n<p class=\"MsoNormal\">Ar\u012b &#8220;<a rel=\"noopener nofollow\" target=\"_blank\" href=\"https:\/\/www.delfi.lv\/temas\/37437099\/ziedotlv\" tag-id=\"37437099\">Ziedot.lv<\/a>&#8221; p\u0101rst\u0101ve Inese Danga apstiprina, ka nereti tiek v\u0101kti ziedojumi situ\u0101cij\u0101s, kad cilv\u0113kiem pie\u0161\u0137irtie tehniskie pal\u012bgl\u012bdzek\u013ci nav piem\u0113roti vi\u0146u individu\u0101laj\u0101m vajadz\u012bb\u0101m.<\/p>\n<p class=\"MsoNormal\">\u0160\u012b sist\u0113misk\u0101 probl\u0113ma, gan no cita skatpunkta, spilgti atkl\u0101jas ar\u012b Annas mammas st\u0101st\u012btaj\u0101.<\/p>\n<p>Annas pieredze \u2013 atbalsts ir, bet nav pietiekams<\/p>\n<p class=\"MsoNormal\">Anna Timofejeva ir 18 gadus veca jauniete ar cerebr\u0101lo trieku un smagiem funkcion\u0101lajiem trauc\u0113jumiem \u2013 vi\u0146a nevar pati staig\u0101t un p\u0101rvietoties, vi\u0146ai ir dzirdes un redzes probl\u0113mas, t\u0101p\u0113c ikdien\u0101 tiek izmantots dzirdes apar\u0101ts, brilles un acu komunikators. Liel\u0101k\u0101 da\u013ca Annai nepiecie\u0161amo tehnisko pal\u012bgl\u012bdzek\u013cu \u2013 rati, aktivit\u0101\u0161u kr\u0113sls, mobilais pac\u0113l\u0101js skol\u0101, speci\u0101lais autos\u0113deklis, individu\u0101li piel\u0101gota s\u0113d\u0113\u0161anas sist\u0113ma \u2013 ir valsts apmaks\u0101ti. Annas mamma Evita st\u0101sta, ka tas, neap\u0161aub\u0101mi, ir b\u016btisks atbalsts \u0123imenei, turkl\u0101t apliecina, ka sist\u0113m\u0101 notiek pozit\u012bvas p\u0101rmai\u0146as.<\/p>\n<p class=\"MsoNormal\">&#8220;Pozit\u012bvi ir tas, ka acu komunikators tagad ir iek\u013cauts valsts programm\u0101. Tas ir liels uzlabojums \u2013 b\u0113rni var to sa\u0146emt jau agr\u0101 vecum\u0101,&#8221; saka Evita. Agr\u0101k, k\u0101 tas bija ar\u012b Annas gad\u012bjum\u0101, \u0123imen\u0113m tas bija j\u0101ieg\u0101d\u0101jas par saviem l\u012bdzek\u013ciem vai ar ziedojumu pal\u012bdz\u012bbu. <\/p>\n<p class=\"MsoNormal\">T\u0101pat Anna bija viena no pirmaj\u0101m, kas sa\u0146\u0113ma valsts apmaks\u0101tu s\u0113d\u0113\u0161anas sist\u0113mu \u2013 ratu s\u0113dekli, kas ir piln\u012bb\u0101 piel\u0101gots vi\u0146as \u0137erme\u0146a form\u0101m. &#8220;B\u0113rnam, kas pats nes\u0113\u017e, t\u0101dam k\u0101 Anna, ir vajadz\u012bgs visa veida atbalsts s\u0113dekl\u012b \u2013 paaugstin\u0101tas malas, atbalsts starp k\u0101j\u0101m, lai vi\u0146a neizsl\u012bd\u0113tu. Tas bija \u013coti vajadz\u012bgs, un \u013coti labi, ka m\u0113s to var\u0113j\u0101m ar\u012b dab\u016bt. Bet, atkl\u0101ti run\u0101jot, tas bija nepiecie\u0161ams jau daudz agr\u0101k,&#8221; atz\u012bst mamma. \u0160\u0101das s\u0113d\u0113\u0161anas sist\u0113mas izmaksas ir aptuveni 6000 eiro, un t\u0101 tiek izgatavota individu\u0101li \u2013 p\u0113c konkr\u0113tiem m\u0113riem un ar specifisku tehnolo\u0123iju.<\/p>\n<p><img decoding=\"async\" itemprop=\"image\" src=\"https:\/\/www.europesays.com\/lv\/wp-content\/uploads\/2025\/12\/951fb1d9-5a18-4f49-9f38-ba1e54b72bbc.jpg\" title=\"&quot;Pal\u012bgl\u012bdzek\u013ci b\u0113rniem nav luksuss&quot;: k\u0101p\u0113c daudz\u0101m \u0123imen\u0113m joproj\u0101m j\u0101c\u012bn\u0101s par to, kas ir vit\u0101li nepiecie\u0161ams\" alt=\"&quot;Pal\u012bgl\u012bdzek\u013ci b\u0113rniem nav luksuss&quot;: k\u0101p\u0113c daudz\u0101m \u0123imen\u0113m joproj\u0101m j\u0101c\u012bn\u0101s par to, kas ir vit\u0101li nepiecie\u0161ams\" class=\"img-fluid w-100\" data-v-a1a92103=\"\"\/>Foto: Priv\u0101tais arh\u012bvsDivas b\u016btiskas probl\u0113mas sist\u0113m\u0101<\/p>\n<p class=\"MsoNormal\">Sarun\u0101 ar Annas mammu izkristaliz\u0113jas ar\u012b divas b\u016btiskas probl\u0113mas valsts tehnisko pal\u012bgl\u012bdzek\u013cu pakalpojumu sist\u0113m\u0101.<\/p>\n<p class=\"MsoNormal\">Pirmk\u0101rt, sist\u0113ma joproj\u0101m balst\u0101s uz ierobe\u017eotu, iepriek\u0161 defin\u0113tu pal\u012bgl\u012bdzek\u013cu sarakstu, kas nesp\u0113j rea\u0123\u0113t uz specifisk\u0101m un individu\u0101l\u0101m vajadz\u012bb\u0101m. Annai ir \u013coti izteikts musku\u013cu tonuss un nepatva\u013c\u012bgas kust\u012bbas (hiperkin\u0113ze), t\u0101p\u0113c vi\u0146a fiziski c\u012bn\u0101s ar statisko kr\u0113slu un regul\u0101ri salau\u017e kr\u0113sla k\u0101ju balstus. &#8220;Pat ja tie ir uzlaboti, izgatavoti no dzelzs ar stipr\u0101m skr\u016bv\u0113m, vi\u0146a sp\u0113j tos salauzt,&#8221; st\u0101sta mamma. Speci\u0101listi ir atzinu\u0161i, ka Annai b\u016btu nepiecie\u0161ams dinamiskais kr\u0113sls \u2013 pal\u012bgl\u012bdzeklis, kas kustas l\u012bdzi \u0137ermenim un kust\u012bb\u0101m, t\u0101d\u0113j\u0101di samazinot spriedzi, traumu risku un fizisku diskomfortu.<\/p>\n<p class=\"MsoNormal\">&#8220;Ta\u010du tas ir atkal kaut kas jauns, un \u0161\u012b taci\u0146a v\u0113l nav iestaig\u0101ta,&#8221; saka Evita. &#8220;Tas nav pal\u012bgl\u012bdzeklis, kas b\u016btu vajadz\u012bgs daudziem b\u0113rniem, \u2013 tas ir \u013coti specifisks un paredz\u0113ts konkr\u0113tiem funkcion\u0101lajiem trauc\u0113jumiem. Bet tas ir vajadz\u012bgs&#8230;&#8221; \u0160\u0101ds kr\u0113sls maks\u0101 10\u201312 t\u016bksto\u0161us eiro, kas iepretim \u0123imenes iesp\u0113j\u0101m ir nesam\u0113r\u012bga summa, un eso\u0161ais kompens\u0101cijas meh\u0101nisms \u0161\u0101dos gad\u012bjumos faktiski nedarbojas. Tas noz\u012bm\u0113, ka pat ar \u0101rstu kons\u012blija atzinumu b\u0113rns nevar sa\u0146emt sev medic\u012bniski nepiecie\u0161amu pal\u012bgl\u012bdzekli. &#8220;Ide\u0101l\u0101 variant\u0101 b\u016btu pan\u0101kt to, ka katram b\u0113rnam un jaunietim piemekl\u0113 tie\u0161i to, kas ir vajadz\u012bgs vi\u0146a funkcion\u0101lajiem trauc\u0113jumiem. Lai ir individualiz\u0113ta pieeja&#8230; Ja Annai b\u016btu \u0161\u0101ds kr\u0113sls, vi\u0146a taj\u0101 nemit\u012bgi nec\u012bn\u012btos, k\u0101 tas ir tagad. Kr\u0113sls kust\u0113tos vi\u0146ai l\u012bdzi un mazin\u0101tu musku\u013cu spriedzi,&#8221; skaidro mamma.<\/p>\n<p class=\"MsoNormal\">Vienlaikus Evita, protams, uzsver \u0123imenes l\u012bdzmaks\u0101juma pozit\u012bvo lomu. Kad Anna bija maza, \u0123imene var\u0113ja izv\u0113l\u0113ties tikai to, ko pied\u0101v\u0101ja valsts, un daudz kas vi\u0146ai neder\u0113ja, t\u0101p\u0113c pal\u012bgl\u012bdzek\u013ci bija j\u0101p\u0113rk par saviem l\u012bdzek\u013ciem. &#8220;Tagad valsts pie\u0161\u0137ir noteiktu summu konkr\u0113tai poz\u012bcijai un m\u0113s varam pa\u0161i izv\u0113l\u0113ties b\u0113rnam piem\u0113rot\u0101ko risin\u0101jumu, atrast izplat\u012bt\u0101ju, un valsts \u0161o summu atmaks\u0101,&#8221; st\u0101sta Evita. Bet, piem\u0113ram, dinamisko ratu glu\u017ei vienk\u0101r\u0161i nav \u0161aj\u0101 poz\u012bciju sarakst\u0101. &#8220;Ko tad dar\u012bt? Vai vec\u0101kiem j\u0101v\u0101cas kop\u0101, j\u0101raksta v\u0113stules? Vai ir iesp\u0113ja \u0161os gad\u012bjumus apl\u016bkot individu\u0101li?&#8221; vi\u0146a vaic\u0101. \u0160\u0101dus pal\u012bgl\u012bdzek\u013cus nevar piel\u012bdzin\u0101t parastajiem specializ\u0113tajiem ratiem, kuru cena ir 3\u20134 t\u016bksto\u0161i eiro, jo dinamiskie kr\u0113sli ir tr\u012bs l\u012bdz \u010detras reizes d\u0101rg\u0101ki. T\u0101p\u0113c ar\u012b kompens\u0101cijas meh\u0101nisms vairs nestr\u0101d\u0101.<\/p>\n<blockquote data-v-5420b0e6=\"\"\/>\n<p>Manupr\u0101t, k\u0101 jau min\u0113ju, \u0161eit b\u016btu vajadz\u012bga l\u012bdz\u012bga pieeja k\u0101 s\u0113d\u0113\u0161anas sist\u0113m\u0101m \u2013 speci\u0101lista atzinums, kons\u012blija l\u0113mums un tad n\u0101k\u0161ana mums pret\u012b.<\/p>\n<p>Evita Timofejeva<\/p>\n<p>Otrk\u0101rt, \u013coti nopietna probl\u0113ma rodas br\u012bd\u012b, kad b\u0113rnam paliek 18 gadi. Sist\u0113ma meh\u0101niski p\u0101rsl\u0113dzas no &#8220;b\u0113rna&#8221; uz &#8220;pieaugu\u0161\u0101&#8221; statusu, ne\u0146emot v\u0113r\u0101 jaunie\u0161a fizisko att\u012bst\u012bbu. Anna, lai ar\u012b pilngad\u012bga, ir maza auguma un smalka, un pieaugu\u0161o rati\u0146kr\u0113sli vi\u0146ai neder. T\u0101d\u0113j\u0101di veidojas absurda situ\u0101cija \u2013 b\u0113rnu pal\u012bgl\u012bdzek\u013ci vairs nav pieejami, bet pieaugu\u0161o pal\u012bgl\u012bdzek\u013ci nav funkcion\u0101li izmantojami. Sist\u0113ma ignor\u0113 faktu, ka daudzi jaunie\u0161i, piem\u0113ram, ar cerebr\u0101lo trieku, aug l\u0113n\u0101k, pubert\u0101te s\u0101kas v\u0113l\u0101k, un fizisk\u0101 att\u012bst\u012bba ne vienm\u0113r atbilst hronolo\u0123iskajam vecumam.<\/p>\n<p class=\"MsoNormal\">&#8220;T\u0101p\u0113c b\u016btu j\u0101paredz p\u0101rejas periods starp b\u0113rnu un pieaugu\u0161o pal\u012bgl\u012bdzek\u013ciem, nevis j\u0101noliek robe\u017ea k\u0101 ar nazi,&#8221; uzsver Evita. &#8220;Ir j\u0101\u0146em v\u0113r\u0101, ka jaunietis var ar\u012b vairs neaugt un palikt maza auguma.&#8221;<\/p>\n<blockquote data-v-5420b0e6=\"\"\/>\n<p>\u0160\u0101d\u0101 gad\u012bjum\u0101 pieaugu\u0161o rati\u0146kr\u0113sli nav piem\u0113rot\u0101kie, un, pat ja atrastos, pieaugu\u0161ajiem sist\u0113ma paredz tikai rati\u0146kr\u0113slus, kam\u0113r Annai ir vajadz\u012bgi ar\u012b b\u0113rnu rati un aktivit\u0101\u0161u kr\u0113sls.<\/p>\n<p>Evita Timofejeva<\/p>\n<p class=\"MsoNormal\">\u0160obr\u012bd daudzas \u0123imenes \u0161o probl\u0113mu risina neofici\u0101li jeb saviem sp\u0113kiem \u2013 apmainoties ar pal\u012bgl\u012bdzek\u013ciem sav\u0101 starp\u0101, p\u0113rkot tos par ziedojumiem vai vienk\u0101r\u0161i iztiekot ar teju neder\u012bgiem risin\u0101jumiem. T\u0101 nav valsts politika, bet gan izdz\u012bvo\u0161anas meh\u0101nisms. Annas gad\u012bjum\u0101 situ\u0101cija ir atrisin\u0101jusies, pateicoties labv\u0113l\u012bgai apst\u0101k\u013cu sakrit\u012bbai, nevis sist\u0113miskam risin\u0101jumam. Ta\u010du tas neatrisina probl\u0113mu simtiem citu b\u0113rnu un jaunie\u0161u ar l\u012bdz\u012bg\u0101m vajadz\u012bb\u0101m.<\/p>\n<p class=\"MsoNormal\">Evita atg\u0101dina, ka j\u0101atceras: viss specializ\u0113tais apr\u012bkojums ir \u013coti d\u0101rgs. &#8220;Speci\u0101lais autos\u0113deklis ar visu papildapr\u012bkojumu var izmaks\u0101t l\u012bdz pat 3000 eiro. Pat ar valsts l\u012bdzfinans\u0113jumu vec\u0101kiem ir j\u0101piemaks\u0101, un tas bie\u017ei vien nav pietiekami,&#8221; vi\u0146a saka. Vi\u0146aspr\u0101t, tehnisko pal\u012bgl\u012bdzek\u013cu sist\u0113mai j\u0101b\u016bt elast\u012bg\u0101kai, individu\u0101l\u0101kai un balst\u012btai b\u0113rna re\u0101laj\u0101s vajadz\u012bb\u0101s, nevis tikai form\u0101los krit\u0113rijos.<\/p>\n<p>Individu\u0101la pieeja un pal\u012bgl\u012bdzek\u013cu apmaksa \u0101rpus saraksta<\/p>\n<p class=\"MsoNormal\">Uz Annas mammas Evitas aktualiz\u0113tajiem jaut\u0101jumiem Labkl\u0101j\u012bbas ministrija (LM) sniedz skaidrojumus, kas r\u0101da \u2013 sist\u0113m\u0101 patie\u0161\u0101m top izmai\u0146as, ta\u010du t\u0101s v\u0113l nav piln\u012bb\u0101 atbilsto\u0161as praks\u0113 nov\u0113rotaj\u0101m vajadz\u012bb\u0101m.<\/p>\n<p class=\"MsoNormal\">LM Soci\u0101lo pakalpojumu un <a rel=\"noopener nofollow\" target=\"_blank\" href=\"https:\/\/www.delfi.lv\/temas\/44476046\/invaliditate\" tag-id=\"44476046\">invalidit\u0101tes<\/a> politikas departamenta vec\u0101k\u0101 eksperte Ineta Pik\u0161e skaidro, ka ministrija sadarb\u012bb\u0101 ar VSIA NRC &#8220;Vaivari&#8221; Tehnisko pal\u012bgl\u012bdzek\u013cu centru ir izstr\u0101d\u0101jusi groz\u012bjumus TPL nodro\u0161in\u0101\u0161anu regul\u0113jo\u0161ajos Ministru kabineta noteikumos (MK 21.12.2021. noteikumi Nr. 878 &#8220;Tehnisko pal\u012bgl\u012bdzek\u013cu noteikumi&#8221;), kas paredz r\u016bpnieciski izgatavotu TPL, kas nav iek\u013cauti valsts finans\u0113to TPL sarakst\u0101, nodro\u0161in\u0101\u0161anas k\u0101rt\u012bbu.<\/p>\n<p class=\"MsoNormal\">Atbilsto\u0161i groz\u012bjumu projektam sare\u017e\u0123\u012btu funkcion\u0113\u0161anas ierobe\u017eojumu gad\u012bjum\u0101 personas vajadz\u012bbas p\u0113c valsts finans\u0113tajiem TPL izv\u0113rt\u0113s VSIA NRC &#8220;Vaivari&#8221; Funkcion\u0113\u0161anas nov\u0113rt\u0113\u0161anas laboratorijas speci\u0101listi, veicot padzi\u013cin\u0101tu funkcion\u0113\u0161anas izv\u0113rt\u0113jumu. <\/p>\n<blockquote data-v-5420b0e6=\"\"\/>\n<p>Ja izv\u0113rt\u0113\u0161anas rezult\u0101t\u0101 speci\u0101listi konstat\u0113s, ka funkcion\u0113\u0161anas ierobe\u017eojumu mazin\u0101\u0161anai ir nepiecie\u0161ams paaugstin\u0101tas funkcionalit\u0101tes TPL, kura nav valsts sarakst\u0101, speci\u0101listi var personai ieteikt cita veida TPL un sagatavot attiec\u012bgu atzinumu par konkr\u0113t\u0101 TPL nepiecie\u0161am\u012bbu.<\/p>\n<p>Ineta Pik\u0161e<\/p>\n<p class=\"MsoNormal\">\u0160\u0101dos gad\u012bjumos persona var\u0113s ieg\u0101d\u0101ties nepiecie\u0161amo TPL ar valsts l\u012bdzmaks\u0101jumu. <\/p>\n<p class=\"MsoNormal\">Run\u0101jot par individualiz\u0113tu pal\u012bgl\u012bdzek\u013cu pieejam\u012bbu, ministrija nor\u0101da, ka jau teju desmit gadus iedz\u012bvot\u0101jiem ir iesp\u0113ja izv\u0113l\u0113ties paaugstin\u0101tas funkcionalit\u0101tes vai \u012bpa\u0161i apr\u012bkotus TPL ar l\u012bdzmaks\u0101jumu, tostarp ieg\u0101d\u0101joties tos ar\u012b cit\u0101s ES valst\u012bs. \u0160\u0101dos gad\u012bjumos persona izv\u0113las sev piem\u0113rot\u0101ko risin\u0101jumu, bet valsts nosaka kompens\u0113jamo summu. J\u0101nor\u0101da, ka vairum\u0101 gad\u012bjumu persona neiegulda savus l\u012bdzek\u013cus TPL ieg\u0101d\u0113, bet centra l\u0113mums par at\u013cauju ieg\u0101d\u0101ties TPL ar l\u012bdzmaks\u0101jumu kalpo k\u0101 garantijas v\u0113stule, ka pieg\u0101d\u0101t\u0101jam par TPL izsnieg\u0161anu tiks veikta samaksa. Ieg\u0101d\u0101ties TPL ar l\u012bdzmaks\u0101jumu izv\u0113las arvien liel\u0101ks TPL sa\u0146\u0113m\u0113ju skaits, tom\u0113r nav paredz\u0113ts piln\u012bb\u0101 aizst\u0101t TPL sa\u0146em\u0161anas k\u0101rt\u012bbu centr\u0101, jo daudzus TPL lietot\u0101jus, \u012bpa\u0161i seniorus, TPL sa\u0146em\u0161anas k\u0101rt\u012bba centr\u0101 apmierina.<\/p>\n<blockquote data-v-5420b0e6=\"\"\/>\n<p>Vienlaikus centrs regul\u0101ri v\u0113rt\u0113 kompens\u0113jam\u0101s cenas atbilst\u012bbu tirgus situ\u0101cijai un periodiski p\u0101rskata kompens\u0113jamo cenu apjomu. Piem\u0113ram, valsts kompens\u0113jam\u0101s cenas TPL, kas nav iek\u013cauti valsts finans\u0113to TPL sarakst\u0101, bet iek\u013caujas orto\u017eu grup\u0101, ir pieaugu\u0161as no 2500 eiro l\u012bdz 8500 eiro.<\/p>\n<p>Ineta Pik\u0161e<\/p>\n<p class=\"MsoNormal\">Valsts kompens\u0113s izdevumus atbilsto\u0161i VTPC veikt\u0101s tirgus izp\u0113tes ce\u013c\u0101 noteiktajam apm\u0113ram, bet ne vair\u0101k k\u0101 20 000 eiro apm\u0113r\u0101. <\/p>\n<p class=\"MsoNormal\">Ko tas noz\u012bm\u0113? Tas noz\u012bm\u0113, ka l\u012bdz \u0161im &#8220;neiesp\u0113jamie&#8221; gad\u012bjumi, piem\u0113ram, Evitas min\u0113tais dinamiskais kr\u0113sls Annai, var\u0113tu non\u0101kt pie re\u0101la risin\u0101juma. T\u0101 ir b\u016btiska sist\u0113mas att\u012bst\u012bba, kas tuvin\u0101s individualiz\u0113tai pieejai praks\u0113, ne tikai dokumentos.<\/p>\n<blockquote data-v-5420b0e6=\"\"\/>\n<p>Starp citu, individu\u0101li izgatavoti TPL, ja tie iek\u013caujas orto\u017eu grup\u0101, tiek nodro\u0161in\u0101ti jau \u0161obr\u012bd. Un t\u0101 ir ilgsto\u0161i past\u0101vo\u0161a prakse.<\/p>\n<p>Ineta Pik\u0161e<\/p>\n<p>P\u0101rejas periods p\u0113c 18 gadiem: ofici\u0101li nav<\/p>\n<p class=\"MsoNormal\">Otro Evitas  jaut\u0101jumu \u2013 vai jaunie\u0161iem ar funkcion\u0101lajiem trauc\u0113jumiem b\u016btu j\u0101paredz p\u0101rejas periods, kur\u0101 vi\u0146i turpin\u0101tu sa\u0146emt b\u0113rnu pal\u012bgl\u012bdzek\u013cus \u2013 ministrija koment\u0113 \u012bsi.<\/p>\n<p class=\"MsoNormal\">Labkl\u0101j\u012bbas ministrijas p\u0101rst\u0101ve nor\u0101da, ka TPL nodro\u0161in\u0101\u0161ana gan b\u0113rniem, gan pilngad\u012bg\u0101m person\u0101m tiek balst\u012bta uz personas individu\u0101lajiem antropometriskajiem datiem un funkcion\u0101laj\u0101m vajadz\u012bb\u0101m. Form\u0101la personas pieder\u012bba konkr\u0113tai vecuma grupai nav \u0161\u0137\u0113rslis piem\u0113rot\u0101k\u0101 TPL nodro\u0161in\u0101\u0161anai.<\/p>\n<p class=\"MsoNormal\">VTPC, izsniedzot TPL patapin\u0101jum\u0101, v\u0113rt\u0113 personas antropometriju (auguma izm\u0113rus) un nodro\u0161ina personu ar tai atbilsto\u0161\u0101ko TPL neatkar\u012bgi no t\u0101, vai tas ir b\u0113rns vai pieaugu\u0161ais. Gad\u012bjumos, kad centra r\u012bc\u012bb\u0101 eso\u0161ie TPL nav pieejami nepiecie\u0161amajos parametros, personai ir iesp\u0113ja ieg\u0101d\u0101ties atbilsto\u0161u TPL ar l\u012bdzmaks\u0101jumu, t.i., sa\u0146emot VTPC at\u013cauju par TPL ieg\u0101di ar l\u012bdzmaks\u0101jumu, cilv\u0113ks var ieg\u0101d\u0101ties TPL atbilsto\u0161i sav\u0101m v\u0113lm\u0113m un vajadz\u012bb\u0101m, tikai j\u0101r\u0113\u0137in\u0101s, ka valsts kompens\u0113s TPL atbilsto\u0161i VTPC \u0161\u0101dam TPL veidam noteiktam kompens\u0101cijas apm\u0113ram.<\/p>\n<blockquote data-v-5420b0e6=\"\"\/>\n<p>J\u0101nor\u0101da, ka atsevi\u0161\u0137i TPL, piem\u0113ram, b\u0113rnu aktivit\u0101\u0161u kr\u0113sls, pilngad\u012bg\u0101m person\u0101m netiek izsniegti, ta\u010du tos iesp\u0113jams aizst\u0101t ar citiem funkcion\u0101li alternat\u012bviem TPL, piem\u0113ram, s\u0113d\u0113\u0161anas sist\u0113m\u0101m. Vienlaikus b\u0113rni, kuri, sasniedzot pilngad\u012bbu, joproj\u0101m lieto agr\u0101k izsniegtos aktivit\u0101\u0161u kr\u0113slus, dr\u012bkst tos turpin\u0101t lietot.<\/p>\n<p>Ineta Pik\u0161e<\/p>\n<p class=\"MsoNormal\">TPL kl\u0101sts noteikt\u0101m personu grup\u0101m jau ticis papla\u0161in\u0101ts. Piem\u0113ram, ievie\u0161ot valsts apmaks\u0101to autos\u0113dekl\u012bti, tika secin\u0101ts, ka \u0161\u0101ds TPL nepiecie\u0161ams ar\u012b pilngad\u012bg\u0101m person\u0101m, t\u0101d\u0113j\u0101di \u0161obr\u012bd autos\u0113dekli var sa\u0146emt ar\u012b pieaugu\u0161ie.<\/p>\n<p class=\"MsoNormal\">L\u012bdz \u0161im nav konstat\u0113ta nepiecie\u0161am\u012bba virz\u012bt normat\u012bvaj\u0101 regul\u0113jum\u0101 groz\u012bjumus attiec\u012bb\u0101 uz citiem TPL, kas b\u016btu vajadz\u012bgi b\u0113rniem, sasniedzot pilngad\u012bbu. \u0160\u0101di priek\u0161likumi nav sa\u0146emti ne no TPL lietot\u0101jiem, ne profesion\u0101laj\u0101m organiz\u0101cij\u0101m vai \u0101rstniec\u012bbas person\u0101m. <\/p>\n<blockquote data-v-5420b0e6=\"\"\/>\n<p>Ja \u0161\u0101da nepiecie\u0161am\u012bba tiks konstat\u0113ta, Labkl\u0101j\u012bbas ministrija izv\u0113rt\u0113s iesp\u0113jamos groz\u012bjumus normat\u012bvaj\u0101 regul\u0113jum\u0101.<\/p>\n<p>Ineta Pik\u0161e<\/p>\n<p>Vides pieejam\u012bba<\/p>\n<p class=\"MsoNormal\">Savuk\u0101rt koment\u0113jot probl\u0113mu, ko raksta s\u0101kum\u0101 izc\u0113la Egija Bidi\u0146a, proti, ka pal\u012bgl\u012bdzek\u013cu nepiem\u0113rot\u012bba konkr\u0113tai videi un dz\u012bves situ\u0101cijai ir viens no iemesliem, k\u0101p\u0113c \u0123imenes, kur\u0101s aug b\u0113rns ar funkcion\u0101lajiem trauc\u0113jumiem, spiestas pamest laukus un p\u0101rcelties uz pils\u0113tu, Labkl\u0101j\u012bbas ministrija nor\u0101da, ka, izsniedzot vienk\u0101r\u0161us TPL, vides piek\u013c\u016bstam\u012bba patiesi netiek v\u0113rt\u0113ta, savuk\u0101rt, ja tiek izsniegti sare\u017e\u0123\u012bti un d\u0101rgi TPL, piem\u0113ram, elektropiedzi\u0146as rite\u0146kr\u0113sls vai skrejritenis, centra speci\u0101lists izv\u0113rt\u0113 vides aspektus, t.i., vai TPL b\u016bs iesp\u0113jams dro\u0161i uzglab\u0101t, uzl\u0101d\u0113t u. tml.<\/p>\n<p>Nosl\u0113gum\u0101<\/p>\n<p class=\"MsoNormal\">Finans\u0113jums TPL nodro\u0161in\u0101\u0161anai p\u0113d\u0113jos gados pieaudzis: ja 2020. gad\u0101 \u0161im m\u0113r\u0137im tika izlietoti apm\u0113ram 7,9 miljoni eiro, tad 2024. gad\u0101 \u2013 jau 11,7 miljoni eiro. Tom\u0113r piepras\u012bjums turpina augt, un valsts finans\u0113jums to nesp\u0113j piln\u012bb\u0101 nosegt, t\u0101d\u0113\u013c veidojas rindas.<\/p>\n<p class=\"MsoNormal\">Vienlaikus Labkl\u0101j\u012bbas ministrijas sniegtie koment\u0101ri iez\u012bm\u0113 b\u016btisku soli uz priek\u0161u \u2013 sist\u0113ma paredz individualiz\u0113tus risin\u0101jumus un sola pla\u0161\u0101k kompens\u0113t ar\u012b t\u0101dus pal\u012bgl\u012bdzek\u013cus, kas valsts sarakst\u0101 v\u0113l nav iek\u013cauti. Ta\u010du otr\u0101 probl\u0113ma \u2013 pilngad\u012bbas sasnieg\u0161ana k\u0101 na\u017ea grieziens \u2013 joproj\u0101m paliek neatrisin\u0101ta. Teor\u0113tiski valsts sola elast\u012bbu, ta\u010du \u0123ime\u0146u pieredzes st\u0101sti r\u0101da, ka praks\u0113 daudzi jaunie\u0161i paliek \u0101rpus &#8220;sist\u0113mas&#8221;. Vec\u0101ki, protams, var cer\u0113t, ka Evitas aktualiz\u0113tie jaut\u0101jumi k\u013c\u016bs par pamatu ar\u012b \u0161\u012bs plaisas aizpild\u012b\u0161anai.<\/p>\n<p class=\"MsoNormal\">Projektu &#8220;<a rel=\"noopener nofollow\" target=\"_blank\" href=\"https:\/\/www.delfi.lv\/temas\/50872475\/stiprini-stipros\" tag-id=\"50872475\">Stiprini stipros<\/a>&#8221; finans\u0113 Mediju atbalsta fonds no Latvijas valsts bud\u017eeta l\u012bdzek\u013ciem. Par projekta saturu atbild &#8220;Delfi&#8221;. #SIF_MAF2025<\/p>\n<p class=\"m-0\">Seko &#8220;Delfi&#8221; ar\u012b  <a target=\"_blank\" href=\"https:\/\/www.instagram.com\/delfi.lv\/\" rel=\"nofollow noopener\">Instagram<\/a>  un <a target=\"_blank\" href=\"https:\/\/www.youtube.com\/channel\/UCw5foWtcJvAbUm64rv7jwUQ\" rel=\"nofollow noopener\">YouTube<\/a>  profil\u0101 \u2013 pievienojies, lai uzzin\u0101tu svar\u012bg\u0101ko un interesant\u0101ko pirmais!<\/p>\n<p>Publik\u0101cijas saturs vai t\u0101s jebk\u0101da apjoma da\u013ca ir aizsarg\u0101ts autorties\u012bbu objekts Autorties\u012bbu likuma izpratn\u0113, un t\u0101 izmanto\u0161ana bez izdev\u0113ja at\u013caujas ir aizliegta. Vair\u0101k lasi  <a target=\"_blank\" href=\"https:\/\/www.delfi.lv\/noteikumi#autortiesibas\" rel=\"nofollow noopener\">\u0161eit<\/a><script async src=\"\/\/www.instagram.com\/embed.js\"><\/script><\/p>\n","protected":false},"excerpt":{"rendered":"&#8220;Ja vienam b\u0113rnam sportam vajag botas, tad citam \u2013 citu rati\u0146kr\u0113slu vai ortozes,&#8221; saka Egija Bidi\u0146a, rehabilit\u0101cijas centra&hellip;\n","protected":false},"author":2,"featured_media":88090,"comment_status":"","ping_status":"","sticky":false,"template":"","format":"standard","meta":{"footnotes":""},"categories":[5],"tags":[23,28,29,32,33,22,22436,30,31,35,39,38,36,37,34,40,20,2154,26,27,14808,24,25,22437,787,3198,21],"class_list":{"0":"post-88089","1":"post","2":"type-post","3":"status-publish","4":"format-standard","5":"has-post-thumbnail","7":"category-aktualitates","8":"tag-aktualitates","9":"tag-breaking-news","10":"tag-breakingnews","11":"tag-featured-news","12":"tag-featurednews","13":"tag-headlines","14":"tag-invaliditate","15":"tag-latest-news","16":"tag-latestnews","17":"tag-latvia","18":"tag-latvian","19":"tag-latviesu","20":"tag-latviesu-valoda","21":"tag-latviesuvaloda","22":"tag-latvija","23":"tag-lv","24":"tag-news","25":"tag-pacientu-tiesibas","26":"tag-popularakas-zinas","27":"tag-popularakaszinas","28":"tag-stiprini-stipros","29":"tag-top-stories","30":"tag-topstories","31":"tag-valsts-apmaksati-veselibas-aprupes-pakalpojumi","32":"tag-veselibas-aprupe","33":"tag-ziedot-lv","34":"tag-zinas"},"share_on_mastodon":{"url":"https:\/\/pubeurope.com\/@lv\/115796513169294910","error":""},"_links":{"self":[{"href":"https:\/\/www.europesays.com\/lv\/wp-json\/wp\/v2\/posts\/88089","targetHints":{"allow":["GET"]}}],"collection":[{"href":"https:\/\/www.europesays.com\/lv\/wp-json\/wp\/v2\/posts"}],"about":[{"href":"https:\/\/www.europesays.com\/lv\/wp-json\/wp\/v2\/types\/post"}],"author":[{"embeddable":true,"href":"https:\/\/www.europesays.com\/lv\/wp-json\/wp\/v2\/users\/2"}],"replies":[{"embeddable":true,"href":"https:\/\/www.europesays.com\/lv\/wp-json\/wp\/v2\/comments?post=88089"}],"version-history":[{"count":0,"href":"https:\/\/www.europesays.com\/lv\/wp-json\/wp\/v2\/posts\/88089\/revisions"}],"wp:featuredmedia":[{"embeddable":true,"href":"https:\/\/www.europesays.com\/lv\/wp-json\/wp\/v2\/media\/88090"}],"wp:attachment":[{"href":"https:\/\/www.europesays.com\/lv\/wp-json\/wp\/v2\/media?parent=88089"}],"wp:term":[{"taxonomy":"category","embeddable":true,"href":"https:\/\/www.europesays.com\/lv\/wp-json\/wp\/v2\/categories?post=88089"},{"taxonomy":"post_tag","embeddable":true,"href":"https:\/\/www.europesays.com\/lv\/wp-json\/wp\/v2\/tags?post=88089"}],"curies":[{"name":"wp","href":"https:\/\/api.w.org\/{rel}","templated":true}]}}