{"id":88095,"date":"2025-12-28T09:39:14","date_gmt":"2025-12-28T09:39:14","guid":{"rendered":"https:\/\/www.europesays.com\/lv\/88095\/"},"modified":"2025-12-28T09:39:14","modified_gmt":"2025-12-28T09:39:14","slug":"svetdien-saule-uzlekusi-visvelak-saja-gada-1188-lv","status":"publish","type":"post","link":"https:\/\/www.europesays.com\/lv\/88095\/","title":{"rendered":"Sv\u0113tdien saule uzl\u0113kusi visv\u0113l\u0101k \u0161aj\u0101 gad\u0101 &#8211; 1188.lv"},"content":{"rendered":"<ol>\n<li><a href=\"https:\/\/news.google.com\/rss\/articles\/CBMiggFBVV95cUxPVzBDWG44bTZEM1VNUVhXUEpQTzJvcHIycnptYnRrYjZCNnBTQ0hNT3ZUeEF0UThKSDdwRExMRWU2RW04N0dVenlaQldPUVNKY0xyQ2FIN0RRNnRsTHJQaXZ6UDMwS2twaUVxLXlGcTZyN0dKd1ItTFdydGY5TDBVUG9R?oc=5\" target=\"_blank\" rel=\"nofollow noopener\">Sv\u0113tdien saule uzl\u0113kusi visv\u0113l\u0101k \u0161aj\u0101 gad\u0101<\/a>&nbsp;&nbsp;1188.lv<\/li>\n<li><a href=\"https:\/\/news.google.com\/rss\/articles\/CBMiiwFBVV95cUxPWE1uN0FyeFcwejBOX0h1dVVhZHE4OS0ycXBwTVV0TFk0Nl9LMXhHWC1tbm1BTk1Ya2R3aE9UdWZQaFRPWVdBa3VZSzlXMVJvZXVQYmsxb3o1VWpVeHF5T05UR3hVLTVSaC0yTjdSTVpVZXktSTg2OEViVG9SdEZkbUV6Z2ZZRUFYYTI0?oc=5\" target=\"_blank\" rel=\"nofollow noopener\">Sv\u0113tdien b\u016bs gada v\u0113l\u0101kais saull\u0113kts. Cikos leks saule?<\/a>&nbsp;&nbsp;Apollo.lv<\/li>\n<li><a href=\"https:\/\/news.google.com\/rss\/articles\/CBMiyAFBVV95cUxNcjlsSHNGaksxdDY4alh4TFRkSUh3VHBGdXNaSmZoSTBQaTFZMUt0YWFHX0hpbnFNQm5ZZmtlY1p6ZEhDWXUzZ3QwbGpVQ2hMbnF2NllkdmJKeXlfMzFrQjg3Ulpfb1U5endzVnMtM3NrUXJnd1lfcEFQaEJObUJLSVZiY2l2Zy1sU0NaOUllTTZ5MVotcUFiLUpaUmhUc3lZVXlXRXk0d3o5MVVZaXJncG9uczJabl82SlI4ZFFVMTBzdE5PVDdRNA?oc=5\" target=\"_blank\" rel=\"nofollow noopener\">K\u0101p\u0113c 21. decembris ir gada \u012bs\u0101k\u0101 diena un ziemas s\u0101kums: dr\u012bz saules gaisma k\u013c\u016bs gar\u0101ka<\/a>&nbsp;&nbsp;Lente.lv<\/li>\n<li><a href=\"https:\/\/news.google.com\/rss\/articles\/CBMi3gFBVV95cUxORXRkU0p5bVB6OU1DVkRyaEFqX2VmeW83YXdiWnFwMzBPM1E4UkZ2cnlkQ05VV0VCcXFjNHRiemVvZEJsT0V2RTVzWjd4R2M2bm9PcDBONFI0dDl1VG1rcjlOWVJ2bHZLZlE1VkZ2YUVQbkdDUmxJZjlZMDh6X3hBelAxUzZRN2dfU2dfNUwycVA2SWJxVHpZNFNTMENaMk9QV3h2VVZKNXNOUkROVjMzSW1Vb2RuZ1BPT3lwcU9ldXAyQXFlWm9hcWhibll0UXEzUFV4RVdTUjhnY1JCT1E?oc=5\" target=\"_blank\" rel=\"nofollow noopener\">Latvij\u0101 ir 57 personas ar uzv\u0101rdu Saulgriezis; Bausk\u0101 popul\u0101r\u0101kie &#8211; so\u013cot\u0101ji Ilm\u0101rs un Raivo Saulgrie\u017ei<\/a>&nbsp;&nbsp;BauskasDzive.lv<\/li>\n<li><a href=\"https:\/\/news.google.com\/rss\/articles\/CBMidkFVX3lxTE1IX2dGbENkTGFJLUhHb2dSR3IyN3piSnFKQlR6STA5UFhfU3F3V2QwbWtwSkRYVlZEUno1T1hIZnVzbjM0VklVOVhxaVhUd0JyMGtOR0ZSUlE1Z01QbW1UdFFSbUlFdkNjazJ0S0taUjBLRmpZcnc?oc=5\" target=\"_blank\" rel=\"nofollow noopener\">Latvij\u0101 s\u0101kusies astronomisk\u0101 ziema<\/a>&nbsp;&nbsp;1188.lv<\/li>\n<\/ol>\n","protected":false},"excerpt":{"rendered":"Sv\u0113tdien saule uzl\u0113kusi visv\u0113l\u0101k \u0161aj\u0101 gad\u0101&nbsp;&nbsp;1188.lv Sv\u0113tdien b\u016bs gada v\u0113l\u0101kais saull\u0113kts. Cikos leks saule?&nbsp;&nbsp;Apollo.lv K\u0101p\u0113c 21. decembris ir&hellip;\n","protected":false},"author":2,"featured_media":88096,"comment_status":"","ping_status":"","sticky":false,"template":"","format":"standard","meta":{"footnotes":""},"categories":[12],"tags":[129,1395,23,28,29,32,33,22,30,31,35,39,38,36,37,34,40,20,26,27,3179,3180,24,25,21],"class_list":{"0":"post-88095","1":"post","2":"type-post","3":"status-publish","4":"format-standard","5":"has-post-thumbnail","7":"category-latvija","8":"tag-__typenameadvicekeyword","9":"tag-id408","10":"tag-aktualitates","11":"tag-breaking-news","12":"tag-breakingnews","13":"tag-featured-news","14":"tag-featurednews","15":"tag-headlines","16":"tag-latest-news","17":"tag-latestnews","18":"tag-latvia","19":"tag-latvian","20":"tag-latviesu","21":"tag-latviesu-valoda","22":"tag-latviesuvaloda","23":"tag-latvija","24":"tag-lv","25":"tag-news","26":"tag-popularakas-zinas","27":"tag-popularakaszinas","28":"tag-slugweather","29":"tag-titleweather","30":"tag-top-stories","31":"tag-topstories","32":"tag-zinas"},"share_on_mastodon":{"url":"https:\/\/pubeurope.com\/@lv\/115796532505947449","error":""},"_links":{"self":[{"href":"https:\/\/www.europesays.com\/lv\/wp-json\/wp\/v2\/posts\/88095","targetHints":{"allow":["GET"]}}],"collection":[{"href":"https:\/\/www.europesays.com\/lv\/wp-json\/wp\/v2\/posts"}],"about":[{"href":"https:\/\/www.europesays.com\/lv\/wp-json\/wp\/v2\/types\/post"}],"author":[{"embeddable":true,"href":"https:\/\/www.europesays.com\/lv\/wp-json\/wp\/v2\/users\/2"}],"replies":[{"embeddable":true,"href":"https:\/\/www.europesays.com\/lv\/wp-json\/wp\/v2\/comments?post=88095"}],"version-history":[{"count":0,"href":"https:\/\/www.europesays.com\/lv\/wp-json\/wp\/v2\/posts\/88095\/revisions"}],"wp:featuredmedia":[{"embeddable":true,"href":"https:\/\/www.europesays.com\/lv\/wp-json\/wp\/v2\/media\/88096"}],"wp:attachment":[{"href":"https:\/\/www.europesays.com\/lv\/wp-json\/wp\/v2\/media?parent=88095"}],"wp:term":[{"taxonomy":"category","embeddable":true,"href":"https:\/\/www.europesays.com\/lv\/wp-json\/wp\/v2\/categories?post=88095"},{"taxonomy":"post_tag","embeddable":true,"href":"https:\/\/www.europesays.com\/lv\/wp-json\/wp\/v2\/tags?post=88095"}],"curies":[{"name":"wp","href":"https:\/\/api.w.org\/{rel}","templated":true}]}}