{"id":88103,"date":"2025-12-28T10:02:08","date_gmt":"2025-12-28T10:02:08","guid":{"rendered":"https:\/\/www.europesays.com\/lv\/88103\/"},"modified":"2025-12-28T10:02:08","modified_gmt":"2025-12-28T10:02:08","slug":"aija-strautmane-valsts-iestazu-darbinieku-premesanu-salidzina-ar-padomju-laikiem","status":"publish","type":"post","link":"https:\/\/www.europesays.com\/lv\/88103\/","title":{"rendered":"Aija Strautmane valsts iest\u0101\u017eu darbinieku pr\u0113m\u0113\u0161anu sal\u012bdzina ar padomju laikiem"},"content":{"rendered":"<p class=\"descr\">T\u0101 ir k\u0101 13. alga, kas bija padomju laik\u0101, t\u0101 par pr\u0113mij\u0101m un d\u0101van\u0101m valsts iest\u0101\u017eu darbiniekiem TV24 diskusij\u0101 \u201cPreses klubs\u201d sac\u012bja eti\u0137etes un protokola konsultante Aija Strautmane.<\/p>\n<p>Balvas, piemaksas un pr\u0113mijas gada beig\u0101s A. Strautmanei atg\u0101dina 13. algu padomju laik\u0101. \u0160obr\u012bd to t\u0101 vairs nesauc, bet d\u0113v\u0113 par balv\u0101m, d\u0101van\u0101m utt.<\/p>\n<p>A. Strautmane uzskata, ka, piem\u0113ram, diplom\u0101tiem nav tik \u201ctra\u0123isks\u201d darba re\u017e\u012bms, ja vien vi\u0146i neatrodas Ukrain\u0101, Izra\u0113l\u0101 vai citos smagos punktos, un tad var\u0113tu b\u016bt, ka \u0161ie diplom\u0101ti ko sa\u0146em, bet cit\u0101di &#8211; noteikti n\u0113.<\/p>\n<p>\t\t\t\t\t\tinfo<\/p>\n<p>Uzzini pirmais<br \/>kas interesants noticis Latvij\u0101 un pasaul\u0113,<br \/>pievienojoties mums <a href=\"https:\/\/t.me\/neatkariga\" rel=\"nofollow\">Telegram<\/a> vai <a href=\"https:\/\/whatsapp.com\/channel\/0029VaMLFUH5K3zLU5s4wm3y\" rel=\"nofollow noopener\" target=\"_blank\">Whatsapp<\/a> kan\u0101l\u0101<\/p>\n","protected":false},"excerpt":{"rendered":"T\u0101 ir k\u0101 13. alga, kas bija padomju laik\u0101, t\u0101 par pr\u0113mij\u0101m un d\u0101van\u0101m valsts iest\u0101\u017eu darbiniekiem TV24&hellip;\n","protected":false},"author":2,"featured_media":88104,"comment_status":"","ping_status":"","sticky":false,"template":"","format":"standard","meta":{"footnotes":""},"categories":[14],"tags":[23,57,28,29,32,33,22,30,31,35,39,38,36,37,34,40,20,26,27,24,25,54,55,56,21,58],"class_list":{"0":"post-88103","1":"post","2":"type-post","3":"status-publish","4":"format-standard","5":"has-post-thumbnail","7":"category-zinas-no-arvalstim","8":"tag-aktualitates","9":"tag-arvalstim","10":"tag-breaking-news","11":"tag-breakingnews","12":"tag-featured-news","13":"tag-featurednews","14":"tag-headlines","15":"tag-latest-news","16":"tag-latestnews","17":"tag-latvia","18":"tag-latvian","19":"tag-latviesu","20":"tag-latviesu-valoda","21":"tag-latviesuvaloda","22":"tag-latvija","23":"tag-lv","24":"tag-news","25":"tag-popularakas-zinas","26":"tag-popularakaszinas","27":"tag-top-stories","28":"tag-topstories","29":"tag-world","30":"tag-world-news","31":"tag-worldnews","32":"tag-zinas","33":"tag-zinas-no-arvalstim"},"share_on_mastodon":{"url":"https:\/\/pubeurope.com\/@lv\/115796622866243720","error":""},"_links":{"self":[{"href":"https:\/\/www.europesays.com\/lv\/wp-json\/wp\/v2\/posts\/88103","targetHints":{"allow":["GET"]}}],"collection":[{"href":"https:\/\/www.europesays.com\/lv\/wp-json\/wp\/v2\/posts"}],"about":[{"href":"https:\/\/www.europesays.com\/lv\/wp-json\/wp\/v2\/types\/post"}],"author":[{"embeddable":true,"href":"https:\/\/www.europesays.com\/lv\/wp-json\/wp\/v2\/users\/2"}],"replies":[{"embeddable":true,"href":"https:\/\/www.europesays.com\/lv\/wp-json\/wp\/v2\/comments?post=88103"}],"version-history":[{"count":0,"href":"https:\/\/www.europesays.com\/lv\/wp-json\/wp\/v2\/posts\/88103\/revisions"}],"wp:featuredmedia":[{"embeddable":true,"href":"https:\/\/www.europesays.com\/lv\/wp-json\/wp\/v2\/media\/88104"}],"wp:attachment":[{"href":"https:\/\/www.europesays.com\/lv\/wp-json\/wp\/v2\/media?parent=88103"}],"wp:term":[{"taxonomy":"category","embeddable":true,"href":"https:\/\/www.europesays.com\/lv\/wp-json\/wp\/v2\/categories?post=88103"},{"taxonomy":"post_tag","embeddable":true,"href":"https:\/\/www.europesays.com\/lv\/wp-json\/wp\/v2\/tags?post=88103"}],"curies":[{"name":"wp","href":"https:\/\/api.w.org\/{rel}","templated":true}]}}