{"id":88135,"date":"2025-12-28T10:47:08","date_gmt":"2025-12-28T10:47:08","guid":{"rendered":"https:\/\/www.europesays.com\/lv\/88135\/"},"modified":"2025-12-28T10:47:08","modified_gmt":"2025-12-28T10:47:08","slug":"izdots-jauns-raimonda-paula-dzeza-svita-veltijums-gunaram-rozenbergam-lente-lv","status":"publish","type":"post","link":"https:\/\/www.europesays.com\/lv\/88135\/","title":{"rendered":"Izdots jauns Raimonda Paula d\u017eeza sv\u012bta \u2013 velt\u012bjums Gun\u0101ram Rozenbergam\u00a0\u2014\u00a0Lente.lv"},"content":{"rendered":"<p>Jaunums d\u017eeza pasaul\u0113: Raimonda Paula sv\u012bta &#8220;Acumirk\u013ci&#8221;<\/p>\n<p>D\u017eeza m\u016bzikas izdevniec\u012bbas &#8220;Jersika Records&#8221; pasp\u0101rn\u0113 ir izdots jauns, gaid\u012bts m\u016bzikas albums \u2013 &#8220;Acumirk\u013ci&#8221;. Tas ir Maestro Raimonda Paula jaunrad\u012bts d\u017eeza ska\u0146darbu kopums, ko atska\u0146ojis Latvijas Radio bigbends. \u0160\u012b ska\u0146uplate ir apliecin\u0101jums Paula nep\u0101rejo\u0161ajai rado\u0161ajai ener\u0123ijai un vi\u0146a dzi\u013cajai saiknei ar d\u017eeza \u017eanru.<\/p>\n<p>\u0160\u012b jaun\u0101 d\u017eeza sv\u012bta piec\u0101s da\u013c\u0101s ir \u012bpa\u0161a ar savu velt\u012bjumu. T\u0101 velt\u012bta le\u0123end\u0101rajai Latvijas d\u017eeza person\u012bbai, izcilajam trompetistam un aran\u017e\u0113t\u0101jam Gun\u0101ram Rozenbergam. \u0160\u012b izv\u0113le ir ne tikai cie\u0146as apliecin\u0101jums Rozenberga ieguld\u012bjumam Latvijas d\u017eeza att\u012bst\u012bb\u0101, bet ar\u012b Maestro pa\u0161a siltaj\u0101m atmi\u0146\u0101m par abu m\u016bzi\u0137u cie\u0161o sadarb\u012bbu un kop\u012bgiem darba gadiem. Sv\u012bta atspogu\u013co 60. gadu est\u0113tiku, laikmetu, kad Raimonds Pauls akt\u012bvi sevi pieteica k\u0101 pianists un komponists.<\/p>\n<p>Sadarb\u012bba un aran\u017e\u0113juma meistar\u012bba<\/p>\n<p>Projekta realiz\u0101cij\u0101 noz\u012bm\u012bga loma ir Latvijas Radio bigbenda m\u0101kslinieciskajam vad\u012bt\u0101jam un diri\u0123entam, saksofonistam K\u0101rlim Vanagam. Vi\u0146\u0161 uz\u0146\u0113mies sv\u012btas aran\u017e\u0113\u0161anu bigbendam, kas demonstr\u0113 cie\u0161u rado\u0161u siner\u0123iju starp komponistu un or\u0137estri. Maestro Pauls par ierakstu atkl\u0101jis person\u012bgu gandar\u012bjumu, uzsverot, ka tas \u013c\u0101vis vi\u0146am atkal piev\u0113rsties d\u017eeza klavieru sp\u0113lei, kurai iepriek\u0161 nereti nepietika laika. Vi\u0146apr\u0101t, plate skan &#8220;dz\u012bvi&#8221; un kvalitat\u012bvi.<\/p>\n<p>K\u0101rlis Vanags paudis prieku par iesp\u0113ju b\u016bt da\u013cai no \u0161\u012b projekta, atz\u012bm\u0113jot Maestro rado\u0161umu d\u017eeza \u017eanr\u0101 un iesp\u0113ju piedz\u012bvot \u0161o rado\u0161o procesu kop\u0101 ar bigbendu.<\/p>\n<p>Ieraksta process un vizu\u0101l\u0101 identit\u0101te<\/p>\n<p>Albuma ieraksts tika veikts 2025. gada mart\u0101 gan Latvijas Radio bigbenda studij\u0101, gan ar\u012b Maestro m\u0101j\u0101s R\u012bg\u0101. Ska\u0146u re\u017eijas vad\u012bbu uz\u0146\u0113m\u0101s K\u0101rlis Vanags. Ska\u0146uplates vizu\u0101lajam noform\u0113jumam izmantotas Andreja Strokina fotogr\u0101fijas, bet dizainu veidoju\u0161i br\u0101\u013ci Mareks un Edgars Ameriki.<\/p>\n<p>Pieejam\u012bba un turpm\u0101kie pl\u0101ni<\/p>\n<p>Jaun\u0101 ska\u0146uplate &#8220;Acumirk\u013ci&#8221; ir pieejama pla\u0161am klaus\u012bt\u0101ju lokam gan fizisk\u0101, gan digit\u0101l\u0101 form\u0101t\u0101. Vinila plati var ieg\u0101d\u0101ties m\u016bzikas veikalos, k\u0101 ar\u012b tie\u0161saist\u0113 &#8220;Jersika Records&#8221; m\u0101jaslap\u0101 vai &#8220;Bandcamp&#8221; platform\u0101. Albumu iesp\u0113jams noklaus\u012bties ar\u012b popul\u0101r\u0101kaj\u0101s straum\u0113\u0161anas platform\u0101s, piem\u0113ram, &#8220;Spotify&#8221;, kur katra no piec\u0101m sv\u012btas da\u013c\u0101m ir pieejama atsevi\u0161\u0137i.<\/p>\n<p>Ska\u0146uplates prezent\u0101cijas koncerts pl\u0101nots 2026. gada 19. febru\u0101r\u012b Sp\u012b\u0137eru koncertz\u0101l\u0113, sniedzot klaus\u012bt\u0101jiem iesp\u0113ju baud\u012bt sv\u012btu dz\u012bvaj\u0101 izpild\u012bjum\u0101.<\/p>\n<p>Raimonda Paula d\u017eeza mantojums<\/p>\n<p>\u0160is jaunais d\u017eeza opuss seko citiem noz\u012bm\u012bgiem notikumiem Maestro d\u017eeza karjer\u0101. &#8220;Jersika Records&#8221; jau iepriek\u0161 ir izdevis vi\u0146a pag\u0101ju\u0161\u0101 gadsimta se\u0161desmitajos gados kompon\u0113t\u0101s, s\u0101kotn\u0113ji nepublic\u0113t\u0101s d\u017eeza sv\u012btas, kas guvu\u0161as iev\u0113rojamu atzin\u012bbu ar\u012b starptautiski. &#8220;Acumirk\u013ci&#8221; apliecina, ka Paula rado\u0161ais potenci\u0101ls d\u017eeza \u017eanr\u0101 ir ne tikai mantojums, bet ar\u012b dz\u012bvs un aktu\u0101ls ar\u012b m\u016bsdien\u0101s.<\/p>\n","protected":false},"excerpt":{"rendered":"Jaunums d\u017eeza pasaul\u0113: Raimonda Paula sv\u012bta &#8220;Acumirk\u013ci&#8221; D\u017eeza m\u016bzikas izdevniec\u012bbas &#8220;Jersika Records&#8221; pasp\u0101rn\u0113 ir izdots jauns, gaid\u012bts m\u016bzikas&hellip;\n","protected":false},"author":2,"featured_media":88136,"comment_status":"","ping_status":"","sticky":false,"template":"","format":"standard","meta":{"footnotes":""},"categories":[19],"tags":[20227,89,13113,90,20229,35,39,38,36,37,34,12650,40,2672],"class_list":{"0":"post-88135","1":"post","2":"type-post","3":"status-publish","4":"format-standard","5":"has-post-thumbnail","7":"category-izklaide","8":"tag-acumirkli","9":"tag-entertainment","10":"tag-gunars-rozenbergs","11":"tag-izklaide","12":"tag-jersika-records","13":"tag-latvia","14":"tag-latvian","15":"tag-latviesu","16":"tag-latviesu-valoda","17":"tag-latviesuvaloda","18":"tag-latvija","19":"tag-latvijas-radio-bigbends","20":"tag-lv","21":"tag-raimonds-pauls"},"share_on_mastodon":{"url":"https:\/\/pubeurope.com\/@lv\/115796799881591360","error":""},"_links":{"self":[{"href":"https:\/\/www.europesays.com\/lv\/wp-json\/wp\/v2\/posts\/88135","targetHints":{"allow":["GET"]}}],"collection":[{"href":"https:\/\/www.europesays.com\/lv\/wp-json\/wp\/v2\/posts"}],"about":[{"href":"https:\/\/www.europesays.com\/lv\/wp-json\/wp\/v2\/types\/post"}],"author":[{"embeddable":true,"href":"https:\/\/www.europesays.com\/lv\/wp-json\/wp\/v2\/users\/2"}],"replies":[{"embeddable":true,"href":"https:\/\/www.europesays.com\/lv\/wp-json\/wp\/v2\/comments?post=88135"}],"version-history":[{"count":0,"href":"https:\/\/www.europesays.com\/lv\/wp-json\/wp\/v2\/posts\/88135\/revisions"}],"wp:featuredmedia":[{"embeddable":true,"href":"https:\/\/www.europesays.com\/lv\/wp-json\/wp\/v2\/media\/88136"}],"wp:attachment":[{"href":"https:\/\/www.europesays.com\/lv\/wp-json\/wp\/v2\/media?parent=88135"}],"wp:term":[{"taxonomy":"category","embeddable":true,"href":"https:\/\/www.europesays.com\/lv\/wp-json\/wp\/v2\/categories?post=88135"},{"taxonomy":"post_tag","embeddable":true,"href":"https:\/\/www.europesays.com\/lv\/wp-json\/wp\/v2\/tags?post=88135"}],"curies":[{"name":"wp","href":"https:\/\/api.w.org\/{rel}","templated":true}]}}