{"id":88139,"date":"2025-12-28T10:50:07","date_gmt":"2025-12-28T10:50:07","guid":{"rendered":"https:\/\/www.europesays.com\/lv\/88139\/"},"modified":"2025-12-28T10:50:07","modified_gmt":"2025-12-28T10:50:07","slug":"eiropas-lideri-bridina-par-plasaku-karu-ar-krieviju-bet-cik-reali-ir-sie-draudi","status":"publish","type":"post","link":"https:\/\/www.europesays.com\/lv\/88139\/","title":{"rendered":"Eiropas l\u012bderi br\u012bdina par pla\u0161\u0101ku karu ar Krieviju, bet cik re\u0101li ir \u0161ie draudi?"},"content":{"rendered":"<p>Savuk\u0101rt tikai divas dienas pirms tam V\u0101cijas aizsardz\u012bbas ministrs Boriss Pistoriuss sac\u012bja: \u201cDa\u017ei milit\u0101rie v\u0113sturnieki pat uzskata, ka mums jau ir bijusi p\u0113d\u0113j\u0101 miera vasara.\u201d<\/p>\n<p>Visbie\u017e\u0101k \u0161\u0101dus br\u012bdin\u0101jumus publiski paudis tie\u0161i NATO vad\u012bt\u0101js Rute. Janv\u0101r\u012b vi\u0146\u0161 mudin\u0101ja dal\u012bbvalstis palielin\u0101t aizsardz\u012bbas izdevumus, ironiski piebilstot, ka pret\u0113j\u0101 gad\u012bjum\u0101 n\u0101ksies \u201capg\u016bt krievu valodu\u201d. Savuk\u0101rt j\u016bnij\u0101 Rute pie\u013c\u0101va, ka Krievijas uzbrukums Eiropai var\u0113tu tikt saska\u0146ots ar \u0136\u012bnas r\u012bc\u012bbu Taiv\u0101n\u0101.<\/p>\n<p>Skepti\u0137i aicina nep\u0101rsp\u012bl\u0113t<\/p>\n<p>Tom\u0113r ne visi eksperti piekr\u012bt \u0161im dr\u016bmajam skat\u012bjumam. Bijus\u012b Lielbrit\u0101nijas milit\u0101r\u0101 ata\u0161eja Maskav\u0101 un Kijiv\u0101 D\u017eona Formena ieskat\u0101, nav pier\u0101d\u012bjumu, ka Krievija \u0161obr\u012bd b\u016btu gatava vai v\u0113l\u0113tos uzbrukt NATO. \u201cEs neredzu nek\u0101das paz\u012bmes, ka Krievija sp\u0113tu vai grib\u0113tu uzbrukt NATO,\u201d vi\u0146\u0161 sac\u012bja \u201cRadio Free Europe\/ Radio Liberty\u201d (RFE\/RL).<\/p>\n<p>Vi\u0146\u0161 piebilda, ka Krievijas draudu t\u0113ma var tikt izmantota ar\u012b politisku m\u0113r\u0137u d\u0113\u013c, piem\u0113ram, lai mudin\u0101tu NATO valstis palielin\u0101t aizsardz\u012bbas bud\u017eetus vai izvietot vair\u0101k alianses sp\u0113ku Austrumeirop\u0101.<\/p>\n<p>L\u012bdz\u012bg\u0101s dom\u0101s ir ar\u012b Somijas Starptautisko attiec\u012bbu instit\u016bta p\u0113tnieks T\u0113mu Tammiko, kur\u0161 nor\u0101d\u012bja, ka Krievija \u0161obr\u012bd neizskat\u0101s \u201cgatava un sp\u0113j\u012bga uzbrukt NATO\u201d. Tom\u0113r vi\u0146\u0161 uzsv\u0113ra, ka Krievijas diktatora Vladimira Putina vara ir balst\u012bta uz \u0101r\u0113ja apdraud\u0113juma narat\u012bvu: \u201cIlgtermi\u0146\u0101 k\u0101da veida milit\u0101ra provok\u0101cija ir iesp\u0113jama, \u012bpa\u0161i, ja kar\u0161 Ukrain\u0101 tiks iesald\u0113ts,\u201d vi\u0146\u0161 sac\u012bja RFE\/RL.<\/p>\n<p class=\"ad-desc ad-desc-main\">Saturs turpin\u0101s p\u0113c rekl\u0101mas<\/p>\n<p class=\"ad-desc ad-desc-sec\">Rekl\u0101ma<\/p>\n<p>Iesp\u0113jamais m\u0113r\u0137is \u2013 Baltija?<\/p>\n<p>Eiropas \u0100rpolitikas padomes (ECFR) 18. decembr\u012b publiskotaj\u0101 zi\u0146ojum\u0101 \u012bpa\u0161a uzman\u012bba piev\u0113rsta Igaunijai k\u0101 iesp\u0113jamam m\u0113r\u0137im, lai p\u0101rbaud\u012btu NATO un ASV gatav\u012bbu aizst\u0101v\u0113t savus sabiedrotos. \u201cEirop\u0101 \u0161\u012bs ba\u017eas balst\u0101s dzi\u013c\u0101k\u0101s bail\u0113s, ka ASV vald\u012bba var\u0113tu samazin\u0101t savu kl\u0101tb\u016btni Eiropas aizsardz\u012bb\u0101,\u201d nor\u0101d\u012bts zi\u0146ojum\u0101.<\/p>\n<p>Dokument\u0101 Igaunija raksturota k\u0101 \u201cmaza, plakana un ievainojama\u201d un atg\u0101din\u0101ts, ka 2016. gad\u0101 izsp\u0113l\u0113t\u0101 kara simul\u0101cij\u0101 Krievijas sp\u0113ki sp\u0113tu ie\u0146emt Tallinu 60 stundu laik\u0101.<\/p>\n<p>Vienlaikus ECFR uzsver, ka p\u0113c kara Ukrain\u0101 Krievijai b\u016btu nepiecie\u0161ami 5\u201310 gadi, lai atjaunotu sp\u0113jas \u0161\u0101dam uzbrukumam \u2013 b\u016btiski ilg\u0101k, nek\u0101 min\u0113ju\u0161i Rute un vair\u0101ki Eiropas politi\u0137i.<\/p>\n<p>ASV \u2013 piesardz\u012bg\u0101ka retorika<\/p>\n<p>Z\u012bm\u012bgi, ka ASV amatpersonas l\u012bdz \u0161im nav atk\u0101rtoju\u0161as Eiropas l\u012bderu publiskos br\u012bdin\u0101jumus. Nesen publiskotaj\u0101 ASV Nacion\u0101l\u0101s dro\u0161\u012bbas strat\u0113\u0123ij\u0101 secin\u0101ts, ka Eiropas sabiedrotajiem ir iev\u0113rojams milit\u0101rais p\u0101rsvars p\u0101r Krieviju, iz\u0146emot kodoliero\u010dus.<\/p>\n<p>Tikm\u0113r Krem\u013ca p\u0101rst\u0101vji Eiropas l\u012bderu pazi\u0146ojumus nod\u0113v\u0113ju\u0161i par \u201ckara kurin\u0101\u0161anu\u201d. Krievijas \u0101rlietu ministra vietnieks Sergejs Rjabkovs decembr\u012b pazi\u0146oja: \u201cKrievija ne\u012bsteno milit\u0101ros m\u0113r\u0137us, kas tai tiek pied\u0113v\u0113ti.\u201d<\/p>\n","protected":false},"excerpt":{"rendered":"Savuk\u0101rt tikai divas dienas pirms tam V\u0101cijas aizsardz\u012bbas ministrs Boriss Pistoriuss sac\u012bja: \u201cDa\u017ei milit\u0101rie v\u0113sturnieki pat uzskata, ka&hellip;\n","protected":false},"author":2,"featured_media":88140,"comment_status":"","ping_status":"","sticky":false,"template":"","format":"standard","meta":{"footnotes":""},"categories":[14],"tags":[23,57,28,29,32,33,22,22440,30,31,35,39,38,36,37,34,40,20,26,27,24,25,54,55,56,21,58],"class_list":{"0":"post-88139","1":"post","2":"type-post","3":"status-publish","4":"format-standard","5":"has-post-thumbnail","7":"category-zinas-no-arvalstim","8":"tag-aktualitates","9":"tag-arvalstim","10":"tag-breaking-news","11":"tag-breakingnews","12":"tag-featured-news","13":"tag-featurednews","14":"tag-headlines","15":"tag-karskrievijavladimirs-putins","16":"tag-latest-news","17":"tag-latestnews","18":"tag-latvia","19":"tag-latvian","20":"tag-latviesu","21":"tag-latviesu-valoda","22":"tag-latviesuvaloda","23":"tag-latvija","24":"tag-lv","25":"tag-news","26":"tag-popularakas-zinas","27":"tag-popularakaszinas","28":"tag-top-stories","29":"tag-topstories","30":"tag-world","31":"tag-world-news","32":"tag-worldnews","33":"tag-zinas","34":"tag-zinas-no-arvalstim"},"share_on_mastodon":{"url":"https:\/\/pubeurope.com\/@lv\/115796811649582229","error":""},"_links":{"self":[{"href":"https:\/\/www.europesays.com\/lv\/wp-json\/wp\/v2\/posts\/88139","targetHints":{"allow":["GET"]}}],"collection":[{"href":"https:\/\/www.europesays.com\/lv\/wp-json\/wp\/v2\/posts"}],"about":[{"href":"https:\/\/www.europesays.com\/lv\/wp-json\/wp\/v2\/types\/post"}],"author":[{"embeddable":true,"href":"https:\/\/www.europesays.com\/lv\/wp-json\/wp\/v2\/users\/2"}],"replies":[{"embeddable":true,"href":"https:\/\/www.europesays.com\/lv\/wp-json\/wp\/v2\/comments?post=88139"}],"version-history":[{"count":0,"href":"https:\/\/www.europesays.com\/lv\/wp-json\/wp\/v2\/posts\/88139\/revisions"}],"wp:featuredmedia":[{"embeddable":true,"href":"https:\/\/www.europesays.com\/lv\/wp-json\/wp\/v2\/media\/88140"}],"wp:attachment":[{"href":"https:\/\/www.europesays.com\/lv\/wp-json\/wp\/v2\/media?parent=88139"}],"wp:term":[{"taxonomy":"category","embeddable":true,"href":"https:\/\/www.europesays.com\/lv\/wp-json\/wp\/v2\/categories?post=88139"},{"taxonomy":"post_tag","embeddable":true,"href":"https:\/\/www.europesays.com\/lv\/wp-json\/wp\/v2\/tags?post=88139"}],"curies":[{"name":"wp","href":"https:\/\/api.w.org\/{rel}","templated":true}]}}