{"id":88159,"date":"2025-12-28T11:24:09","date_gmt":"2025-12-28T11:24:09","guid":{"rendered":"https:\/\/www.europesays.com\/lv\/88159\/"},"modified":"2025-12-28T11:24:09","modified_gmt":"2025-12-28T11:24:09","slug":"latvijas-u20-hokejisti-izrada-specigu-pretestibu-kanadai-un-piedzivo-minimalu-zaudejumu-1188-lv","status":"publish","type":"post","link":"https:\/\/www.europesays.com\/lv\/88159\/","title":{"rendered":"Latvijas U20 hokejisti izr\u0101da sp\u0113c\u012bgu pretest\u012bbu Kan\u0101dai un piedz\u012bvo minim\u0101lu zaud\u0113jumu &#8211; 1188.lv"},"content":{"rendered":"<ol>\n<li><a href=\"https:\/\/news.google.com\/rss\/articles\/CBMiuwFBVV95cUxNUEIxdW43MjhxQnROQ293bWQ0b0d5VHA3YXBuQWhZcUtuSUN1VWtQMlgxdGtWdVh3Z0YwT0xSZ0dDM1gxd2lwTEhMb0thLUdNYW1SVWFLemd1M2pIdTVKU1NTV0JEaGlDamx3clhPX2VNMEcta3h0T1VUZVBvNUk0WjRKSTVfbFB6LWFERExxa3hoOFRmRmdRbGNSME5GMURpY3BZaFZPbS1DZTg3bENBUVRFdjQ0S2xkb0Vn?oc=5\" target=\"_blank\" rel=\"nofollow noopener\">Latvijas U20 hokejisti izr\u0101da sp\u0113c\u012bgu pretest\u012bbu Kan\u0101dai un piedz\u012bvo minim\u0101lu zaud\u0113jumu<\/a>&nbsp;&nbsp;1188.lv<\/li>\n<li><a href=\"https:\/\/news.google.com\/rss\/articles\/CBMiuwFBVV95cUxQUm1QNC1jQTQxVlFmeHlFUER5OHozVGltTDhpNDY5amc4c1BzeW1MN1NJeTNzeVdLR0VVLUhSTm5yTFlUbkFkbWstb1A1d1dSTzBack5rMlJwWVItWjZzQk82N25hRjN6RVJqN0luNXNqdFZaUTN2cXVkMGRWdGRUWm9ibjNPd3Y2LU1kOXpWQ0NfX0prcTl4Ykk1YXRJUi1tWXd3SmtMbFlWZjVYVnY5X1h3NHE0dGhReEhV?oc=5\" target=\"_blank\" rel=\"nofollow noopener\">\u0100bols p\u0113c c\u012b\u0146as ar Kan\u0101du: M\u0113s neatbrauc\u0101m skaisti zaud\u0113t; \u0161ovakar duelis ar Somiju<\/a>&nbsp;&nbsp;Jauns.lv<\/li>\n<li><a href=\"https:\/\/news.google.com\/rss\/articles\/CBMilAFBVV95cUxQUlhlcHNVUnlacXhFS3hjTW8wR1lxMmVUV3daLU5DbW9PcUZ5em9KTnBTSmd3QXh0ZHM4VjBzc19FeVJ3T2lvNk9kY0g0OFBzUFBvUnozWGFJSXdvNXRidlVDVFFfOWdaaWFZMk1kcGhaWXB5NTEtYkw2YzNNbHFrXzAxTGkxTzlDMGNuV2JkVlltNjNa?oc=5\" target=\"_blank\" rel=\"nofollow noopener\">Latvijas U20 izlase izcil\u0101 c\u012b\u0146\u0101 at\u0146em punktu varenajai Kan\u0101dai \u2013 Hokejs<\/a>&nbsp;&nbsp;Sportacentrs.com<\/li>\n<li><a href=\"https:\/\/news.google.com\/rss\/articles\/CBMivwFBVV95cUxNVWkwRHZQNU5sYUhMME11OWZfQXdFbjBDcTA3OHdudVkyM041M2RRZ0xfS3BYWWdMUGFidWVidmFYalpGSmV1ZXIzUkVWQnF1NkxBQnVJWG5FWmhCVkVUZ18ya25UQm1hM0hkSElKb0V6MG05Q1lQR0stOFZaM2hqN2VkZFByeDhSYU1PdmFuZ0RIRllSdThDeTBQdTZfT2RYX3NmNkd1N1hPaTlyYUQzbHBIU21GWjRBN1lxdzBSSQ?oc=5\" target=\"_blank\" rel=\"nofollow noopener\">\u201cUz mirkli uzplaiksn\u012bja atmi\u0146as..\u201d- Kan\u0101das v\u0101rtuv\u012brs Ivankovi\u010ds par saspringto ma\u010du pret Latviju<\/a>&nbsp;&nbsp;tv3.lv<\/li>\n<li><a href=\"https:\/\/news.google.com\/rss\/articles\/CBMi2gFBVV95cUxPVFNKVFJtaHViUnZuNXJQcHd4eFM1QW1oZlNVcGZZcS1hUlFRY2pEbzRxR2htWlJGZEhDWlBSRGlqZE1BZktpOEEzNVpuRFZ2X093RjJKN2FwTVprdWRWY00yRnh4aW5GdnJRbnVCaWFOaV9oWEFZazhkVWZ3aVd2Q0o1ZFkyNmhhXzJlWFlDTVdIWDdzRnlrRk05S0RkR3Q4ekVTTXlwb3VKQlhrUnllMlFOOG40SkRxbVo1eVBqdy1xN0xCMTZSeC12WUZaY2lnOFFtQ0E4QVozZw?oc=5\" target=\"_blank\" rel=\"nofollow noopener\">Latvijas U-20 hokejisti par\u0101da raksturu un izc\u012bna punktu pret Kan\u0101das jaunaj\u0101m zvaigzn\u0113m<\/a>&nbsp;&nbsp;Delfi<\/li>\n<\/ol>\n","protected":false},"excerpt":{"rendered":"Latvijas U20 hokejisti izr\u0101da sp\u0113c\u012bgu pretest\u012bbu Kan\u0101dai un piedz\u012bvo minim\u0101lu zaud\u0113jumu&nbsp;&nbsp;1188.lv \u0100bols p\u0113c c\u012b\u0146as ar Kan\u0101du: M\u0113s neatbrauc\u0101m&hellip;\n","protected":false},"author":2,"featured_media":88160,"comment_status":"","ping_status":"","sticky":false,"template":"","format":"standard","meta":{"footnotes":""},"categories":[17],"tags":[129,1136,126,35,39,38,36,37,34,40,1137,127,67,1138,128],"class_list":{"0":"post-88159","1":"post","2":"type-post","3":"status-publish","4":"format-standard","5":"has-post-thumbnail","7":"category-sports","8":"tag-__typenameadvicekeyword","9":"tag-id220","10":"tag-id770","11":"tag-latvia","12":"tag-latvian","13":"tag-latviesu","14":"tag-latviesu-valoda","15":"tag-latviesuvaloda","16":"tag-latvija","17":"tag-lv","18":"tag-slughokejs","19":"tag-slugsports","20":"tag-sports","21":"tag-titlehokejs","22":"tag-titlesports"},"share_on_mastodon":{"url":"https:\/\/pubeurope.com\/@lv\/115796945347168035","error":""},"_links":{"self":[{"href":"https:\/\/www.europesays.com\/lv\/wp-json\/wp\/v2\/posts\/88159","targetHints":{"allow":["GET"]}}],"collection":[{"href":"https:\/\/www.europesays.com\/lv\/wp-json\/wp\/v2\/posts"}],"about":[{"href":"https:\/\/www.europesays.com\/lv\/wp-json\/wp\/v2\/types\/post"}],"author":[{"embeddable":true,"href":"https:\/\/www.europesays.com\/lv\/wp-json\/wp\/v2\/users\/2"}],"replies":[{"embeddable":true,"href":"https:\/\/www.europesays.com\/lv\/wp-json\/wp\/v2\/comments?post=88159"}],"version-history":[{"count":0,"href":"https:\/\/www.europesays.com\/lv\/wp-json\/wp\/v2\/posts\/88159\/revisions"}],"wp:featuredmedia":[{"embeddable":true,"href":"https:\/\/www.europesays.com\/lv\/wp-json\/wp\/v2\/media\/88160"}],"wp:attachment":[{"href":"https:\/\/www.europesays.com\/lv\/wp-json\/wp\/v2\/media?parent=88159"}],"wp:term":[{"taxonomy":"category","embeddable":true,"href":"https:\/\/www.europesays.com\/lv\/wp-json\/wp\/v2\/categories?post=88159"},{"taxonomy":"post_tag","embeddable":true,"href":"https:\/\/www.europesays.com\/lv\/wp-json\/wp\/v2\/tags?post=88159"}],"curies":[{"name":"wp","href":"https:\/\/api.w.org\/{rel}","templated":true}]}}