{"id":88167,"date":"2025-12-28T11:32:11","date_gmt":"2025-12-28T11:32:11","guid":{"rendered":"https:\/\/www.europesays.com\/lv\/88167\/"},"modified":"2025-12-28T11:32:11","modified_gmt":"2025-12-28T11:32:11","slug":"vetra-partrauc-pramju-satiksmi-starp-hijuma-un-igaunijas-kontinentu-lente-lv","status":"publish","type":"post","link":"https:\/\/www.europesays.com\/lv\/88167\/","title":{"rendered":"V\u0113tra p\u0101rtrauc pr\u0101mju satiksmi starp H\u012bjum\u0101 un Igaunijas kontinentu\u00a0\u2014\u00a0Lente.lv"},"content":{"rendered":"<p>Pr\u0101mju satiksme aptur\u0113ta<\/p>\n<p>Sestdien, 2025. gada 27. decembr\u012b, v\u0113tras d\u0113\u013c tika aptur\u0113ta pr\u0101mju satiksme starp Igaunijas kontinent\u0101lo da\u013cu un H\u012bjum\u0101 salu, k\u0101 inform\u0113 operators &#8220;TS Laevad&#8221;. \u0160\u0101ds l\u0113mums pie\u0146emts, lai nodro\u0161in\u0101tu pasa\u017eieru un ekip\u0101\u017eu dro\u0161\u012bbu, rea\u0123\u0113jot uz nelabv\u0113l\u012bgajiem laikapst\u0101k\u013ciem.<\/p>\n<p>Laikapst\u0101k\u013cu prognoze un ietekme<\/p>\n<p>Saska\u0146\u0101 ar laikapst\u0101k\u013cu prognoz\u0113m, sestdien H\u012bjum\u0101 apri\u0146\u0137\u012b tika prognoz\u0113ti sp\u0113c\u012bgi v\u0113ja br\u0101zmas, kas padara j\u016bras \u0161\u0137\u0113rso\u0161anu b\u012bstamu. Lai gan prec\u012bzi v\u0113ja \u0101trumi nav min\u0113ti, dro\u0161\u012bbas apsv\u0113rumi vienm\u0113r ir priorit\u0101te \u0161\u0101dos gad\u012bjumos. \u0160\u0101da veida satiksmes p\u0101rtraukumi ir ierasta par\u0101d\u012bba Igaunijas salu mar\u0161rutu ekspluat\u0101cij\u0101, \u012bpa\u0161i ziemas m\u0113ne\u0161os, kad laika apst\u0101k\u013ci var b\u016bt \u013coti nepast\u0101v\u012bgi.<\/p>\n<p>Ilgtermi\u0146a sekas un alternat\u012bvas<\/p>\n<p>Pr\u0101mju satiksmes aptur\u0113\u0161ana rada ne\u0113rt\u012bbas saliniekiem un ce\u013cot\u0101jiem, kuri pl\u0101noju\u0161i \u0161\u0137\u0113rsot j\u016bru. H\u012bjum\u0101 sala, kas ir otra liel\u0101k\u0101 Igaunijas sala, ir popul\u0101rs galam\u0113r\u0137is ar savu dabu un b\u0101k\u0101m. &#8220;TS Laevad&#8221; operators nor\u0101da, ka satiksme tiks atjaunota, tikl\u012bdz laika apst\u0101k\u013ci uzlabosies un b\u016bs dro\u0161i ats\u0101kt reisus. Potenci\u0101l\u0101s alternat\u012bvas, piem\u0113ram, gaisa satiksme starp Kerdlu un Tallinu, past\u0101v, ta\u010du t\u0101s parasti ir d\u0101rg\u0101kas un ierobe\u017eot\u0101kas.<\/p>\n<p>Turpm\u0101kie dro\u0161\u012bbas pas\u0101kumi<\/p>\n<p>\u0160\u0101das situ\u0101cijas liecina par nepiecie\u0161am\u012bbu past\u0101v\u012bgi monitor\u0113t laikapst\u0101k\u013cu att\u012bst\u012bbu un b\u016bt gataviem piel\u0101goties main\u012bgajiem apst\u0101k\u013ciem. L\u0113mums aptur\u0113t satiksmi ir prevent\u012bvs pas\u0101kums, lai izvair\u012btos no iesp\u0113jam\u0101m negad\u012bjumiem j\u016br\u0101.<\/p>\n","protected":false},"excerpt":{"rendered":"Pr\u0101mju satiksme aptur\u0113ta Sestdien, 2025. gada 27. decembr\u012b, v\u0113tras d\u0113\u013c tika aptur\u0113ta pr\u0101mju satiksme starp Igaunijas kontinent\u0101lo da\u013cu&hellip;\n","protected":false},"author":2,"featured_media":88168,"comment_status":"","ping_status":"","sticky":false,"template":"","format":"standard","meta":{"footnotes":""},"categories":[14],"tags":[23,57,28,29,32,33,22,22444,73,397,30,31,35,39,38,36,37,34,40,20,26,27,22445,24,25,4457,54,55,56,21,58],"class_list":{"0":"post-88167","1":"post","2":"type-post","3":"status-publish","4":"format-standard","5":"has-post-thumbnail","7":"category-zinas-no-arvalstim","8":"tag-aktualitates","9":"tag-arvalstim","10":"tag-breaking-news","11":"tag-breakingnews","12":"tag-featured-news","13":"tag-featurednews","14":"tag-headlines","15":"tag-hijuma","16":"tag-igaunija","17":"tag-laikapstakli","18":"tag-latest-news","19":"tag-latestnews","20":"tag-latvia","21":"tag-latvian","22":"tag-latviesu","23":"tag-latviesu-valoda","24":"tag-latviesuvaloda","25":"tag-latvija","26":"tag-lv","27":"tag-news","28":"tag-popularakas-zinas","29":"tag-popularakaszinas","30":"tag-pramju-satiksme","31":"tag-top-stories","32":"tag-topstories","33":"tag-vetra","34":"tag-world","35":"tag-world-news","36":"tag-worldnews","37":"tag-zinas","38":"tag-zinas-no-arvalstim"},"share_on_mastodon":{"url":"https:\/\/pubeurope.com\/@lv\/115796976888682368","error":""},"_links":{"self":[{"href":"https:\/\/www.europesays.com\/lv\/wp-json\/wp\/v2\/posts\/88167","targetHints":{"allow":["GET"]}}],"collection":[{"href":"https:\/\/www.europesays.com\/lv\/wp-json\/wp\/v2\/posts"}],"about":[{"href":"https:\/\/www.europesays.com\/lv\/wp-json\/wp\/v2\/types\/post"}],"author":[{"embeddable":true,"href":"https:\/\/www.europesays.com\/lv\/wp-json\/wp\/v2\/users\/2"}],"replies":[{"embeddable":true,"href":"https:\/\/www.europesays.com\/lv\/wp-json\/wp\/v2\/comments?post=88167"}],"version-history":[{"count":0,"href":"https:\/\/www.europesays.com\/lv\/wp-json\/wp\/v2\/posts\/88167\/revisions"}],"wp:featuredmedia":[{"embeddable":true,"href":"https:\/\/www.europesays.com\/lv\/wp-json\/wp\/v2\/media\/88168"}],"wp:attachment":[{"href":"https:\/\/www.europesays.com\/lv\/wp-json\/wp\/v2\/media?parent=88167"}],"wp:term":[{"taxonomy":"category","embeddable":true,"href":"https:\/\/www.europesays.com\/lv\/wp-json\/wp\/v2\/categories?post=88167"},{"taxonomy":"post_tag","embeddable":true,"href":"https:\/\/www.europesays.com\/lv\/wp-json\/wp\/v2\/tags?post=88167"}],"curies":[{"name":"wp","href":"https:\/\/api.w.org\/{rel}","templated":true}]}}