{"id":88200,"date":"2025-12-28T12:27:08","date_gmt":"2025-12-28T12:27:08","guid":{"rendered":"https:\/\/www.europesays.com\/lv\/88200\/"},"modified":"2025-12-28T12:27:08","modified_gmt":"2025-12-28T12:27:08","slug":"jauns-finansesanas-modelis-vienota-skola-un-parmainas-eksamenos-lente-lv","status":"publish","type":"post","link":"https:\/\/www.europesays.com\/lv\/88200\/","title":{"rendered":"Jauns finans\u0113\u0161anas modelis, vienota skola un p\u0101rmai\u0146as eks\u0101menos\u00a0\u2014\u00a0Lente.lv"},"content":{"rendered":"<p>Izgl\u012bt\u012bbas nozar\u0113 2025. gads: galvenie notikumi<\/p>\n<p>2025. gads Latvijas izgl\u012bt\u012bbas nozar\u0113 bijis z\u012bm\u012bgs ar vair\u0101k\u0101m b\u016btisk\u0101m p\u0101rmai\u0146\u0101m, kas ietekm\u0113 gan skolu finans\u0113\u0161anu, gan m\u0101c\u012bbu procesu, gan ar\u012b valsts p\u0101rbaud\u012bjumu saturu. K\u0101 inform\u0113 Latvijas Sabiedriskie Mediji, gada galvenie pav\u0113rsieni biju\u0161i p\u0101rejas nosl\u0113gums uz m\u0101c\u012bb\u0101m tikai valsts valod\u0101, jaun\u0101 skolu finans\u0113\u0161anas mode\u013ca \u201cProgramma skol\u0101\u201d pak\u0101peniska ievie\u0161ana un izmai\u0146as centraliz\u0113to eks\u0101menu kl\u0101st\u0101.<\/p>\n<p>Izgl\u012bt\u012bbas un zin\u0101tnes ministre Dace Melb\u0101rde un Latvijas Izgl\u012bt\u012bbas un zin\u0101tnes darbinieku arodbiedr\u012bbas (LIZDA) priek\u0161s\u0113d\u0113t\u0101ja Inga Vanaga ir vienispr\u0101tis, ka svar\u012bg\u0101kais sasniegums ir politisk\u0101 vieno\u0161an\u0101s par skolu finans\u0113\u0161anas mode\u013ca mai\u0146u. \u0160is jaunais modelis, kas pak\u0101peniski tiek ieviests kop\u0161 2025. gada 1. septembra, paredz taisn\u012bg\u0101ku pedagogu atalgojumu neatkar\u012bgi no skolas atra\u0161an\u0101s vietas un skol\u0113nu skaita, k\u0101 ar\u012b papildu finans\u0113jumu atbalsta person\u0101lam.<\/p>\n<p>Jaunais skolu finans\u0113\u0161anas modelis \u201cProgramma skol\u0101\u201d<\/p>\n<p>Jaunais skolu finans\u0113\u0161anas modelis \u201cProgramma skol\u0101\u201d, kas aizst\u0101j iepriek\u0161\u0113jo \u201cNauda seko skol\u0113nam\u201d principu, tika pl\u0101nots k\u0101 risin\u0101jums demogr\u0101fisko izmai\u0146u rad\u012btajiem izaicin\u0101jumiem. Tas paredz ne tikai pedagogu darba samaksas pilnveido\u0161anu, bet ar\u012b atbalsta person\u0101la (pedagogu pal\u012bgu, speci\u0101lo pedagogu, logop\u0113du u.c.) finans\u0113juma pieaugumu. Lai gan gal\u012bgie krit\u0113riji finans\u0113juma pie\u0161\u0137ir\u0161anai saska\u0146\u0101 ar jauno modeli vald\u012bba pie\u0146\u0113ma 2025. gada mart\u0101, jau no 2025. gada 1. septembra tika uzs\u0101kta t\u0101 pak\u0101peniska ievie\u0161ana, novirzot papildu finans\u0113jumu 4,92 miljonu eiro apm\u0113r\u0101 atbalsta person\u0101la darba samaksai. Piln\u012bb\u0101 modelis tiek ieviests no 2026. gada 1. septembra. Jaun\u0101 pieeja tiek uzskat\u012bta par b\u016btisku priek\u0161noteikumu izgl\u012bt\u012bbas kvalit\u0101tes stiprin\u0101\u0161anai, pied\u0101v\u0101jot pla\u0161\u0101ku izgl\u012bt\u012bbas saturu, individu\u0101lu atbalstu skol\u0113niem un stiprinot skolu vad\u012bbu. <\/p>\n<p>Nosl\u0113gusies p\u0101reja uz vienotu skolu<\/p>\n<p>2025. gads iez\u012bm\u0113j\u0101s ar form\u0101lu p\u0101rejas nosl\u0113gumu uz m\u0101c\u012bb\u0101m tikai valsts valod\u0101 vis\u0101s Latvijas skol\u0101s. \u0160is process, kas tika uzs\u0101kts iepriek\u0161\u0113jos gados, nosl\u0113dz\u0101s ar 3., 6. un 9. kla\u0161u pievieno\u0161anos cit\u0101m klas\u0113m, kur\u0101s m\u0101c\u012bbas jau notika latvie\u0161u valod\u0101. Lai gan reforma nosl\u0113gusies form\u0101li, atbild\u012bg\u0101s amatpersonas nor\u0101da, ka praks\u0113 m\u0113r\u0137u sasnieg\u0161anai b\u016bs nepiecie\u0161ams ilg\u0101ks laiks. Izgl\u012bt\u012bbas kvalit\u0101tes valsts dienesta (IKVD) izv\u0113rt\u0113jumi liecina, ka aptuveni tre\u0161da\u013c\u0101 skolu, kas agr\u0101k \u012bstenoju\u0161i maz\u0101kumtaut\u012bbu programmas, konstat\u0113tas b\u016btiskas gr\u016bt\u012bbas. Galvenie izaicin\u0101jumi saist\u012bti ar p\u0101rmai\u0146u vad\u012bbu, pedagogu nepietiekam\u0101m zin\u0101\u0161an\u0101m par darbu lingvistiski daudzveid\u012bg\u0101 vid\u0113 un pedagogu vakanc\u0113m. Lai veicin\u0101tu veiksm\u012bgu integr\u0101ciju un valsts valodas apguvi, uzsv\u0113rta latviskas vides veido\u0161anas noz\u012bme skol\u0101s, k\u0101 ar\u012b nepiecie\u0161am\u012bba p\u0113c akt\u012bvas pa\u0161vald\u012bbu r\u012bc\u012bbas skolu t\u012bkla pl\u0101no\u0161an\u0101.<\/p>\n<p>P\u0101rmai\u0146as eks\u0101menu sist\u0113m\u0101<\/p>\n<p>2025.\/2026. m\u0101c\u012bbu gad\u0101 st\u0101j\u0101s sp\u0113k\u0101 vair\u0101kas izmai\u0146as centraliz\u0113tajos eks\u0101menos, kas skar gan pamatskolas, gan vidusskolas absolventus. Pamatskolas absolventiem, lai ieg\u016btu apliecin\u0101jumu par pamatizgl\u012bt\u012bbas apguvi, vairs neb\u016bs j\u0101k\u0101rto sve\u0161valodas eks\u0101mens k\u0101 pilnv\u0113rt\u012bgs CE, bet tas tiks organiz\u0113ts k\u0101 monitoringa darbs. T\u0101pat 9. kla\u0161u eks\u0101menu nok\u0101rto\u0161anas slieksnis tika paaugstin\u0101ts no 10% l\u012bdz 15%. Vidusskolas absolventiem paredz\u0113ts ieviest jaunu centraliz\u0113to eks\u0101menu k\u0101d\u0101 no dabaszin\u0101tn\u0113m, samazin\u0101t augst\u0101k\u0101 l\u012bme\u0146a eks\u0101menu skaitu un atvieglot piek\u013cuvi tiem. \u0160\u012bs izmai\u0146as tiek uztvertas k\u0101 p\u0101rejas posms uz piln\u012bgi jaunu eks\u0101menu sist\u0113mas modeli.<\/p>\n<p>Citas svar\u012bgas aktualit\u0101tes izgl\u012bt\u012bb\u0101<\/p>\n<p>Izgl\u012bt\u012bbas jom\u0101 2025. gad\u0101 tika papla\u0161in\u0101tas skolu ties\u012bbas dro\u0161\u012bbas pas\u0101kumu \u012bsteno\u0161an\u0101, un notika ar\u012b citas svar\u012bgas p\u0101rmai\u0146as, piem\u0113ram, augst\u0101kaj\u0101 izgl\u012bt\u012bb\u0101 tika papla\u0161in\u0101ts soci\u0101l\u0101s stipendijas \u201cStud\u0113tgods\u201d sa\u0146\u0113m\u0113ju loks, k\u0101 ar\u012b uzs\u0101ka darbu Tieslietu akad\u0113mija. T\u0101pat 2025. gad\u0101 Latvij\u0101 apstiprin\u0101ti vair\u0101k nek\u0101 330 Erasmus+ projekti izgl\u012bt\u012bbas, m\u0101c\u012bbu un sporta jom\u0101, kas sniedz iesp\u0113jas t\u016bksto\u0161iem dal\u012bbnieku g\u016bt zin\u0101\u0161anas un pieredzi \u0101rvalst\u012bs.<\/p>\n","protected":false},"excerpt":{"rendered":"Izgl\u012bt\u012bbas nozar\u0113 2025. gads: galvenie notikumi 2025. gads Latvijas izgl\u012bt\u012bbas nozar\u0113 bijis z\u012bm\u012bgs ar vair\u0101k\u0101m b\u016btisk\u0101m p\u0101rmai\u0146\u0101m, kas&hellip;\n","protected":false},"author":2,"featured_media":88201,"comment_status":"","ping_status":"","sticky":false,"template":"","format":"standard","meta":{"footnotes":""},"categories":[12],"tags":[23,28,29,12922,32,33,22,336,30,31,35,39,38,36,37,34,40,20,26,27,11090,24,25,6388,21],"class_list":{"0":"post-88200","1":"post","2":"type-post","3":"status-publish","4":"format-standard","5":"has-post-thumbnail","7":"category-latvija","8":"tag-aktualitates","9":"tag-breaking-news","10":"tag-breakingnews","11":"tag-centralizetie-eksameni","12":"tag-featured-news","13":"tag-featurednews","14":"tag-headlines","15":"tag-izglitiba","16":"tag-latest-news","17":"tag-latestnews","18":"tag-latvia","19":"tag-latvian","20":"tag-latviesu","21":"tag-latviesu-valoda","22":"tag-latviesuvaloda","23":"tag-latvija","24":"tag-lv","25":"tag-news","26":"tag-popularakas-zinas","27":"tag-popularakaszinas","28":"tag-skolu-finansesanas-modelis","29":"tag-top-stories","30":"tag-topstories","31":"tag-vienota-skola","32":"tag-zinas"},"share_on_mastodon":{"url":"https:\/\/pubeurope.com\/@lv\/115797193370594414","error":""},"_links":{"self":[{"href":"https:\/\/www.europesays.com\/lv\/wp-json\/wp\/v2\/posts\/88200","targetHints":{"allow":["GET"]}}],"collection":[{"href":"https:\/\/www.europesays.com\/lv\/wp-json\/wp\/v2\/posts"}],"about":[{"href":"https:\/\/www.europesays.com\/lv\/wp-json\/wp\/v2\/types\/post"}],"author":[{"embeddable":true,"href":"https:\/\/www.europesays.com\/lv\/wp-json\/wp\/v2\/users\/2"}],"replies":[{"embeddable":true,"href":"https:\/\/www.europesays.com\/lv\/wp-json\/wp\/v2\/comments?post=88200"}],"version-history":[{"count":0,"href":"https:\/\/www.europesays.com\/lv\/wp-json\/wp\/v2\/posts\/88200\/revisions"}],"wp:featuredmedia":[{"embeddable":true,"href":"https:\/\/www.europesays.com\/lv\/wp-json\/wp\/v2\/media\/88201"}],"wp:attachment":[{"href":"https:\/\/www.europesays.com\/lv\/wp-json\/wp\/v2\/media?parent=88200"}],"wp:term":[{"taxonomy":"category","embeddable":true,"href":"https:\/\/www.europesays.com\/lv\/wp-json\/wp\/v2\/categories?post=88200"},{"taxonomy":"post_tag","embeddable":true,"href":"https:\/\/www.europesays.com\/lv\/wp-json\/wp\/v2\/tags?post=88200"}],"curies":[{"name":"wp","href":"https:\/\/api.w.org\/{rel}","templated":true}]}}