{"id":88204,"date":"2025-12-28T12:29:09","date_gmt":"2025-12-28T12:29:09","guid":{"rendered":"https:\/\/www.europesays.com\/lv\/88204\/"},"modified":"2025-12-28T12:29:09","modified_gmt":"2025-12-28T12:29:09","slug":"svetkiem-ir-tada-ipasiba-ka-turet-spoguli-musu-prieksa-lente-lv","status":"publish","type":"post","link":"https:\/\/www.europesays.com\/lv\/88204\/","title":{"rendered":"&#8220;Sv\u0113tkiem ir t\u0101da \u012bpa\u0161\u012bba k\u0101 tur\u0113t spoguli m\u016bsu priek\u0161\u0101&#8221;\u00a0\u2014\u00a0Lente.lv"},"content":{"rendered":"<p>Ziemassv\u0113tku p\u0101rdomas p\u0101rmai\u0146u laik\u0101<\/p>\n<p>Br\u016bsa Vilisa sieva Emma Heminga Vilisa dal\u012bjusies emocion\u0101l\u0101 esej\u0101 par to, k\u0101 main\u012bju\u0161ies Ziemassv\u0113tki vi\u0146as \u0123imen\u0113 p\u0113c aktiera frontotempor\u0101l\u0101s demences diagnozes. Vi\u0146a uzsver, ka sv\u0113tki, lai ar\u012b cit\u0101di, joproj\u0101m sniedz prieku un rada jaunas atmi\u0146as, ta\u010du vienlaikus atg\u0101dina par p\u0101rmai\u0146\u0101m un zaud\u0113jumiem.<\/p>\n<p>Sv\u0113tku spogulis: prieks un skumjas<\/p>\n<p>Emmas blog\u0101 public\u0113taj\u0101 eseja, kas public\u0113ta vi\u0146as person\u012bgaj\u0101 t\u012bmek\u013ca vietn\u0113, vi\u0146a atz\u012bst, ka Ziemassv\u0113tki ir k\u0101 spogulis, kas atspogu\u013co gan pag\u0101tni, gan tagadni. &#8220;Sv\u0113tkiem ir t\u0101da \u012bpa\u0161\u012bba k\u0101 tur\u0113t spoguli m\u016bsu priek\u0161\u0101, atspogu\u013cojot to, kas m\u0113s esam biju\u0161i, kas m\u0113s esam un ko m\u0113s iedom\u0101j\u0101mies, ka tie b\u016bs,&#8221; raksta Heminga. Vi\u0146a skaidro, ka demence rad\u012bjusi &#8220;telpu starp tad un tagad&#8221;, kas var rad\u012bt s\u0101pes, ta\u010du nenoliedz iesp\u0113ju piedz\u012bvot siltumu un prieku.<\/p>\n<p>Trad\u012bcijas un piel\u0101go\u0161an\u0101s<\/p>\n<p>Heminga atkl\u0101j, ka vi\u0146a reiz\u0113m, veicot ikdienas uzdevumus, kas agr\u0101k bija Br\u016bsa p\u0101rzi\u0146\u0101, neapzin\u0101ti lam\u0101 v\u012bra v\u0101rdu. Tas neesot dusmu d\u0113\u013c, bet gan ilgo\u0161an\u0101s p\u0113c laika, kad vi\u0146\u0161 vad\u012bja sv\u0113tku ros\u012bbu. Lai gan trad\u012bcijas vairs nav t\u0101das pa\u0161as un prasa vair\u0101k pl\u0101no\u0161anas, vi\u0146a uzsver, ka noz\u012bme nav nemain\u012bgum\u0101, bet gan savstarp\u0113j\u0101 kl\u0101tb\u016btn\u0113 un savienojum\u0101. Vi\u0146a atz\u012bst, ka, lai gan joproj\u0101m var rasties skumjas, ir svar\u012bgi rad\u012bt vietu ar\u012b priekam, jo abi \u0161ie st\u0101vok\u013ci var past\u0101v\u0113t vienlaic\u012bgi.<\/p>\n<p>Jaunas atmi\u0146as un cer\u012bba<\/p>\n<p>Aktiera sieva uzsver, ka demence neizdz\u0113\u0161 atmi\u0146as, bet gan maina sv\u0113tku pieredzi. Lai gan Br\u016bss Viliss, kuram 2022. gad\u0101 tika diagnostic\u0113ta frontotempor\u0101l\u0101 demence (FTD), vairs nesp\u0113j pilnv\u0113rt\u012bgi piedal\u012bties sv\u0113tku sagatavo\u0161an\u0101 un tradicion\u0101laj\u0101s aktivit\u0101t\u0113s, \u0123imene turpina rad\u012bt jaunas atmi\u0146as. T\u0101 viet\u0101, lai Br\u016bss ceptu pank\u016bkas, to dar\u012bs Emma. Vi\u0146a ar\u012b nor\u0101da, ka vecums un slim\u012bbas progres\u0113\u0161ana ir rad\u012bjusi situ\u0101ciju, kur\u0101 Br\u016bss vairs nesp\u0113j atpaz\u012bt savu karjeru k\u0101 aktierim, ta\u010du vi\u0146a uzsver, ka r\u016bpes par tuvinieku un kop\u0101 b\u016b\u0161ana joproj\u0101m sniedz v\u0113rt\u012bgus mirk\u013cus. Br\u016bss Viliss, kuram ir 70 gadu, joproj\u0101m ir apr\u016bpes centr\u0101 ar diennakts uzraudz\u012bbu, tom\u0113r \u0123imene regul\u0101ri vi\u0146u apciemo.<\/p>\n","protected":false},"excerpt":{"rendered":"Ziemassv\u0113tku p\u0101rdomas p\u0101rmai\u0146u laik\u0101 Br\u016bsa Vilisa sieva Emma Heminga Vilisa dal\u012bjusies emocion\u0101l\u0101 esej\u0101 par to, k\u0101 main\u012bju\u0161ies Ziemassv\u0113tki&hellip;\n","protected":false},"author":2,"featured_media":88205,"comment_status":"","ping_status":"","sticky":false,"template":"","format":"standard","meta":{"footnotes":""},"categories":[19],"tags":[22450,22452,22451,89,984,90,35,39,38,36,37,34,40,9687],"class_list":{"0":"post-88204","1":"post","2":"type-post","3":"status-publish","4":"format-standard","5":"has-post-thumbnail","7":"category-izklaide","8":"tag-bruss-viliss","9":"tag-demence","10":"tag-emma-heminga-vilisa","11":"tag-entertainment","12":"tag-gimene","13":"tag-izklaide","14":"tag-latvia","15":"tag-latvian","16":"tag-latviesu","17":"tag-latviesu-valoda","18":"tag-latviesuvaloda","19":"tag-latvija","20":"tag-lv","21":"tag-ziemassvetki"},"share_on_mastodon":{"url":"https:\/\/pubeurope.com\/@lv\/115797200955924549","error":""},"_links":{"self":[{"href":"https:\/\/www.europesays.com\/lv\/wp-json\/wp\/v2\/posts\/88204","targetHints":{"allow":["GET"]}}],"collection":[{"href":"https:\/\/www.europesays.com\/lv\/wp-json\/wp\/v2\/posts"}],"about":[{"href":"https:\/\/www.europesays.com\/lv\/wp-json\/wp\/v2\/types\/post"}],"author":[{"embeddable":true,"href":"https:\/\/www.europesays.com\/lv\/wp-json\/wp\/v2\/users\/2"}],"replies":[{"embeddable":true,"href":"https:\/\/www.europesays.com\/lv\/wp-json\/wp\/v2\/comments?post=88204"}],"version-history":[{"count":0,"href":"https:\/\/www.europesays.com\/lv\/wp-json\/wp\/v2\/posts\/88204\/revisions"}],"wp:featuredmedia":[{"embeddable":true,"href":"https:\/\/www.europesays.com\/lv\/wp-json\/wp\/v2\/media\/88205"}],"wp:attachment":[{"href":"https:\/\/www.europesays.com\/lv\/wp-json\/wp\/v2\/media?parent=88204"}],"wp:term":[{"taxonomy":"category","embeddable":true,"href":"https:\/\/www.europesays.com\/lv\/wp-json\/wp\/v2\/categories?post=88204"},{"taxonomy":"post_tag","embeddable":true,"href":"https:\/\/www.europesays.com\/lv\/wp-json\/wp\/v2\/tags?post=88204"}],"curies":[{"name":"wp","href":"https:\/\/api.w.org\/{rel}","templated":true}]}}