{"id":88291,"date":"2025-12-29T08:10:07","date_gmt":"2025-12-29T08:10:07","guid":{"rendered":"https:\/\/www.europesays.com\/lv\/88291\/"},"modified":"2025-12-29T08:10:07","modified_gmt":"2025-12-29T08:10:07","slug":"gadu-mija-rigas-sabiedriskais-transports-bus-bez-maksas","status":"publish","type":"post","link":"https:\/\/www.europesays.com\/lv\/88291\/","title":{"rendered":"Gadu mij\u0101 R\u012bgas sabiedriskais transports b\u016bs bez maksas"},"content":{"rendered":"<p>Vecgada dien\u0101, 31. decembr\u012b, un Jaungada dien\u0101, 1. janv\u0101r\u012b, R\u012bgas sabiedrisko transportu pils\u0113tas iedz\u012bvot\u0101ji un viesi var\u0113s izmantot bez maksas, t\u0101p\u0113c e-talons un koda bi\u013cete, iek\u0101pjot &#8220;R\u012bgas satiksmes&#8221; autobusos, trolejbusos un tramvajos, neb\u016bs j\u0101re\u0123istr\u0113.<\/p>\n<p>Nakt\u012b no 31. decembra uz 1. janv\u0101ri, ap plkst. 0.30 un plkst. 2.15, vair\u0101kos mar\u0161rutos tiks organiz\u0113ti papildreisi. Autobusiem papildu reisi tiks organiz\u0113ti 3., apvienotaj\u0101 12., 23., 26., 24., 25., 37., 51. un 53. mar\u0161rut\u0101. Tramvajiem papildu reisi b\u016bs 1., 5., 7. un 11. mar\u0161rut\u0101, bet trolejbusiem &#8211; 4., 9., 15., 17. un 18. mar\u0161rut\u0101.<\/p>\n<p>3. autobusa mar\u0161rut\u0101 viens no papildu reisiem virzien\u0101 uz P\u013cavniekiem tiks s\u0101kts no pieturas &#8220;Gr\u0113cinieku iela&#8221; plkst. 0.31, no Mer\u0137e\u013ca ielas pieturas tas aties plkst. 0.35.<\/p>\n<p>R\u012bgas pa\u0161vald\u012bbas maksas autost\u0101vvietas, kuras apsaimnieko &#8220;R\u012bgas satiksme&#8221;, 31. decembr\u012b un 1. janv\u0101r\u012b var\u0113s izmantot bez maksas, iz\u0146emot apak\u0161zemes st\u0101vvietu Valdem\u0101ra iel\u0101 5a &#8211; tur par automa\u0161\u012bnas novieto\u0161anu j\u0101maks\u0101 atbilsto\u0161i sp\u0113k\u0101 eso\u0161ajiem tarifiem.<\/p>\n<p>Savuk\u0101rt 2. janv\u0101r\u012b sabiedriskais transports kurs\u0113s k\u0101 br\u012bvdien\u0101s. Ar\u012b autost\u0101vvietu apmaksa j\u0101veic atbilsto\u0161i sestdienas tarifam, iz\u0146emot K. Valdem\u0101ra iel\u0101 5a &#8211; tur par automa\u0161\u012bnas novieto\u0161anu j\u0101maks\u0101 atbilsto\u0161i piektdien\u0101s sp\u0113k\u0101 eso\u0161ajiem tarifiem.<\/p>\n","protected":false},"excerpt":{"rendered":"Vecgada dien\u0101, 31. decembr\u012b, un Jaungada dien\u0101, 1. janv\u0101r\u012b, R\u012bgas sabiedrisko transportu pils\u0113tas iedz\u012bvot\u0101ji un viesi var\u0113s izmantot&hellip;\n","protected":false},"author":2,"featured_media":88292,"comment_status":"","ping_status":"","sticky":false,"template":"","format":"standard","meta":{"footnotes":""},"categories":[5],"tags":[23,28,29,32,33,22,18259,30,31,35,39,38,36,37,34,40,20,26,27,24,25,21],"class_list":{"0":"post-88291","1":"post","2":"type-post","3":"status-publish","4":"format-standard","5":"has-post-thumbnail","7":"category-aktualitates","8":"tag-aktualitates","9":"tag-breaking-news","10":"tag-breakingnews","11":"tag-featured-news","12":"tag-featurednews","13":"tag-headlines","14":"tag-jaunais-gads","15":"tag-latest-news","16":"tag-latestnews","17":"tag-latvia","18":"tag-latvian","19":"tag-latviesu","20":"tag-latviesu-valoda","21":"tag-latviesuvaloda","22":"tag-latvija","23":"tag-lv","24":"tag-news","25":"tag-popularakas-zinas","26":"tag-popularakaszinas","27":"tag-top-stories","28":"tag-topstories","29":"tag-zinas"},"share_on_mastodon":{"url":"https:\/\/pubeurope.com\/@lv\/115801844778006906","error":""},"_links":{"self":[{"href":"https:\/\/www.europesays.com\/lv\/wp-json\/wp\/v2\/posts\/88291","targetHints":{"allow":["GET"]}}],"collection":[{"href":"https:\/\/www.europesays.com\/lv\/wp-json\/wp\/v2\/posts"}],"about":[{"href":"https:\/\/www.europesays.com\/lv\/wp-json\/wp\/v2\/types\/post"}],"author":[{"embeddable":true,"href":"https:\/\/www.europesays.com\/lv\/wp-json\/wp\/v2\/users\/2"}],"replies":[{"embeddable":true,"href":"https:\/\/www.europesays.com\/lv\/wp-json\/wp\/v2\/comments?post=88291"}],"version-history":[{"count":0,"href":"https:\/\/www.europesays.com\/lv\/wp-json\/wp\/v2\/posts\/88291\/revisions"}],"wp:featuredmedia":[{"embeddable":true,"href":"https:\/\/www.europesays.com\/lv\/wp-json\/wp\/v2\/media\/88292"}],"wp:attachment":[{"href":"https:\/\/www.europesays.com\/lv\/wp-json\/wp\/v2\/media?parent=88291"}],"wp:term":[{"taxonomy":"category","embeddable":true,"href":"https:\/\/www.europesays.com\/lv\/wp-json\/wp\/v2\/categories?post=88291"},{"taxonomy":"post_tag","embeddable":true,"href":"https:\/\/www.europesays.com\/lv\/wp-json\/wp\/v2\/tags?post=88291"}],"curies":[{"name":"wp","href":"https:\/\/api.w.org\/{rel}","templated":true}]}}