{"id":88303,"date":"2025-12-29T08:16:08","date_gmt":"2025-12-29T08:16:08","guid":{"rendered":"https:\/\/www.europesays.com\/lv\/88303\/"},"modified":"2025-12-29T08:16:08","modified_gmt":"2025-12-29T08:16:08","slug":"latvijas-nacionalo-vestures-muzeju-vadis-kikuts","status":"publish","type":"post","link":"https:\/\/www.europesays.com\/lv\/88303\/","title":{"rendered":"Latvijas Nacion\u0101lo v\u0113stures muzeju vad\u012bs \u0136ikuts"},"content":{"rendered":"<p>KM valsts sekret\u0101re un konkursa komisijas vad\u012bt\u0101ja Dace Vilsone nor\u0101da, ka \u0136ikutam ir sp\u0113c\u012bga profesion\u0101l\u0101 autorit\u0101te, skaidrs redz\u0113jums par LNVM lomu un att\u012bst\u012bbas iesp\u0113j\u0101m un nep\u0101rtraukt\u012bbu. Konkursa komisijas ieskat\u0101 vi\u0146\u0161 jau l\u012bdz \u0161im ir paveicis daudz, lai stiprin\u0101tu muzeja t\u0113lu, papla\u0161in\u0101tu auditoriju, \u012bstenotu strat\u0113\u0123iski un finansi\u0101li sare\u017e\u0123\u012btus projektus.<\/p>\n<p>\u0136ikuts LNVM direktora amata pien\u0101kumu uz\u0146em\u0161anos saredz k\u0101 iesp\u0113ju turpin\u0101t muzeja att\u012bst\u012bbas ce\u013cu, lai veidotu sp\u0113c\u012bgu un atpaz\u012bstamu muzeju. Vi\u0146apr\u0101t, sabiedr\u012bbai redzam\u0101kais muzeja veikums n\u0101kamajos piecos gados b\u016bs R\u012bgas pils atjaunotaj\u0101 da\u013c\u0101 ier\u012bkot\u0101s ekspoz\u012bcijas un ar t\u0101m saist\u012btais pied\u0101v\u0101jums, k\u0101 ar\u012b Dauderu pamatekspoz\u012bcijas pabeig\u0161ana.<\/p>\n<p>Jaunais muzeja vad\u012bt\u0101js akcent\u0113, ka paral\u0113li tam sadarb\u012bb\u0101 ar cit\u0101m iesaist\u012btaj\u0101m instit\u016bcij\u0101m j\u0101rod risin\u0101jums main\u012bgo izst\u0101\u017eu z\u0101les izveidei pil\u012b, k\u0101 ar\u012b j\u0101iez\u012bm\u0113 termi\u0146i v\u0113l nerestaur\u0113t\u0101s pils kastelas da\u013cas atjauno\u0161anas darbiem.<\/p>\n<p>Muzej\u0101 \u0136ikuts str\u0101d\u0101 kop\u0161 2008. gada, savuk\u0101rt kop\u0161 2020. gada vi\u0146\u0161 pild\u012bja LNVM direktora vietnieka zin\u0101tniskaj\u0101 darb\u0101 pien\u0101kumus.<\/p>\n<p>\u0136ikuts ir Latvijas muzeju kopprojekta &#8220;Latvijas gadsimts&#8221; koncepcijas un satura izstr\u0101des darba grupas vad\u012bt\u0101js, patlaban koordin\u0113 atjaunotaj\u0101 R\u012bgas pils kastelas da\u013c\u0101 notieko\u0161o LNVM ekspoz\u012bciju izb\u016bvi un vad\u012bjis muzeja ekspoz\u012bcijas &#8220;Straum\u0113jot laiku&#8221; koncepcijas un satura izstr\u0101di. Latvijas Universit\u0101t\u0113 vi\u0146\u0161 ir ieguvis v\u0113stures zin\u0101t\u0146u doktora gr\u0101du.<\/p>\n<p>Jau rakst\u012bts, ka KM izsludin\u0101ja konkursu, jo l\u012bdz\u0161in\u0113jais muzeja direktors Arnis Radi\u0146\u0161 bija v\u0113rsies ministrij\u0101 ar iesniegumu, pau\u017eot v\u0113lmi atst\u0101t amatu.<\/p>\n","protected":false},"excerpt":{"rendered":"KM valsts sekret\u0101re un konkursa komisijas vad\u012bt\u0101ja Dace Vilsone nor\u0101da, ka \u0136ikutam ir sp\u0113c\u012bga profesion\u0101l\u0101 autorit\u0101te, skaidrs redz\u0113jums&hellip;\n","protected":false},"author":2,"featured_media":88304,"comment_status":"","ping_status":"","sticky":false,"template":"","format":"standard","meta":{"footnotes":""},"categories":[5],"tags":[23,28,29,32,33,22,1813,30,31,35,39,38,36,37,34,40,20,26,27,24,25,21],"class_list":{"0":"post-88303","1":"post","2":"type-post","3":"status-publish","4":"format-standard","5":"has-post-thumbnail","7":"category-aktualitates","8":"tag-aktualitates","9":"tag-breaking-news","10":"tag-breakingnews","11":"tag-featured-news","12":"tag-featurednews","13":"tag-headlines","14":"tag-kulturas-ministrija","15":"tag-latest-news","16":"tag-latestnews","17":"tag-latvia","18":"tag-latvian","19":"tag-latviesu","20":"tag-latviesu-valoda","21":"tag-latviesuvaloda","22":"tag-latvija","23":"tag-lv","24":"tag-news","25":"tag-popularakas-zinas","26":"tag-popularakaszinas","27":"tag-top-stories","28":"tag-topstories","29":"tag-zinas"},"share_on_mastodon":{"url":"https:\/\/pubeurope.com\/@lv\/115801868409408590","error":""},"_links":{"self":[{"href":"https:\/\/www.europesays.com\/lv\/wp-json\/wp\/v2\/posts\/88303","targetHints":{"allow":["GET"]}}],"collection":[{"href":"https:\/\/www.europesays.com\/lv\/wp-json\/wp\/v2\/posts"}],"about":[{"href":"https:\/\/www.europesays.com\/lv\/wp-json\/wp\/v2\/types\/post"}],"author":[{"embeddable":true,"href":"https:\/\/www.europesays.com\/lv\/wp-json\/wp\/v2\/users\/2"}],"replies":[{"embeddable":true,"href":"https:\/\/www.europesays.com\/lv\/wp-json\/wp\/v2\/comments?post=88303"}],"version-history":[{"count":0,"href":"https:\/\/www.europesays.com\/lv\/wp-json\/wp\/v2\/posts\/88303\/revisions"}],"wp:featuredmedia":[{"embeddable":true,"href":"https:\/\/www.europesays.com\/lv\/wp-json\/wp\/v2\/media\/88304"}],"wp:attachment":[{"href":"https:\/\/www.europesays.com\/lv\/wp-json\/wp\/v2\/media?parent=88303"}],"wp:term":[{"taxonomy":"category","embeddable":true,"href":"https:\/\/www.europesays.com\/lv\/wp-json\/wp\/v2\/categories?post=88303"},{"taxonomy":"post_tag","embeddable":true,"href":"https:\/\/www.europesays.com\/lv\/wp-json\/wp\/v2\/tags?post=88303"}],"curies":[{"name":"wp","href":"https:\/\/api.w.org\/{rel}","templated":true}]}}