{"id":8833,"date":"2025-09-30T13:04:07","date_gmt":"2025-09-30T13:04:07","guid":{"rendered":"https:\/\/www.europesays.com\/lv\/8833\/"},"modified":"2025-09-30T13:04:07","modified_gmt":"2025-09-30T13:04:07","slug":"ieguldijumi-nakotne-un-regiona-drosiba-lente-lv","status":"publish","type":"post","link":"https:\/\/www.europesays.com\/lv\/8833\/","title":{"rendered":"Ieguld\u012bjumi n\u0101kotn\u0113 un re\u0123iona dro\u0161\u012bb\u0101\u00a0\u2014\u00a0Lente.lv"},"content":{"rendered":"<p>Latvija un V\u0101cija: Tuv\u0101kas ekonomisk\u0101s sadarb\u012bbas ce\u013c\u0161<\/p>\n<p>Latvijas Ministru prezidente Evika Sili\u0146a ir paudusi stingru ap\u0146em\u0161anos padzi\u013cin\u0101t ekonomisk\u0101s saites ar V\u0101ciju, \u012bpa\u0161i uzsverot potenci\u0101lu Zieme\u013cv\u0101cijas re\u0123ion\u0101. \u0160is v\u0113st\u012bjums izskan\u0113ja Rostok\u0101, V\u0101cij\u0101, notiku\u0161aj\u0101 V\u0101cijas Biznesa forum\u0101, kur\u0101 pulc\u0113j\u0101s vair\u0101k nek\u0101 170 Latvijas uz\u0146\u0113mumu un instit\u016bciju p\u0101rst\u0101vji, veidojot l\u012bdz \u0161im liel\u0101ko Latvijas biznesa deleg\u0101ciju \u0101rvalst\u012bs. \u0160\u012b v\u0113rien\u012bg\u0101 tik\u0161an\u0101s reize ir apliecin\u0101jums abu valstu dinamiskaj\u0101m un arvien augo\u0161aj\u0101m attiec\u012bb\u0101m, kuras balst\u0101s uz kop\u012bgu v\u0113sturi, \u0123eogr\u0101fisko tuvumu un vienot\u0101m v\u0113rt\u012bb\u0101m.<\/p>\n<p>Strat\u0113\u0123iska partner\u012bba un kop\u012bgi m\u0113r\u0137i<\/p>\n<p>Latvijas un V\u0101cijas attiec\u012bbas ir cie\u0161as un draudz\u012bgas, ar V\u0101ciju bie\u017ei d\u0113v\u0113jot par strat\u0113\u0123isku partneri un sabiedroto Eirop\u0101. Premjere Sili\u0146a uzsv\u0113ra, ka galvenais m\u0113r\u0137is ir pan\u0101kt konkr\u0113tus, taust\u0101mus rezult\u0101tus gan Latvijas, gan V\u0101cijas iedz\u012bvot\u0101jiem. Tas ietver jaunu invest\u012bciju piesaisti, augstas pievienot\u0101s v\u0113rt\u012bbas eksporta papla\u0161in\u0101\u0161anu un biznesa t\u012bklu stiprin\u0101\u0161anu. Latvija sevi pozicion\u0113 k\u0101 uzticamu partneri, pied\u0101v\u0101jot stabilu ener\u0123\u0113tisko vidi, konkur\u0113tsp\u0113j\u012bgu nodok\u013cu sist\u0113mu, modernus digit\u0101los pakalpojumus un att\u012bst\u012btu milit\u0101ro industriju. \u0160ie faktori padara Latviju par pievilc\u012bgu galam\u0113r\u0137i invest\u012bcij\u0101m, \u012bpa\u0161i \u0146emot v\u0113r\u0101 valsts augsto invest\u012bciju atdevi un pieejamo &#8220;za\u013co koridoru&#8221; lielajiem projektiem.<\/p>\n<p>Nozares, kur\u0101s sadarb\u012bba zied<\/p>\n<p>Potenci\u0101ls cie\u0161\u0101kai sadarb\u012bbai ir saskat\u0101ms vair\u0101k\u0101s kritisk\u0101s nozar\u0113s. Digitaliz\u0101cija ir viena no t\u0101m jom\u0101m, kur Latvija var pied\u0101v\u0101t konkur\u0113tsp\u0113j\u012bgus risin\u0101jumus, \u0146emot v\u0113r\u0101, ka 91% Latvijas valsts un pa\u0161vald\u012bbu pakalpojumu ir pieejami digit\u0101li, kam\u0113r V\u0101cij\u0101 \u0161is r\u0101d\u012bt\u0101js ir krietni zem\u0101ks. T\u0101pat pla\u0161as iesp\u0113jas paveras &#8220;za\u013c\u0101s&#8221; ener\u0123\u0113tikas un \u016bde\u0146ra\u017ea tehnolo\u0123iju jom\u0101, iek\u013caujot ar\u012b projektus k\u0101 Rail Baltica un ostu infrastrukt\u016bras att\u012bst\u012bbu. Latvijas unik\u0101l\u0101 pieredze koka karkasa b\u016bvniec\u012bb\u0101 ir v\u0113l viens sektors, kur\u0101 Latvija sp\u0113j pied\u0101v\u0101t starptautiski konkur\u0113tsp\u0113j\u012bgus risin\u0101jumus.<\/p>\n<p>\u012apa\u0161i noz\u012bm\u012bga ir sadarb\u012bba aizsardz\u012bbas industrij\u0101. Gan V\u0101cijas liel\u0101kais aizsardz\u012bbas uz\u0146\u0113mums &#8220;Rheinmetall&#8221; vieno\u0161an\u0101s par mun\u012bcijas ra\u017eotnes att\u012bst\u012b\u0161anu Latvij\u0101, gan citi V\u0101cijas aizsardz\u012bbas nozares uz\u0146\u0113mumi izr\u0101da interesi par sadarb\u012bbas iesp\u0113j\u0101m un ra\u017eot\u0146u izveidi Latvij\u0101. \u0160\u012b sadarb\u012bba stiprina re\u0123iona dro\u0161\u012bbu un veicina augstas pievienot\u0101s v\u0113rt\u012bbas eksportu.<\/p>\n<p>Invest\u012bciju un eksporta dinamika<\/p>\n<p>V\u0101cija ir viens no Latvijas galvenajiem ekonomiskajiem partneriem. T\u0101 ir otrs liel\u0101kais Latvijas tirdzniec\u012bbas partneris un ceturtais liel\u0101kais \u0101rvalstu investors. 2024. gad\u0101 V\u0101cijas invest\u012bcijas Latvij\u0101 sasniedza 1,54 miljardus eiro, savuk\u0101rt Latvijas eksports uz V\u0101ciju \u2013 2 miljardus eiro. Interese no V\u0101cijas investoru puses ir strauji pieaugusi, da\u013c\u0113ji pateicoties Latvijas digit\u0101laj\u0101m iesp\u0113j\u0101m, koka b\u016bvniec\u012bbas ekspert\u012bzei un ener\u0123\u0113tikas risin\u0101jumiem. Latvijas ostu strat\u0113\u0123isk\u0101 atra\u0161an\u0101s vieta ar\u012b padara t\u0101s par noz\u012bm\u012bgu punktu Baltijas j\u016bras v\u0113ja fermu att\u012bst\u012bb\u0101.<\/p>\n<p>P\u0113d\u0113jo gadu laik\u0101 notiku\u0161as vair\u0101kas noz\u012bm\u012bgas tik\u0161an\u0101s un parakst\u012bti l\u012bgumi, kas apliecina \u0161\u012bs partner\u012bbas sp\u0113ku. Piem\u0113ram, V\u0101cijas aviokomp\u0101nijas &#8220;Lufthansa&#8221; dar\u012bjums gada s\u0101kum\u0101 un vieno\u0161an\u0101s ar &#8220;Rheinmetall&#8221; apstiprina Latvijas k\u0101 dro\u0161as un perspekt\u012bvas invest\u012bciju vietas t\u0113lu. T\u0101pat notiek intens\u012bvas sarunas par sadarb\u012bbu inov\u0101ciju, inform\u0101cijas un komunik\u0101cijas tehnolo\u0123iju (IKT), k\u0101 ar\u012b m\u0101ksl\u012bg\u0101 intelekta (MI) jom\u0101s.<\/p>\n<p>N\u0101kotnes v\u012bzija un kop\u012bgi pas\u0101kumi<\/p>\n<p>Lai v\u0113l vair\u0101k stiprin\u0101tu ekonomiskos un zin\u0101tniskos sai\u0146us, Latvija un V\u0101cijas pavalsts M\u0113kleneburga-Priek\u0161pomer\u0101nija kop\u012bgi organiz\u0113s starptautisko digit\u0101lo konferenci NORD 2026. \u0160is pas\u0101kums sniegs platformu v\u0113l cie\u0161\u0101kai sadarb\u012bbai ne tikai ekonomik\u0101, bet ar\u012b zin\u0101tn\u0113 un cit\u0101s jom\u0101s. T\u0101pat tiek pl\u0101nots stiprin\u0101t v\u0101cu valodas apguvi Latvijas skol\u0101s cie\u0161\u0101 sadarb\u012bb\u0101 ar V\u0101cijas v\u0113stniec\u012bbu, kas tiek uzskat\u012bts par noz\u012bm\u012bgu ieguld\u012bjumu abu valstu turpm\u0101kaj\u0101 sadarb\u012bb\u0101.<\/p>\n<p>Latvijas un V\u0101cijas Biznesa forums Rostok\u0101, kas norisin\u0101j\u0101s 2025. gada 26. septembr\u012b, bija noz\u012bm\u012bgs solis \u0161o attiec\u012bbu att\u012bst\u012bb\u0101. Taj\u0101 tika demonstr\u0113ti kop\u012bgi projekti ener\u0123\u0113tikas un digitaliz\u0101cijas nozar\u0113s, k\u0101 ar\u012b nosl\u0113gts v\u0113sturisks memorands ar &#8220;Rheinmetall&#8221; par ra\u017eotnes izveidi Latvij\u0101. \u0160ie pas\u0101kumi un vieno\u0161an\u0101s liecina par kop\u012bgu v\u0113lmi veicin\u0101t re\u0123iona notur\u012bbu un att\u012bst\u012bbu, invest\u0113jot ener\u0123\u0113tik\u0101, digitaliz\u0101cij\u0101 un inov\u0101cij\u0101s.<\/p>\n","protected":false},"excerpt":{"rendered":"Latvija un V\u0101cija: Tuv\u0101kas ekonomisk\u0101s sadarb\u012bbas ce\u013c\u0161 Latvijas Ministru prezidente Evika Sili\u0146a ir paudusi stingru ap\u0146em\u0161anos padzi\u013cin\u0101t ekonomisk\u0101s&hellip;\n","protected":false},"author":2,"featured_media":8834,"comment_status":"","ping_status":"","sticky":false,"template":"","format":"standard","meta":{"footnotes":""},"categories":[5],"tags":[23,28,29,3520,32,33,22,790,30,31,35,39,38,36,37,34,40,20,26,27,24,25,299,3521,21],"class_list":{"0":"post-8833","1":"post","2":"type-post","3":"status-publish","4":"format-standard","5":"has-post-thumbnail","7":"category-aktualitates","8":"tag-aktualitates","9":"tag-breaking-news","10":"tag-breakingnews","11":"tag-ekonomiska-sadarbiba","12":"tag-featured-news","13":"tag-featurednews","14":"tag-headlines","15":"tag-investicijas","16":"tag-latest-news","17":"tag-latestnews","18":"tag-latvia","19":"tag-latvian","20":"tag-latviesu","21":"tag-latviesu-valoda","22":"tag-latviesuvaloda","23":"tag-latvija","24":"tag-lv","25":"tag-news","26":"tag-popularakas-zinas","27":"tag-popularakaszinas","28":"tag-top-stories","29":"tag-topstories","30":"tag-vacija","31":"tag-ziemelvacijas-regions","32":"tag-zinas"},"share_on_mastodon":{"url":"","error":""},"_links":{"self":[{"href":"https:\/\/www.europesays.com\/lv\/wp-json\/wp\/v2\/posts\/8833","targetHints":{"allow":["GET"]}}],"collection":[{"href":"https:\/\/www.europesays.com\/lv\/wp-json\/wp\/v2\/posts"}],"about":[{"href":"https:\/\/www.europesays.com\/lv\/wp-json\/wp\/v2\/types\/post"}],"author":[{"embeddable":true,"href":"https:\/\/www.europesays.com\/lv\/wp-json\/wp\/v2\/users\/2"}],"replies":[{"embeddable":true,"href":"https:\/\/www.europesays.com\/lv\/wp-json\/wp\/v2\/comments?post=8833"}],"version-history":[{"count":0,"href":"https:\/\/www.europesays.com\/lv\/wp-json\/wp\/v2\/posts\/8833\/revisions"}],"wp:featuredmedia":[{"embeddable":true,"href":"https:\/\/www.europesays.com\/lv\/wp-json\/wp\/v2\/media\/8834"}],"wp:attachment":[{"href":"https:\/\/www.europesays.com\/lv\/wp-json\/wp\/v2\/media?parent=8833"}],"wp:term":[{"taxonomy":"category","embeddable":true,"href":"https:\/\/www.europesays.com\/lv\/wp-json\/wp\/v2\/categories?post=8833"},{"taxonomy":"post_tag","embeddable":true,"href":"https:\/\/www.europesays.com\/lv\/wp-json\/wp\/v2\/tags?post=8833"}],"curies":[{"name":"wp","href":"https:\/\/api.w.org\/{rel}","templated":true}]}}