{"id":88335,"date":"2025-12-29T08:33:08","date_gmt":"2025-12-29T08:33:08","guid":{"rendered":"https:\/\/www.europesays.com\/lv\/88335\/"},"modified":"2025-12-29T08:33:08","modified_gmt":"2025-12-29T08:33:08","slug":"vai-silinas-valdiba-latvija-samazinajusi-nevienlidzibu","status":"publish","type":"post","link":"https:\/\/www.europesays.com\/lv\/88335\/","title":{"rendered":"Vai Sili\u0146as vald\u012bba Latvij\u0101 samazin\u0101jusi nevienl\u012bdz\u012bbu?"},"content":{"rendered":"<p>Latvijas premjera <a target=\"_blank\" rel=\"noopener noreferrer nofollow\" href=\"https:\/\/likumi.lv\/ta\/id\/202273-valsts-un-pasvaldibu-instituciju-amatpersonu-un-darbinieku-atlidzibas-likums\">alga<\/a> \u0161ogad ir 8659 eiro m\u0113nes\u012b pirms nodok\u013ciem, un t\u0101 nav liel\u0101k\u0101 ES un pat Baltijas valstu <a target=\"_blank\" rel=\"noopener noreferrer nofollow\" href=\"https:\/\/www.lsm.lv\/raksts\/kas-notiek-latvija\/raksti\/21.07.2025-ka-iesaldes-politiku-algas-lietuva-un-igaunija-videja-alga-par-283-un-174-lielaka-ministru-atalgojums-lidzvertigs.a607311\/\">premjeru vid\u016b<\/a>. Ta\u010du saruna un \u017eurn\u0101lista jaut\u0101jums bija par Latvijas sabiedr\u012bbu, un \u0161aj\u0101 zi\u0146\u0101 Sili\u0146ai nav taisn\u012bba. Proti, vi\u0146a nav \u201cpa vidu\u201d.<\/p>\n<p>Vid\u0113j\u0101 alga Latvij\u0101 \u0161\u0101 gada <a target=\"_blank\" rel=\"noopener noreferrer nofollow\" href=\"https:\/\/stat.gov.lv\/lv\/statistikas-temas\/darbs\/alga\/preses-relizes\/24716-darba-samaksas-parmainas-2025-gada-3-ceturksni\">tre\u0161aj\u0101 ceturksn\u012b<\/a> bija 1835 eiro m\u0113nes\u012b, kas ir 4,7 reizes maz\u0101ka nek\u0101 premjeres alga.<\/p>\n<p>Valsts amatpersonas deklar\u0101cija liecina, ka pag\u0101ju\u0161aj\u0101 gad\u0101 Sili\u0146as ien\u0101kumi bija 128 t\u016bksto\u0161i eiro (no tiem nepilni 126 943 eiro atalgojums Valsts kancelej\u0101) jeb vid\u0113ji 10,6 t\u016bksto\u0161i eiro m\u0113nes\u012b pirms nodok\u013cu nomaksas. Publiski zin\u0101ms, ka premjeres v\u012brs Aigars Sili\u0146\u0161 ir zv\u0113rin\u0101ts advok\u0101ts, vi\u0146iem ir tr\u012bs b\u0113rni. Pat ja Sili\u0146a b\u016btu vien\u012bg\u0101 peln\u012bt\u0101ja \u0123imen\u0113, premjeres ien\u0101kumi ar\u012b p\u0113c nodok\u013cu nomaksas vi\u0146as m\u0101jsaimniec\u012bbu ierindo tur\u012bg\u0101kaj\u0101 piektda\u013c\u0101 jeb piektaj\u0101 ien\u0101kumu kvintil\u0113, ja r\u0113\u0137ina ien\u0101kumus <a target=\"_blank\" rel=\"noopener noreferrer nofollow\" href=\"https:\/\/data.stat.gov.lv\/pxweb\/lv\/OSP_PUB\/START__POP__MI__MIS\/MIS060\/table\/tableViewLayout1\/\">vid\u0113ji uz vienu m\u0101jsaimniec\u012bbu<\/a>.<\/p>\n<p>M\u0101jsaimniec\u012bbu r\u012bc\u012bb\u0101 eso\u0161ie ien\u0101kumi vid\u0113ji uz vienu m\u0101jsaimniec\u012bbu (eiro m\u0113nes\u012b)<\/p>\n<p><img decoding=\"async\" class=\"figure__image\" onclick=\"triggerEvent('articleImageClick', { id: 17363250, focus: 'single-image', focusIndex: '17363250' })\" onkeydown=\"if (event.key === 'Enter') {&#10;        triggerEvent('articleImageClick', { id: 17363250, focus: 'single-image', focusIndex: '17363250' })&#10;        }\" role=\"button\" tabindex=\"0\" data-focus-from=\"single-image\" data-focus-index=\"17363250\" src=\"https:\/\/www.europesays.com\/lv\/wp-content\/uploads\/2025\/12\/17363250t1h8f98.png\"  onload=\"this.parentElement.classList.remove('figure__image-loading')\" alt=\"\"\/> Foto: CSP<\/p>\n<p>Premjeres padomniece Anna \u016adre uz l\u016bgumu skaidrot Sili\u0146as izteikumu par b\u016b\u0161anu \u201cpa vidu\u201d s\u0101kotn\u0113ji neatbild\u0113ja, bet p\u0113c atk\u0101rtota l\u016bguma nor\u0101d\u012bja, ka \u201cministru prezidente intervij\u0101 ir paudusi savu viedokli\u201d.<\/p>\n","protected":false},"excerpt":{"rendered":"Latvijas premjera alga \u0161ogad ir 8659 eiro m\u0113nes\u012b pirms nodok\u013ciem, un t\u0101 nav liel\u0101k\u0101 ES un pat Baltijas&hellip;\n","protected":false},"author":2,"featured_media":88336,"comment_status":"","ping_status":"","sticky":false,"template":"","format":"standard","meta":{"footnotes":""},"categories":[12],"tags":[23,28,29,1249,32,33,22,30,31,35,39,38,36,37,34,40,20,26,27,3827,24,25,21],"class_list":{"0":"post-88335","1":"post","2":"type-post","3":"status-publish","4":"format-standard","5":"has-post-thumbnail","7":"category-latvija","8":"tag-aktualitates","9":"tag-breaking-news","10":"tag-breakingnews","11":"tag-evika-silina","12":"tag-featured-news","13":"tag-featurednews","14":"tag-headlines","15":"tag-latest-news","16":"tag-latestnews","17":"tag-latvia","18":"tag-latvian","19":"tag-latviesu","20":"tag-latviesu-valoda","21":"tag-latviesuvaloda","22":"tag-latvija","23":"tag-lv","24":"tag-news","25":"tag-popularakas-zinas","26":"tag-popularakaszinas","27":"tag-recheck","28":"tag-top-stories","29":"tag-topstories","30":"tag-zinas"},"share_on_mastodon":{"url":"https:\/\/pubeurope.com\/@lv\/115801935276274007","error":""},"_links":{"self":[{"href":"https:\/\/www.europesays.com\/lv\/wp-json\/wp\/v2\/posts\/88335","targetHints":{"allow":["GET"]}}],"collection":[{"href":"https:\/\/www.europesays.com\/lv\/wp-json\/wp\/v2\/posts"}],"about":[{"href":"https:\/\/www.europesays.com\/lv\/wp-json\/wp\/v2\/types\/post"}],"author":[{"embeddable":true,"href":"https:\/\/www.europesays.com\/lv\/wp-json\/wp\/v2\/users\/2"}],"replies":[{"embeddable":true,"href":"https:\/\/www.europesays.com\/lv\/wp-json\/wp\/v2\/comments?post=88335"}],"version-history":[{"count":0,"href":"https:\/\/www.europesays.com\/lv\/wp-json\/wp\/v2\/posts\/88335\/revisions"}],"wp:featuredmedia":[{"embeddable":true,"href":"https:\/\/www.europesays.com\/lv\/wp-json\/wp\/v2\/media\/88336"}],"wp:attachment":[{"href":"https:\/\/www.europesays.com\/lv\/wp-json\/wp\/v2\/media?parent=88335"}],"wp:term":[{"taxonomy":"category","embeddable":true,"href":"https:\/\/www.europesays.com\/lv\/wp-json\/wp\/v2\/categories?post=88335"},{"taxonomy":"post_tag","embeddable":true,"href":"https:\/\/www.europesays.com\/lv\/wp-json\/wp\/v2\/tags?post=88335"}],"curies":[{"name":"wp","href":"https:\/\/api.w.org\/{rel}","templated":true}]}}